{"id":67352,"date":"2026-09-04T16:56:36","date_gmt":"2026-09-04T16:56:36","guid":{"rendered":"https:\/\/acronoticias.com\/index.php\/2026\/09\/04\/kseniia-petrina-representa-a-rd-como-unica-mujer-ponente-en-la-xxvi-cumbre-latinoamericana\/"},"modified":"2026-09-04T16:56:36","modified_gmt":"2026-09-04T16:56:36","slug":"kseniia-petrina-representa-a-rd-como-unica-mujer-ponente-en-la-xxvi-cumbre-latinoamericana","status":"publish","type":"post","link":"https:\/\/acronoticias.com\/index.php\/2026\/09\/04\/kseniia-petrina-representa-a-rd-como-unica-mujer-ponente-en-la-xxvi-cumbre-latinoamericana\/","title":{"rendered":"Kseniia Petrina representa a RD como \u00fanica mujer ponente en la XXVI Cumbre Latinoamericana"},"content":{"rendered":"<p><img loading=\"lazy\" decoding=\"async\" width=\"355\" height=\"200\" src=\"https:\/\/nuevodiario-assets.s3.us-east-2.amazonaws.com\/wp-content\/uploads\/2026\/09\/Kseniia-Petrina-representa-a-RD-como-unica-mujer-ponente-en-la-XXVI-Cumbre-Latinoamericana-1-355x200.jpeg\" class=\"webfeedsFeaturedVisual wp-post-image\" alt=\"\" style=\"display: block;margin-bottom: 5px;clear:both;max-width: 100%\" \/><\/p>\n<p>EL NUEVO DIARIO, NUEVA YORK.- La XXVI Cumbre Latinoamericana reuni\u00f3 en el mes de agosto a destacadas personalidades, l\u00edderes y profesionales de diferentes pa\u00edses en el Scandinavia House Center de Manhattan. Entre los participantes estuvo Kseniia Petrina, presidenta de la Asociaci\u00f3n de Marketing Digital e Innovaci\u00f3n de Rep\u00fablica Dominicana (AMID), quien represent\u00f3 al pa\u00eds como ponente y fue la \u00fanica mujer incluida en el programa de conferencias del encuentro.<\/p>\n<p>La Cumbre cont\u00f3 con la participaci\u00f3n de figuras como el estratega pol\u00edtico Antonio Sola, responsable de la conferencia de apertura; el diputado federal mexicano Mario Zamora; Larry Rubin, presidente de The American Society of Mexico; y Julio Ligorria, asesor de jefes de Estado y empresas multinacionales. En este importante escenario internacional, Petrina aport\u00f3 una visi\u00f3n enfocada en el marketing pol\u00edtico, la comunicaci\u00f3n estrat\u00e9gica y la construcci\u00f3n de audiencias propias.<\/p>\n<p>Como CEO de Holy Marketing, agencia que desarrolla m\u00e1s de 8,000 colaboraciones anuales con creadores de contenido en Estados Unidos, M\u00e9xico, Brasil, Colombia y Rep\u00fablica Dominicana, Petrina present\u00f3 la conferencia \u201cDe 0 a influencer\u201d, inspirada en su libro The Creator Factory. Durante su exposici\u00f3n explic\u00f3 c\u00f3mo las marcas, instituciones y proyectos pol\u00edticos pueden dejar de depender de audiencias prestadas para comenzar a formar sus propios voceros y canales de comunicaci\u00f3n.<\/p>\n<p>\u00abMi mensaje fue claro: la credibilidad ya no se compra, se construye. Esto aplica de la misma manera para un candidato, una instituci\u00f3n o una marca\u00bb, explic\u00f3 Petrina, quien realiz\u00f3 su intervenci\u00f3n \u00edntegramente en espa\u00f1ol, seg\u00fan se\u00f1ala una nota de prensa.<\/p>\n<p>Sobre su participaci\u00f3n como \u00fanica mujer ponente en el programa de la Cumbre, Petrina expres\u00f3: \u201cSer la \u00fanica mujer en ese escenario es un honor y, al mismo tiempo, un recordatorio de cu\u00e1nto espacio queda por abrir. Espero que el pr\u00f3ximo a\u00f1o seamos muchas m\u00e1s\u201d.<\/p>\n<p>Durante su intervenci\u00f3n, la empresaria tambi\u00e9n destac\u00f3 la necesidad de comprender la diversidad de Am\u00e9rica Latina al momento de dise\u00f1ar campa\u00f1as y estrategias de comunicaci\u00f3n. \u201cSon m\u00e1s de 20 mercados distintos que exigen localizaci\u00f3n, no solamente traducci\u00f3n. La Rep\u00fablica Dominicana merece estar presente en esa conversaci\u00f3n con voz propia\u201d, manifest\u00f3.<\/p>\n<p>Petrina es autora de The Creator Factory: How Brands Stop Renting Audiences and Start Owning Distribution* y columnista de Campaign US y The AI Journal. Su participaci\u00f3n en la XXVI Cumbre Latinoamericana fortalece la presencia de Rep\u00fablica Dominicana en escenarios internacionales dedicados al liderazgo, la innovaci\u00f3n y la comunicaci\u00f3n estrat\u00e9gica.<\/p>\n<p>La entrada <a href=\"https:\/\/elnuevodiario.com.do\/kseniia-petrina-representa-a-rd-como-unica-mujer-ponente-en-la-xxvi-cumbre-latinoamericana\/\">Kseniia Petrina representa a RD como \u00fanica mujer ponente en la XXVI Cumbre Latinoamericana<\/a> se public\u00f3 primero en <a href=\"https:\/\/elnuevodiario.com.do\">El Nuevo Diario (Rep\u00fablica Dominicana)<\/a>.<\/p>\n","protected":false},"excerpt":{"rendered":"EL NUEVO DIARIO, NUEVA YORK.- La XXVI Cumbre Latinoamericana reuni\u00f3 en el&hellip;\n","protected":false},"author":1,"featured_media":67353,"comment_status":"open","ping_status":"open","sticky":false,"template":"","format":"standard","meta":{"footnotes":""},"categories":[1],"tags":[],"class_list":["post-67352","post","type-post","status-publish","format-standard","has-post-thumbnail","category-nacionales"],"_links":{"self":[{"href":"https:\/\/acronoticias.com\/index.php\/wp-json\/wp\/v2\/posts\/67352","targetHints":{"allow":["GET"]}}],"collection":[{"href":"https:\/\/acronoticias.com\/index.php\/wp-json\/wp\/v2\/posts"}],"about":[{"href":"https:\/\/acronoticias.com\/index.php\/wp-json\/wp\/v2\/types\/post"}],"author":[{"embeddable":true,"href":"https:\/\/acronoticias.com\/index.php\/wp-json\/wp\/v2\/users\/1"}],"replies":[{"embeddable":true,"href":"https:\/\/acronoticias.com\/index.php\/wp-json\/wp\/v2\/comments?post=67352"}],"version-history":[{"count":0,"href":"https:\/\/acronoticias.com\/index.php\/wp-json\/wp\/v2\/posts\/67352\/revisions"}],"wp:featuredmedia":[{"embeddable":true,"href":"https:\/\/acronoticias.com\/index.php\/wp-json\/wp\/v2\/media\/67353"}],"wp:attachment":[{"href":"https:\/\/acronoticias.com\/index.php\/wp-json\/wp\/v2\/media?parent=67352"}],"wp:term":[{"taxonomy":"category","embeddable":true,"href":"https:\/\/acronoticias.com\/index.php\/wp-json\/wp\/v2\/categories?post=67352"},{"taxonomy":"post_tag","embeddable":true,"href":"https:\/\/acronoticias.com\/index.php\/wp-json\/wp\/v2\/tags?post=67352"}],"curies":[{"name":"wp","href":"https:\/\/api.w.org\/{rel}","templated":true}]}}