{"id":67350,"date":"2026-09-04T16:40:39","date_gmt":"2026-09-04T16:40:39","guid":{"rendered":"https:\/\/acronoticias.com\/index.php\/2026\/09\/04\/minerd-participara-en-simulacro-nacional-de-evacuacion-por-terremoto-2026\/"},"modified":"2026-09-04T16:40:39","modified_gmt":"2026-09-04T16:40:39","slug":"minerd-participara-en-simulacro-nacional-de-evacuacion-por-terremoto-2026","status":"publish","type":"post","link":"https:\/\/acronoticias.com\/index.php\/2026\/09\/04\/minerd-participara-en-simulacro-nacional-de-evacuacion-por-terremoto-2026\/","title":{"rendered":"Minerd participar\u00e1 en Simulacro Nacional de Evacuaci\u00f3n por Terremoto 2026"},"content":{"rendered":"<p><img loading=\"lazy\" decoding=\"async\" width=\"355\" height=\"200\" src=\"https:\/\/nuevodiario-assets.s3.us-east-2.amazonaws.com\/wp-content\/uploads\/2026\/09\/Leonardo-Reyes-Madera-Eddy-Olivares-CArlos-Paulino-y-Edwin-Olivares-Foto-Direccion-de-comunicaciones-Presidencia-355x200.jpeg\" class=\"webfeedsFeaturedVisual wp-post-image\" alt=\"\" style=\"display: block;margin-bottom: 5px;clear:both;max-width: 100%\" \/><\/p>\n<p><span style=\"font-weight: 400\">EL NUEVO DIARIO, SANTO DOMINGO.\u2013 El Ministerio de Educaci\u00f3n (Minerd) inform\u00f3 que todos los centros educativos p\u00fablicos del pa\u00eds participar\u00e1n en el Simulacro Nacional de Evacuaci\u00f3n por Terremoto, convocado por el Centro de Operaciones de Emergencias (COE) para el martes 8 de septiembre de 2026, a las 10:00 de la ma\u00f1ana.<\/span><\/p>\n<p><span style=\"font-weight: 400\">De acuerdo a un comunicado, en la jornada tambi\u00e9n participar\u00e1n las 18 Regionales Educativas, los 122 Distritos Educativos y las instituciones descentralizadas del Minerd.<\/span><\/p>\n<p><span style=\"font-weight: 400\">El ejercicio tiene como objetivo evaluar y fortalecer la capacidad de respuesta de estudiantes, docentes, personal administrativo y dem\u00e1s integrantes de la comunidad educativa ante la ocurrencia de un terremoto u otra emergencia que requiera la evacuaci\u00f3n de los centros escolares.<\/span><\/p>\n<p><span style=\"font-weight: 400\">El Ministerio indic\u00f3 que el simulacro se realiza por instrucciones del presidente Luis Abinader, como parte de las acciones gubernamentales dirigidas a fortalecer la preparaci\u00f3n y respuesta ante fen\u00f3menos naturales.<\/span><\/p>\n<figure id=\"attachment_3265224\" aria-describedby=\"caption-attachment-3265224\" style=\"width: 400px\" class=\"wp-caption alignnone\"><img loading=\"lazy\" decoding=\"async\" data-recalc-dims=\"1\" class=\"size-medium wp-image-3265224\" src=\"https:\/\/i0.wp.com\/nuevodiario-assets.s3.us-east-2.amazonaws.com\/wp-content\/uploads\/2026\/09\/Ministro-administrativo-de-la-Presidencia-Andres-Bautista-junto-a-Edwin-Olivares-director-del-Centro-de-Operaciones-de-Emergencias-COE-Foto-Direccion-de-Comunicaciones-Presidencia-400x296.jpeg?resize=400%2C296&quality=100&ssl=1\" alt=\"\" width=\"400\" height=\"296\" \/><figcaption id=\"caption-attachment-3265224\" class=\"wp-caption-text\">Ministro administrativo de la Presidencia, Andr\u00e9s Bautista, junto a Edwin Olivares, director del Centro de Operaciones de Emergencias (COE) (Foto: Direcci\u00f3n de Comunicaciones Presidencia)<\/figcaption><\/figure>\n<p><span style=\"font-weight: 400\">La participaci\u00f3n del sistema educativo forma parte de las acciones del Minerd para promover la prevenci\u00f3n y gesti\u00f3n del riesgo en los centros escolares, mediante ejercicios que permitan evaluar los mecanismos de evacuaci\u00f3n e identificar aspectos que requieran mejoras.<\/span><\/p>\n<p><span style=\"font-weight: 400\">La jornada se suma a las evaluaciones y levantamientos que realiza el Ministerio sobre las condiciones de las infraestructuras escolares a nivel nacional, con el prop\u00f3sito de identificar posibles condiciones de vulnerabilidad y contribuir a mejorar la seguridad de los planteles.<\/span><\/p>\n<p><span style=\"font-weight: 400\">El Minerd exhort\u00f3 a la comunidad educativa a participar en el simulacro y seguir las orientaciones establecidas para el desarrollo de la jornada.<\/span><\/p>\n<p><span style=\"font-weight: 400\">Los detalles fueron ofrecidos durante una rueda de prensa realizada en el Palacio Nacional, encabezada por el ministro administrativo de la Presidencia, Andr\u00e9s Bautista, junto a Edwin Olivares, director del Centro de Operaciones de Emergencias (COE), y Carlos Paulino, director de la Defensa Civil.<\/span><\/p>\n<p>MMB\/<\/p>\n<p>\u00a0<\/p>\n<p>La entrada <a href=\"https:\/\/elnuevodiario.com.do\/minerd-participara-en-simulacro-nacional-de-evacuacion-por-terremoto-2026\/\">Minerd participar\u00e1 en Simulacro Nacional de Evacuaci\u00f3n por Terremoto 2026<\/a> se public\u00f3 primero en <a href=\"https:\/\/elnuevodiario.com.do\">El Nuevo Diario (Rep\u00fablica Dominicana)<\/a>.<\/p>\n","protected":false},"excerpt":{"rendered":"EL NUEVO DIARIO, SANTO DOMINGO.\u2013 El Ministerio de Educaci\u00f3n (Minerd) inform\u00f3 que&hellip;\n","protected":false},"author":1,"featured_media":67351,"comment_status":"open","ping_status":"open","sticky":false,"template":"","format":"standard","meta":{"footnotes":""},"categories":[1],"tags":[],"class_list":["post-67350","post","type-post","status-publish","format-standard","has-post-thumbnail","category-nacionales"],"_links":{"self":[{"href":"https:\/\/acronoticias.com\/index.php\/wp-json\/wp\/v2\/posts\/67350","targetHints":{"allow":["GET"]}}],"collection":[{"href":"https:\/\/acronoticias.com\/index.php\/wp-json\/wp\/v2\/posts"}],"about":[{"href":"https:\/\/acronoticias.com\/index.php\/wp-json\/wp\/v2\/types\/post"}],"author":[{"embeddable":true,"href":"https:\/\/acronoticias.com\/index.php\/wp-json\/wp\/v2\/users\/1"}],"replies":[{"embeddable":true,"href":"https:\/\/acronoticias.com\/index.php\/wp-json\/wp\/v2\/comments?post=67350"}],"version-history":[{"count":0,"href":"https:\/\/acronoticias.com\/index.php\/wp-json\/wp\/v2\/posts\/67350\/revisions"}],"wp:featuredmedia":[{"embeddable":true,"href":"https:\/\/acronoticias.com\/index.php\/wp-json\/wp\/v2\/media\/67351"}],"wp:attachment":[{"href":"https:\/\/acronoticias.com\/index.php\/wp-json\/wp\/v2\/media?parent=67350"}],"wp:term":[{"taxonomy":"category","embeddable":true,"href":"https:\/\/acronoticias.com\/index.php\/wp-json\/wp\/v2\/categories?post=67350"},{"taxonomy":"post_tag","embeddable":true,"href":"https:\/\/acronoticias.com\/index.php\/wp-json\/wp\/v2\/tags?post=67350"}],"curies":[{"name":"wp","href":"https:\/\/api.w.org\/{rel}","templated":true}]}}