{"id":67348,"date":"2026-09-04T16:38:06","date_gmt":"2026-09-04T16:38:06","guid":{"rendered":"https:\/\/acronoticias.com\/index.php\/2026\/09\/04\/fifa-y-fedofutbol-realizan-microciclo-con-55-jovenes-futbolistas\/"},"modified":"2026-09-04T16:38:06","modified_gmt":"2026-09-04T16:38:06","slug":"fifa-y-fedofutbol-realizan-microciclo-con-55-jovenes-futbolistas","status":"publish","type":"post","link":"https:\/\/acronoticias.com\/index.php\/2026\/09\/04\/fifa-y-fedofutbol-realizan-microciclo-con-55-jovenes-futbolistas\/","title":{"rendered":"FIFA y Fedof\u00fatbol realizan microciclo con 55 j\u00f3venes futbolistas"},"content":{"rendered":"<p><img decoding=\"async\" width=\"355\" height=\"200\" src=\"https:\/\/nuevodiario-assets.s3.us-east-2.amazonaws.com\/wp-content\/uploads\/2026\/09\/FIFA-y-Fedofutbol-realizan-microciclo-con-55-jovenes-futbolistas-Foto-Fedofutbol-2-355x200.jpeg\" class=\"webfeedsFeaturedVisual wp-post-image\" alt=\"\" style=\"display: block;margin-bottom: 5px;clear:both;max-width: 100%\" loading=\"lazy\" \/><\/p>\n<p>EL NUEVO DIARIO, SANTO DOMINGO.\u2013<span style=\"font-weight: 400\"> Un total de 55 j\u00f3venes futbolistas de los Centros Regionales de las zonas Norte y Metropolitana participaron en un nuevo microciclo de entrenamiento del Programa de Desarrollo del Talento Femenino (Women\u2019s Talent Development Program), impulsado por la FIFA y la Oficina Coordinadora de las Selecciones Nacionales Femeninas de la Federaci\u00f3n Dominicana de F\u00fatbol (Fedof\u00fatbol).<\/span><\/p>\n<p><span style=\"font-weight: 400\">La jornada se desarroll\u00f3 del 28 al 30 de agosto e incluy\u00f3 cuatro sesiones de entrenamiento, con la participaci\u00f3n de 25 jugadoras de la Zona Norte y 30 de la Zona Metropolitana, bajo la coordinaci\u00f3n de Betzaida Ubr\u00ed Mateo, coordinadora de las Selecciones Nacionales Femeninas.<\/span><\/p>\n<p><span style=\"font-weight: 400\">Las futbolistas forman parte del proyecto desde su inicio y son evaluadas mediante un proceso de visorias y seguimiento de su desempe\u00f1o en los clubes a los que pertenecen.<\/span><\/p>\n<p><span style=\"font-weight: 400\">Los entrenamientos de la Zona Metropolitana estuvieron a cargo de las entrenadoras nacionales Ana Odaliza D\u00edaz y Oliba Santana, mientras que los de la Zona Norte fueron dirigidos por Isauris Castillo e Isairis Minaya.<\/span><\/p>\n<figure id=\"attachment_3265182\" aria-describedby=\"caption-attachment-3265182\" style=\"width: 400px\" class=\"wp-caption alignnone\"><img loading=\"lazy\" decoding=\"async\" data-recalc-dims=\"1\" class=\"size-medium wp-image-3265182\" src=\"https:\/\/i0.wp.com\/nuevodiario-assets.s3.us-east-2.amazonaws.com\/wp-content\/uploads\/2026\/09\/FIFA-y-Fedofutbol-realizan-microciclo-con-55-jovenes-futbolistas-Foto-Fedofutbol-7-400x267.jpeg?resize=400%2C267&quality=100&ssl=1\" alt=\"\" width=\"400\" height=\"267\" \/><figcaption id=\"caption-attachment-3265182\" class=\"wp-caption-text\">FIFA y Fedof\u00fatbol realizan microciclo con 55 j\u00f3venes futbolistas (Foto: Fedof\u00fatbol)<\/figcaption><\/figure>\n<figure id=\"attachment_3265181\" aria-describedby=\"caption-attachment-3265181\" style=\"width: 400px\" class=\"wp-caption alignnone\"><img loading=\"lazy\" decoding=\"async\" data-recalc-dims=\"1\" class=\"size-medium wp-image-3265181\" src=\"https:\/\/i0.wp.com\/nuevodiario-assets.s3.us-east-2.amazonaws.com\/wp-content\/uploads\/2026\/09\/FIFA-y-Fedofutbol-realizan-microciclo-con-55-jovenes-futbolistas-Foto-Fedofutbol-6-400x267.jpeg?resize=400%2C267&quality=100&ssl=1\" alt=\"\" width=\"400\" height=\"267\" \/><figcaption id=\"caption-attachment-3265181\" class=\"wp-caption-text\">FIFA y Fedof\u00fatbol realizan microciclo con 55 j\u00f3venes futbolistas (Foto: Fedof\u00fatbol)<\/figcaption><\/figure>\n<p><span style=\"font-weight: 400\">Durante el microciclo se aplicaron las directrices y metodolog\u00edas establecidas en el modelo de juego, adem\u00e1s de realizar evaluaciones para determinar el rendimiento de las participantes e identificar fortalezas y aspectos por mejorar.<\/span><\/p>\n<p><span style=\"font-weight: 400\">El proceso contempla el an\u00e1lisis de distintos componentes del juego, disciplina t\u00e1ctica, actitud durante los entrenamientos, responsabilidad y disciplina personal. Tambi\u00e9n se asignaron trabajos individuales de acuerdo con la posici\u00f3n de cada jugadora, que deber\u00e1n continuar desarroll\u00e1ndose en sus respectivos clubes.<\/span><\/p>\n<figure id=\"attachment_3265184\" aria-describedby=\"caption-attachment-3265184\" style=\"width: 400px\" class=\"wp-caption alignnone\"><img decoding=\"async\" data-recalc-dims=\"1\" loading=\"lazy\" class=\"size-medium wp-image-3265184\" src=\"https:\/\/i0.wp.com\/nuevodiario-assets.s3.us-east-2.amazonaws.com\/wp-content\/uploads\/2026\/09\/FIFA-y-Fedofutbol-realizan-microciclo-con-55-jovenes-futbolistas-Foto-Fedofutbol-1-400x266.jpeg?resize=400%2C266&quality=100&ssl=1\" alt=\"\" width=\"400\" height=\"266\" \/><figcaption id=\"caption-attachment-3265184\" class=\"wp-caption-text\">FIFA y Fedof\u00fatbol realizan microciclo con 55 j\u00f3venes futbolistas (Foto: Fedof\u00fatbol)<\/figcaption><\/figure>\n<figure id=\"attachment_3265183\" aria-describedby=\"caption-attachment-3265183\" style=\"width: 400px\" class=\"wp-caption alignnone\"><img decoding=\"async\" data-recalc-dims=\"1\" loading=\"lazy\" class=\"size-medium wp-image-3265183\" src=\"https:\/\/i0.wp.com\/nuevodiario-assets.s3.us-east-2.amazonaws.com\/wp-content\/uploads\/2026\/09\/FIFA-y-Fedofutbol-realizan-microciclo-con-55-jovenes-futbolistas-Foto-Fedofutbol-8-400x271.jpeg?resize=400%2C271&quality=100&ssl=1\" alt=\"\" width=\"400\" height=\"271\" \/><figcaption id=\"caption-attachment-3265183\" class=\"wp-caption-text\">FIFA y Fedof\u00fatbol realizan microciclo con 55 j\u00f3venes futbolistas (Foto: Fedof\u00fatbol)<\/figcaption><\/figure>\n<p><span style=\"font-weight: 400\">\u201cEn este microciclo, adem\u00e1s de continuar trabajando bajo las directrices y metodolog\u00edas establecidas en nuestro modelo de juego, estamos realizando diferentes evaluaciones que nos permiten conocer el estado actual de las jugadoras, identificar sus fortalezas y los aspectos que deben mejorar, y dar un seguimiento m\u00e1s preciso a su desarrollo\u201d, explic\u00f3 Ubr\u00ed.<\/span><\/p>\n<p><span style=\"font-weight: 400\">El programa busca ampliar la base de jugadoras y dar continuidad a su formaci\u00f3n mediante un proceso de seguimiento que permita nutrir las distintas categor\u00edas de las Selecciones Nacionales Femeninas.<\/span><\/p>\n<figure id=\"attachment_3265180\" aria-describedby=\"caption-attachment-3265180\" style=\"width: 400px\" class=\"wp-caption alignnone\"><img decoding=\"async\" data-recalc-dims=\"1\" loading=\"lazy\" class=\"size-medium wp-image-3265180\" src=\"https:\/\/i0.wp.com\/nuevodiario-assets.s3.us-east-2.amazonaws.com\/wp-content\/uploads\/2026\/09\/FIFA-y-Fedofutbol-realizan-microciclo-con-55-jovenes-futbolistas-Foto-Fedofutbol-5-400x267.jpeg?resize=400%2C267&quality=100&ssl=1\" alt=\"\" width=\"400\" height=\"267\" \/><figcaption id=\"caption-attachment-3265180\" class=\"wp-caption-text\">FIFA y Fedof\u00fatbol realizan microciclo con 55 j\u00f3venes futbolistas (Foto: Fedof\u00fatbol)<\/figcaption><\/figure>\n<figure id=\"attachment_3265181-2\" aria-describedby=\"caption-attachment-3265181-2\" style=\"width: 400px\" class=\"wp-caption alignnone\"><img loading=\"lazy\" decoding=\"async\" data-recalc-dims=\"1\" class=\"size-medium wp-image-3265181\" src=\"https:\/\/i0.wp.com\/nuevodiario-assets.s3.us-east-2.amazonaws.com\/wp-content\/uploads\/2026\/09\/FIFA-y-Fedofutbol-realizan-microciclo-con-55-jovenes-futbolistas-Foto-Fedofutbol-6-400x267.jpeg?resize=400%2C267&quality=100&ssl=1\" alt=\"\" width=\"400\" height=\"267\" \/><figcaption id=\"caption-attachment-3265181-2\" class=\"wp-caption-text\">FIFA y Fedof\u00fatbol realizan microciclo con 55 j\u00f3venes futbolistas (Foto: Fedof\u00fatbol)<\/figcaption><\/figure>\n<p><span style=\"font-weight: 400\">Para 2027, la coordinaci\u00f3n del programa eval\u00faa incorporar otra zona del pa\u00eds, como parte de la expansi\u00f3n de los centros de formaci\u00f3n y seguimiento.<\/span><\/p>\n<p><span style=\"font-weight: 400\">La iniciativa tambi\u00e9n procura generar oportunidades para que las j\u00f3venes futbolistas puedan continuar su desarrollo y, posteriormente, reunir las condiciones para integrar las Selecciones Nacionales Femeninas de Rep\u00fablica Dominicana.<\/span><\/p>\n<p>MMB\/<\/p>\n<p>\u00a0<\/p>\n<p>La entrada <a href=\"https:\/\/elnuevodiario.com.do\/fifa-y-fedofutbol-realizan-microciclo-con-55-jovenes-futbolistas\/\">FIFA y Fedof\u00fatbol realizan microciclo con 55 j\u00f3venes futbolistas<\/a> se public\u00f3 primero en <a href=\"https:\/\/elnuevodiario.com.do\">El Nuevo Diario (Rep\u00fablica Dominicana)<\/a>.<\/p>\n","protected":false},"excerpt":{"rendered":"EL NUEVO DIARIO, SANTO DOMINGO.\u2013 Un total de 55 j\u00f3venes futbolistas de&hellip;\n","protected":false},"author":1,"featured_media":67349,"comment_status":"open","ping_status":"open","sticky":false,"template":"","format":"standard","meta":{"footnotes":""},"categories":[2],"tags":[],"class_list":["post-67348","post","type-post","status-publish","format-standard","has-post-thumbnail","category-deporte"],"_links":{"self":[{"href":"https:\/\/acronoticias.com\/index.php\/wp-json\/wp\/v2\/posts\/67348","targetHints":{"allow":["GET"]}}],"collection":[{"href":"https:\/\/acronoticias.com\/index.php\/wp-json\/wp\/v2\/posts"}],"about":[{"href":"https:\/\/acronoticias.com\/index.php\/wp-json\/wp\/v2\/types\/post"}],"author":[{"embeddable":true,"href":"https:\/\/acronoticias.com\/index.php\/wp-json\/wp\/v2\/users\/1"}],"replies":[{"embeddable":true,"href":"https:\/\/acronoticias.com\/index.php\/wp-json\/wp\/v2\/comments?post=67348"}],"version-history":[{"count":0,"href":"https:\/\/acronoticias.com\/index.php\/wp-json\/wp\/v2\/posts\/67348\/revisions"}],"wp:featuredmedia":[{"embeddable":true,"href":"https:\/\/acronoticias.com\/index.php\/wp-json\/wp\/v2\/media\/67349"}],"wp:attachment":[{"href":"https:\/\/acronoticias.com\/index.php\/wp-json\/wp\/v2\/media?parent=67348"}],"wp:term":[{"taxonomy":"category","embeddable":true,"href":"https:\/\/acronoticias.com\/index.php\/wp-json\/wp\/v2\/categories?post=67348"},{"taxonomy":"post_tag","embeddable":true,"href":"https:\/\/acronoticias.com\/index.php\/wp-json\/wp\/v2\/tags?post=67348"}],"curies":[{"name":"wp","href":"https:\/\/api.w.org\/{rel}","templated":true}]}}