{"id":67345,"date":"2026-09-04T16:24:36","date_gmt":"2026-09-04T16:24:36","guid":{"rendered":"https:\/\/acronoticias.com\/index.php\/2026\/09\/04\/intec-celebra-jornada-cientifica-sobre-neurociencias-dedicada-al-doctor-jose-joaquin-puello\/"},"modified":"2026-09-04T16:24:36","modified_gmt":"2026-09-04T16:24:36","slug":"intec-celebra-jornada-cientifica-sobre-neurociencias-dedicada-al-doctor-jose-joaquin-puello","status":"publish","type":"post","link":"https:\/\/acronoticias.com\/index.php\/2026\/09\/04\/intec-celebra-jornada-cientifica-sobre-neurociencias-dedicada-al-doctor-jose-joaquin-puello\/","title":{"rendered":"Intec celebra jornada cient\u00edfica sobre neurociencias dedicada al doctor Jos\u00e9 Joaqu\u00edn Puello"},"content":{"rendered":"<p><img loading=\"lazy\" decoding=\"async\" width=\"355\" height=\"200\" src=\"https:\/\/nuevodiario-assets.s3.us-east-2.amazonaws.com\/wp-content\/uploads\/2026\/09\/INTEC-celebra-la-Jornada-Cientifica-sobre-neurociencias-dedicada-al-doctor-Jose-Joaquin-Puello-PORTADA-355x200.jpg\" class=\"webfeedsFeaturedVisual wp-post-image\" alt=\"\" style=\"display: block;margin-bottom: 5px;clear:both;max-width: 100%\" \/><\/p>\n<p>EL NUEVO DIARIO, SANTO DOMINGO.\u2013 El Instituto Tecnol\u00f3gico de Santo Domingo (Intec), a trav\u00e9s de su Comit\u00e9 de Estudiantes de Medicina (Cemed), realiz\u00f3 la jornada cient\u00edfica Avances en Neurociencias 2026, dedicada al destacado neurocirujano y fundador de la universidad, doctor Jos\u00e9 Joaqu\u00edn Puello Herrera, por sus m\u00e1s de cinco d\u00e9cadas de servicio.<\/p>\n<p>Durante la apertura, el rector del Intec, Arturo Del Villar, destac\u00f3 al doctor Puello como un \u201creferente \u00e9tico de la medicina dominicana\u201d. Expres\u00f3 sentirse orgulloso de que la universidad pueda nombrarle entre sus fundadores y entre sus primeros y actuales docentes de la carrera de Medicina.<\/p>\n<p>En tanto que, la presidenta del Comit\u00e9 de Estudiantes de Medicina, Iselle Suero Matos, resalt\u00f3 la capacidad del homenajeado para conectar e inspirar a distintas generaciones de profesionales de la salud desde las aulas y enfatiz\u00f3 en los diversos aportes de Puello Herrera a la formaci\u00f3n de generaciones de m\u00e9dicos y especialistas dominicanos.<\/p>\n<h3 id=\"iselle-suero-matos-presidenta-del-comite-de-estudiantes-de-medicina\"><strong>Iselle Suero Matos, presidenta del Comit\u00e9 de Estudiantes de Medicina<\/strong><\/h3>\n<p>De acuerdo a una nota de prensa, a estas intervenciones se sum\u00f3 el neurocirujano, Santiago Valenzuela, quien tuvo a su cargo la lectura de la semblanza del homenajeado. Valenzuela enfatiz\u00f3 la importancia de romper el paradigma de \u201cla Am\u00e9rica infeliz que solo se acuerda de sus grandes hombres cuando son sus grandes muertos\u201d, para rendir un merecido tributo a Puello Herrera en \u201cplena vida, lucidez y actividad\u201d.<\/p>\n<p>En su discurso, repas\u00f3 la trayectoria del doctor desde sus or\u00edgenes en San Juan de la Maguana y su s\u00f3lida formaci\u00f3n en Londres y Vermont, hasta su rol clave como cofundador de la Escuela de Neurocirug\u00eda Dominicana junto al doctor Ney Arias Lora.<\/p>\n<p>Adem\u00e1s, Valenzuela defini\u00f3 al doctor Puello como el \u201carquetipo del hombre de estado que piensa m\u00e1s all\u00e1 de la curva\u201d, destacando su visi\u00f3n a futuro y sus aportes hist\u00f3ricos a la salud p\u00fablica con obras como la Ciudad Sanitaria Luis Eduardo Aybar, a la educaci\u00f3n como miembro del primer Consejo de Regentes de Intec, y su impacto transformador en el deporte ol\u00edmpico nacional.<\/p>\n<p>Tras proyectarse un audiovisual que recorri\u00f3 los hitos de su carrera, desde su formaci\u00f3n en Oxford y Cambridge hasta la apertura de la Ciudad Sanitaria que lleva su nombre, el doctor Puello recibi\u00f3 una placa de reconocimiento. Visiblemente conmovido, inst\u00f3 a los futuros m\u00e9dicos a mantener la vocaci\u00f3n de servicio: \u201cEl que se cansa pierde, hay que seguir adelante\u201d.<\/p>\n<p>En sus palabras de agradecimiento, cit\u00f3 los diversos retos que super\u00f3 para convertirse en el profesional que ha sido, recordando a sus grandes maestros.<\/p>\n<p><strong>A la vanguardia del conocimiento m\u00e9dico<\/strong><\/p>\n<p>La jornada cient\u00edfica reuni\u00f3 autoridades acad\u00e9micas, m\u00e9dicos especialistas, investigadores, residentes y estudiantes. La mesa principal estuvo encabezada por el rector de Intec, Arturo Del Villar; el decano del \u00c1rea de Ciencias de la Salud, Miguel Robiou; la vicerrectora Acad\u00e9mica, Shajira Nazir; la presidenta del Cemed, Iselle Suero Matos; y el presidente de la Sociedad Dominicana de Neurolog\u00eda y Neurocirug\u00eda, Ram\u00f3n de Le\u00f3n Beras.<\/p>\n<p>La jornada cient\u00edfica del Cemed cont\u00f3 con ponencias que abordaron las fronteras actuales de la neurolog\u00eda y la neurocirug\u00eda. La doctora \u00c1mbar P\u00e9rez Fern\u00e1ndez, primera mujer egresada del programa de neurocirug\u00eda del Hospital Dar\u00edo Contreras, present\u00f3 los avances en la estimulaci\u00f3n cerebral profunda (DBS), explicando c\u00f3mo la modulaci\u00f3n de redes neuronales mediante electrodos direccionales y estimulaci\u00f3n adaptativa est\u00e1 revolucionando el tratamiento del Parkinson, la epilepsia refractaria y el trastorno obsesivo compulsivo (TOC).<\/p>\n<p>En el \u00e1mbito de la investigaci\u00f3n, el doctor Mario Penso Torrenti, investigador senior del Instituto Nacional de la Salud Mental de Estados Unidos demostr\u00f3 mediante tecnolog\u00edas de vanguardia como la optogen\u00e9tica que el cerebro funciona como un sistema predictivo. Sus estudios revelan el papel fundamental del t\u00e1lamo medial en el establecimiento de metas internas y la liberaci\u00f3n de dopamina.<\/p>\n<p>Mientras, el doctor Ram\u00f3n de Le\u00f3n Beras expuso sobre el \u00e9xito de la trombectom\u00eda mec\u00e1nica en pacientes con Accidente Cerebro Vascular (ACV) isqu\u00e9mico despu\u00e9s de las 24 horas del inicio de los s\u00edntomas, logrando recuperaci\u00f3n funcional en un 32 % de los casos. Adem\u00e1s, aprovech\u00f3 el escenario para emitir una alerta sobre el aumento de accidentes cerebrovasculares en infantes en la etapa post-pandemia.<\/p>\n<p>Para cerrar el bloque acad\u00e9mico, el doctor Juan Johan S\u00e1nchez Zabala detall\u00f3 el primer caso exitoso de cirug\u00eda fetosc\u00f3pica para corregir mielomeningocele en Rep\u00fablica Dominicana. Destac\u00f3 que esta intervenci\u00f3n intrauterina m\u00ednimamente invasiva reduce el riesgo de hidrocefalia y mejora dr\u00e1sticamente el pron\u00f3stico de vida y la deambulaci\u00f3n del infante.<\/p>\n<h3 id=\"sobre-la-carrera-de-medicina-del-intec\">Sobre la carrera de Medicina del Intec<\/h3>\n<p>La carrera de Medicina del Instituto Tecnol\u00f3gico de Santo Domingo (Intec) se distingue por ser la primera en la Rep\u00fablica Dominicana en obtener la acreditaci\u00f3n internacional. El programa recibi\u00f3 la extensi\u00f3n de este aval para el per\u00edodo 2025-2030 por parte de la Caribbean Accreditation Authority for Education in Medicine and Other Health Professions (CAAM-HP). Esta certificaci\u00f3n, respaldada por la World Federation for Medical Education (WFME), garantiza los m\u00e1s altos est\u00e1ndares de calidad educativa y ampl\u00eda significativamente las oportunidades de sus egresados para competir por residencias m\u00e9dicas y ejercer la profesi\u00f3n en diversos pa\u00edses alrededor del mundo.<\/p>\n<p>La entrada <a href=\"https:\/\/elnuevodiario.com.do\/intec-celebra-jornada-cientifica-sobre-neurociencias-dedicada-al-doctor-jose-joaquin-puello\/\">Intec celebra jornada cient\u00edfica sobre neurociencias dedicada al doctor Jos\u00e9 Joaqu\u00edn Puello<\/a> se public\u00f3 primero en <a href=\"https:\/\/elnuevodiario.com.do\">El Nuevo Diario (Rep\u00fablica Dominicana)<\/a>.<\/p>\n","protected":false},"excerpt":{"rendered":"EL NUEVO DIARIO, SANTO DOMINGO.\u2013 El Instituto Tecnol\u00f3gico de Santo Domingo (Intec),&hellip;\n","protected":false},"author":1,"featured_media":67346,"comment_status":"open","ping_status":"open","sticky":false,"template":"","format":"standard","meta":{"footnotes":""},"categories":[1],"tags":[],"class_list":["post-67345","post","type-post","status-publish","format-standard","has-post-thumbnail","category-nacionales"],"_links":{"self":[{"href":"https:\/\/acronoticias.com\/index.php\/wp-json\/wp\/v2\/posts\/67345","targetHints":{"allow":["GET"]}}],"collection":[{"href":"https:\/\/acronoticias.com\/index.php\/wp-json\/wp\/v2\/posts"}],"about":[{"href":"https:\/\/acronoticias.com\/index.php\/wp-json\/wp\/v2\/types\/post"}],"author":[{"embeddable":true,"href":"https:\/\/acronoticias.com\/index.php\/wp-json\/wp\/v2\/users\/1"}],"replies":[{"embeddable":true,"href":"https:\/\/acronoticias.com\/index.php\/wp-json\/wp\/v2\/comments?post=67345"}],"version-history":[{"count":0,"href":"https:\/\/acronoticias.com\/index.php\/wp-json\/wp\/v2\/posts\/67345\/revisions"}],"wp:featuredmedia":[{"embeddable":true,"href":"https:\/\/acronoticias.com\/index.php\/wp-json\/wp\/v2\/media\/67346"}],"wp:attachment":[{"href":"https:\/\/acronoticias.com\/index.php\/wp-json\/wp\/v2\/media?parent=67345"}],"wp:term":[{"taxonomy":"category","embeddable":true,"href":"https:\/\/acronoticias.com\/index.php\/wp-json\/wp\/v2\/categories?post=67345"},{"taxonomy":"post_tag","embeddable":true,"href":"https:\/\/acronoticias.com\/index.php\/wp-json\/wp\/v2\/tags?post=67345"}],"curies":[{"name":"wp","href":"https:\/\/api.w.org\/{rel}","templated":true}]}}