{"id":67343,"date":"2026-09-04T16:08:58","date_gmt":"2026-09-04T16:08:58","guid":{"rendered":"https:\/\/acronoticias.com\/index.php\/2026\/09\/04\/adp-marcha-en-santiago-en-reclamo-por-reconstruccion-de-escuelas-y-amenaza-con-paralizar-docencia\/"},"modified":"2026-09-04T16:08:58","modified_gmt":"2026-09-04T16:08:58","slug":"adp-marcha-en-santiago-en-reclamo-por-reconstruccion-de-escuelas-y-amenaza-con-paralizar-docencia","status":"publish","type":"post","link":"https:\/\/acronoticias.com\/index.php\/2026\/09\/04\/adp-marcha-en-santiago-en-reclamo-por-reconstruccion-de-escuelas-y-amenaza-con-paralizar-docencia\/","title":{"rendered":"ADP marcha en Santiago en reclamo por reconstrucci\u00f3n de escuelas y amenaza con paralizar docencia"},"content":{"rendered":"<p><img loading=\"lazy\" decoding=\"async\" width=\"355\" height=\"200\" src=\"https:\/\/nuevodiario-assets.s3.us-east-2.amazonaws.com\/wp-content\/uploads\/2026\/09\/WhatsApp-Image-2026-09-04-at-11.36.58-AM-355x200.jpeg\" class=\"webfeedsFeaturedVisual wp-post-image\" alt=\"\" style=\"display: block;margin-bottom: 5px;clear:both;max-width: 100%\" \/><\/p>\n<p class=\"isSelectedEnd\"><strong>EL NUEVO DIARIO,SANTIAGO.-<\/strong>La Asociaci\u00f3n Dominicana de Profesores (ADP) realiz\u00f3 este viernes una marcha en apoyo a la seccional Santiago Suroeste, para exigir la terminaci\u00f3n de los trabajos de reconstrucci\u00f3n de las escuelas Rafaela Jimini\u00e1n, Emma Balaguer y otros centros educativos que, seg\u00fan denunciaron, permanecen en condiciones deplorables y han impedido que cientos de estudiantes regresen a las aulas.<\/p>\n<p class=\"isSelectedEnd\">El presidente de la ADP Santiago, quien acompa\u00f1\u00f3 la jornada, calific\u00f3 como una \u201cgran verg\u00fcenza\u201d para las autoridades educativas y el Estado dominicano que miles de estudiantes a\u00fan no hayan podido iniciar el a\u00f1o escolar debido a las condiciones de los planteles. Cuestion\u00f3 adem\u00e1s la capacidad de las autoridades para administrar y gerenciar adecuadamente los recursos destinados al sistema educativo mediante el presupuesto del 4 %.<\/p>\n<p class=\"isSelectedEnd\">Por su parte, Jos\u00e9 Alberto Brito, presidente de la ADP Santiago Oeste, inform\u00f3 que las movilizaciones forman parte de un plan de lucha que inici\u00f3 el pasado martes con un encadenamiento de maestros en un centro educativo. Explic\u00f3 que posteriormente acordaron realizar la marcha y que para la pr\u00f3xima semana convocar\u00e1n una asamblea con los docentes, en la que podr\u00edan determinar nuevas acciones, incluyendo paros de 24 y 48 horas, as\u00ed como una paralizaci\u00f3n indefinida de la docencia.<\/p>\n<p class=\"isSelectedEnd\">Brito indic\u00f3 que m\u00e1s de 800 estudiantes de la escuela Rafaela Jimini\u00e1n, en El Cruce, permanecen afectados, mientras que m\u00e1s de 2,000 alumnos vinculados a la escuela Emma Balaguer tampoco han podido retornar con normalidad a las aulas. Se\u00f1al\u00f3 que en este \u00faltimo plantel funcionan tandas y programas educativos diurnos, nocturnos y de fines de semana.<\/p>\n<p class=\"isSelectedEnd\">La ADP tambi\u00e9n demand\u00f3 la intervenci\u00f3n de otros centros, entre ellos la escuela Cienfuegos Abajo, la verja perimetral de la escuela doctora Teresa Pe\u00f1a Silverio y una zona afectada por deslizamientos de tierra en el centro educativo Carmelo Sandoval.<\/p>\n<p>Los dirigentes magisteriales advirtieron que continuar\u00e1n las acciones hasta obtener respuestas concretas de las autoridades y llamaron a las comunidades y organizaciones sociales a respaldar sus reclamos en favor de los estudiantes afectados.<\/p>\n<div style=\"width: 640px\" class=\"wp-video\"><video class=\"wp-video-shortcode\" id=\"video-3265153-1\" width=\"640\" height=\"361\" preload=\"metadata\" controls=\"controls\"><a href=\"https:\/\/nuevodiario-assets.s3.us-east-2.amazonaws.com\/wp-content\/uploads\/2026\/09\/WhatsApp-Video-2026-09-04-at-11.36.59-AM.mp4\">https:\/\/nuevodiario-assets.s3.us-east-2.amazonaws.com\/wp-content\/uploads\/2026\/09\/WhatsApp-Video-2026-09-04-at-11.36.59-AM.mp4<\/a><\/video><\/div>\n<div style=\"width: 640px\" class=\"wp-video\"><video class=\"wp-video-shortcode\" id=\"video-3265153-2\" width=\"640\" height=\"361\" preload=\"metadata\" controls=\"controls\"><a href=\"https:\/\/nuevodiario-assets.s3.us-east-2.amazonaws.com\/wp-content\/uploads\/2026\/09\/WhatsApp-Video-2026-09-04-at-11.36.59-AM-3.mp4\">https:\/\/nuevodiario-assets.s3.us-east-2.amazonaws.com\/wp-content\/uploads\/2026\/09\/WhatsApp-Video-2026-09-04-at-11.36.59-AM-3.mp4<\/a><\/video><\/div>\n<div style=\"width: 640px\" class=\"wp-video\"><video class=\"wp-video-shortcode\" id=\"video-3265153-3\" width=\"640\" height=\"361\" preload=\"metadata\" controls=\"controls\"><a href=\"https:\/\/nuevodiario-assets.s3.us-east-2.amazonaws.com\/wp-content\/uploads\/2026\/09\/WhatsApp-Video-2026-09-04-at-11.36.59-AM-2.mp4\">https:\/\/nuevodiario-assets.s3.us-east-2.amazonaws.com\/wp-content\/uploads\/2026\/09\/WhatsApp-Video-2026-09-04-at-11.36.59-AM-2.mp4<\/a><\/video><\/div>\n<div style=\"width: 640px\" class=\"wp-video\"><video class=\"wp-video-shortcode\" id=\"video-3265153-4\" width=\"640\" height=\"361\" preload=\"metadata\" controls=\"controls\"><a href=\"https:\/\/nuevodiario-assets.s3.us-east-2.amazonaws.com\/wp-content\/uploads\/2026\/09\/WhatsApp-Video-2026-09-04-at-11.36.59-AM-1.mp4\">https:\/\/nuevodiario-assets.s3.us-east-2.amazonaws.com\/wp-content\/uploads\/2026\/09\/WhatsApp-Video-2026-09-04-at-11.36.59-AM-1.mp4<\/a><\/video><\/div>\n<p>La entrada <a href=\"https:\/\/elnuevodiario.com.do\/adp-marcha-en-santiago-en-reclamo-por-reconstruccion-de-escuelas-y-amenaza-con-paralizar-docencia\/\">ADP marcha en Santiago en reclamo por reconstrucci\u00f3n de escuelas y amenaza con paralizar docencia<\/a> se public\u00f3 primero en <a href=\"https:\/\/elnuevodiario.com.do\">El Nuevo Diario (Rep\u00fablica Dominicana)<\/a>.<\/p>\n","protected":false},"excerpt":{"rendered":"EL NUEVO DIARIO,SANTIAGO.-La Asociaci\u00f3n Dominicana de Profesores (ADP) realiz\u00f3 este viernes una&hellip;\n","protected":false},"author":1,"featured_media":67344,"comment_status":"open","ping_status":"open","sticky":false,"template":"","format":"standard","meta":{"footnotes":""},"categories":[1],"tags":[],"class_list":["post-67343","post","type-post","status-publish","format-standard","has-post-thumbnail","category-nacionales"],"_links":{"self":[{"href":"https:\/\/acronoticias.com\/index.php\/wp-json\/wp\/v2\/posts\/67343","targetHints":{"allow":["GET"]}}],"collection":[{"href":"https:\/\/acronoticias.com\/index.php\/wp-json\/wp\/v2\/posts"}],"about":[{"href":"https:\/\/acronoticias.com\/index.php\/wp-json\/wp\/v2\/types\/post"}],"author":[{"embeddable":true,"href":"https:\/\/acronoticias.com\/index.php\/wp-json\/wp\/v2\/users\/1"}],"replies":[{"embeddable":true,"href":"https:\/\/acronoticias.com\/index.php\/wp-json\/wp\/v2\/comments?post=67343"}],"version-history":[{"count":0,"href":"https:\/\/acronoticias.com\/index.php\/wp-json\/wp\/v2\/posts\/67343\/revisions"}],"wp:featuredmedia":[{"embeddable":true,"href":"https:\/\/acronoticias.com\/index.php\/wp-json\/wp\/v2\/media\/67344"}],"wp:attachment":[{"href":"https:\/\/acronoticias.com\/index.php\/wp-json\/wp\/v2\/media?parent=67343"}],"wp:term":[{"taxonomy":"category","embeddable":true,"href":"https:\/\/acronoticias.com\/index.php\/wp-json\/wp\/v2\/categories?post=67343"},{"taxonomy":"post_tag","embeddable":true,"href":"https:\/\/acronoticias.com\/index.php\/wp-json\/wp\/v2\/tags?post=67343"}],"curies":[{"name":"wp","href":"https:\/\/api.w.org\/{rel}","templated":true}]}}