{"id":67341,"date":"2026-09-04T15:51:53","date_gmt":"2026-09-04T15:51:53","guid":{"rendered":"https:\/\/acronoticias.com\/index.php\/2026\/09\/04\/francisco-fernandez-entrega-utiles-escolares-a-mas-de-12-mil-ninos-en-santo-domingo\/"},"modified":"2026-09-04T15:51:53","modified_gmt":"2026-09-04T15:51:53","slug":"francisco-fernandez-entrega-utiles-escolares-a-mas-de-12-mil-ninos-en-santo-domingo","status":"publish","type":"post","link":"https:\/\/acronoticias.com\/index.php\/2026\/09\/04\/francisco-fernandez-entrega-utiles-escolares-a-mas-de-12-mil-ninos-en-santo-domingo\/","title":{"rendered":"Francisco Fern\u00e1ndez entrega \u00fatiles escolares a m\u00e1s de 12 mil ni\u00f1os en Santo Domingo"},"content":{"rendered":"<p><img decoding=\"async\" width=\"355\" height=\"200\" src=\"https:\/\/nuevodiario-assets.s3.us-east-2.amazonaws.com\/wp-content\/uploads\/2026\/09\/Entrega-de-utiles-escolares-355x200.png\" class=\"webfeedsFeaturedVisual wp-post-image\" alt=\"\" style=\"display: block;margin-bottom: 5px;clear:both;max-width: 100%\" loading=\"lazy\" \/><\/p>\n<p>EL NUEVO DIARIO, SANTO DOMINGO.- El aspirante a senador por la provincia Santo Domingo, Francisco Fern\u00e1ndez, desarroll\u00f3 una amplia jornada de entrega de \u00fatiles escolares que benefici\u00f3 a m\u00e1s de 12 mil ni\u00f1os de diferentes comunidades de la demarcaci\u00f3n.<\/p>\n<p>La iniciativa, de car\u00e1cter social, se extendi\u00f3 por los siete distritos municipales y los ocho municipios de la provincia Santo Domingo, llevando mochilas, cuadernos, materiales escolares y otros art\u00edculos necesarios para el regreso a clases, seg\u00fan se\u00f1ala una nota informativa.<\/p>\n<p><img loading=\"lazy\" decoding=\"async\" data-recalc-dims=\"1\" class=\"alignnone size-full wp-image-3265155\" src=\"https:\/\/i0.wp.com\/nuevodiario-assets.s3.us-east-2.amazonaws.com\/wp-content\/uploads\/2026\/09\/Entrega-de-utiles.jpeg?resize=640%2C961&quality=100&ssl=1\" alt=\"\" width=\"640\" height=\"961\" \/><\/p>\n<p>Fern\u00e1ndez destac\u00f3 que esta jornada representa un gesto de solidaridad con las familias que cada a\u00f1o enfrentan importantes gastos para garantizar que sus hijos puedan iniciar el per\u00edodo escolar con las herramientas necesarias.<\/p>\n<p>\u201cCuando apoyamos a nuestros ni\u00f1os, estamos invirtiendo en el futuro de nuestra provincia. Queremos que ning\u00fan padre tenga que preocuparse porque a su hijo le falten los \u00fatiles necesarios para asistir a la escuela\u201d, expres\u00f3 Fern\u00e1ndez.<\/p>\n<p><img loading=\"lazy\" decoding=\"async\" data-recalc-dims=\"1\" class=\"alignnone size-full wp-image-3265157\" src=\"https:\/\/i0.wp.com\/nuevodiario-assets.s3.us-east-2.amazonaws.com\/wp-content\/uploads\/2026\/09\/Entrega-de-utiles-escolares.jpeg?resize=640%2C961&quality=100&ssl=1\" alt=\"\" width=\"640\" height=\"961\" \/><\/p>\n<p>El dirigente pol\u00edtico se\u00f1al\u00f3 que su compromiso con las comunidades va m\u00e1s all\u00e1 de los per\u00edodos electorales, al tiempo que llam\u00f3 a fortalecer las acciones sociales que permitan mejorar las condiciones de vida de las familias y generar mayores oportunidades para la ni\u00f1ez y la juventud.<\/p>\n<p>La entrega de \u00fatiles escolares forma parte de las acciones sociales que impulsa Fern\u00e1ndez en distintos sectores de la provincia Santo Domingo, procurando mantener un contacto directo con las comunidades y responder a necesidades puntuales de sus habitantes.<\/p>\n<p>Con esta jornada, m\u00e1s de 12 mil ni\u00f1os recibieron apoyo para el inicio del a\u00f1o escolar, en una acci\u00f3n que busca contribuir a la educaci\u00f3n, aliviar la carga econ\u00f3mica de las familias y reafirmar el compromiso de Francisco Fern\u00e1ndez con el desarrollo social de la provincia Santo Domingo.<\/p>\n<p>La entrada <a href=\"https:\/\/elnuevodiario.com.do\/francisco-fernandez-entrega-utiles-escolares-a-mas-de-12-mil-ninos-en-santo-domingo\/\">Francisco Fern\u00e1ndez entrega \u00fatiles escolares a m\u00e1s de 12 mil ni\u00f1os en Santo Domingo<\/a> se public\u00f3 primero en <a href=\"https:\/\/elnuevodiario.com.do\">El Nuevo Diario (Rep\u00fablica Dominicana)<\/a>.<\/p>\n","protected":false},"excerpt":{"rendered":"EL NUEVO DIARIO, SANTO DOMINGO.- El aspirante a senador por la provincia&hellip;\n","protected":false},"author":1,"featured_media":67342,"comment_status":"open","ping_status":"open","sticky":false,"template":"","format":"standard","meta":{"footnotes":""},"categories":[1],"tags":[],"class_list":["post-67341","post","type-post","status-publish","format-standard","has-post-thumbnail","category-nacionales"],"_links":{"self":[{"href":"https:\/\/acronoticias.com\/index.php\/wp-json\/wp\/v2\/posts\/67341","targetHints":{"allow":["GET"]}}],"collection":[{"href":"https:\/\/acronoticias.com\/index.php\/wp-json\/wp\/v2\/posts"}],"about":[{"href":"https:\/\/acronoticias.com\/index.php\/wp-json\/wp\/v2\/types\/post"}],"author":[{"embeddable":true,"href":"https:\/\/acronoticias.com\/index.php\/wp-json\/wp\/v2\/users\/1"}],"replies":[{"embeddable":true,"href":"https:\/\/acronoticias.com\/index.php\/wp-json\/wp\/v2\/comments?post=67341"}],"version-history":[{"count":0,"href":"https:\/\/acronoticias.com\/index.php\/wp-json\/wp\/v2\/posts\/67341\/revisions"}],"wp:featuredmedia":[{"embeddable":true,"href":"https:\/\/acronoticias.com\/index.php\/wp-json\/wp\/v2\/media\/67342"}],"wp:attachment":[{"href":"https:\/\/acronoticias.com\/index.php\/wp-json\/wp\/v2\/media?parent=67341"}],"wp:term":[{"taxonomy":"category","embeddable":true,"href":"https:\/\/acronoticias.com\/index.php\/wp-json\/wp\/v2\/categories?post=67341"},{"taxonomy":"post_tag","embeddable":true,"href":"https:\/\/acronoticias.com\/index.php\/wp-json\/wp\/v2\/tags?post=67341"}],"curies":[{"name":"wp","href":"https:\/\/api.w.org\/{rel}","templated":true}]}}