{"id":67337,"date":"2026-09-04T15:35:09","date_gmt":"2026-09-04T15:35:09","guid":{"rendered":"https:\/\/acronoticias.com\/index.php\/2026\/09\/04\/joven-asegura-que-presencia-policial-evito-que-delincuentes-consumaran-atraco-frente-a-su-vivienda-en-santiago\/"},"modified":"2026-09-04T15:35:09","modified_gmt":"2026-09-04T15:35:09","slug":"joven-asegura-que-presencia-policial-evito-que-delincuentes-consumaran-atraco-frente-a-su-vivienda-en-santiago","status":"publish","type":"post","link":"https:\/\/acronoticias.com\/index.php\/2026\/09\/04\/joven-asegura-que-presencia-policial-evito-que-delincuentes-consumaran-atraco-frente-a-su-vivienda-en-santiago\/","title":{"rendered":"Joven asegura que presencia policial evit\u00f3 que delincuentes consumaran atraco frente a su vivienda en Santiago"},"content":{"rendered":"<p><img loading=\"lazy\" decoding=\"async\" width=\"355\" height=\"200\" src=\"https:\/\/nuevodiario-assets.s3.us-east-2.amazonaws.com\/wp-content\/uploads\/2026\/09\/WhatsApp-Image-2026-09-04-at-11.31.38-AM-355x200.jpeg\" class=\"webfeedsFeaturedVisual wp-post-image\" alt=\"\" style=\"display: block;margin-bottom: 5px;clear:both;max-width: 100%\" \/><\/p>\n<p class=\"PDq2pG_selectionAnchorContainer\" data-start=\"421\" data-end=\"728\"><strong>EL NUEVO DIARIO,SANTIAGO.-<\/strong>Un joven que asegura haber sido v\u00edctima de un intento de atraco la madrugada del domingo afirm\u00f3 que la presencia de una patrulla motorizada de la Polic\u00eda Nacional fue determinante para preservar su vida y la de la persona que lo acompa\u00f1aba, durante un incidente ocurrido frente a su residencia, en Santiago.<\/p>\n<p data-start=\"730\" data-end=\"1162\">A traves de un video que circula en redes sociales,\u00a0 al parecer, ser\u00eda el propietario de la vivienda ubicada frente al lugar donde posteriormente fueron despojados de sus armas de reglamento y una motocicleta un agente de la Polic\u00eda Nacional y un miembro de las Fuerzas Armadas, cont\u00f3 lo ocurrido la noche de ese dia.<\/p>\n<p data-start=\"1164\" data-end=\"1446\">De acuerdo con el relato del joven, sali\u00f3 de un establecimiento pasadas las 12:00 de la madrugada y se dirigi\u00f3 hacia su residencia. Durante el trayecto, una patrulla motorizada lo observ\u00f3 y decidi\u00f3 acompa\u00f1arlo hasta su casa, debido a que se trataba de una zona con poca circulaci\u00f3n.<\/p>\n<p data-start=\"1448\" data-end=\"1787\">El joven explic\u00f3 que, al llegar a su residencia, varios individuos que presuntamente se encontraban ocultos detr\u00e1s de una pared ingresaron al lugar aprovechando que una de las puertas permanec\u00eda parcialmente abierta. Seg\u00fan su versi\u00f3n, los hombres portaban armas de fuego y habr\u00edan intentado someterlo a \u00e9l y a la persona que lo acompa\u00f1aba.<\/p>\n<p data-start=\"1789\" data-end=\"2089\">Sostuvo que los presuntos delincuentes no fueron detectados inmediatamente por los agentes, pero que al percatarse de la presencia policial intentaron ocultarse. Asegur\u00f3 que, posteriormente, los agentes se dieron cuenta de la situaci\u00f3n y actuaron, evitando que el hecho tuviera consecuencias mayores.<\/p>\n<p data-start=\"2091\" data-end=\"2337\">El joven cuestion\u00f3 las versiones que, seg\u00fan dijo, han circulado en algunos medios y redes sociales responsabilizando a la Polic\u00eda por lo ocurrido, al considerar que la presencia de los agentes fue precisamente lo que permiti\u00f3 evitar una tragedia.<\/p>\n<p data-start=\"2339\" data-end=\"2582\"><strong>\u201cGracias a la Polic\u00eda, gracias a la presencia de esa motorizada, es que yo estoy vivo\u201d<\/strong>, manifest\u00f3 el joven, quien reiter\u00f3 que los presuntos asaltantes, seg\u00fan su versi\u00f3n, portaban armas de fuego y aparentemente no ten\u00edan buenas intenciones.<\/p>\n<p data-start=\"2584\" data-end=\"2763\" data-is-last-node=\"\" data-is-only-node=\"\">El caso contin\u00faa bajo investigaci\u00f3n de las autoridades, que deber\u00e1n establecer las circunstancias en que ocurrieron los hechos y determinar las responsabilidades correspondientes.<\/p>\n<div style=\"width: 464px\" class=\"wp-video\"><video class=\"wp-video-shortcode\" id=\"video-3265032-1\" width=\"464\" height=\"832\" preload=\"metadata\" controls=\"controls\"><a href=\"https:\/\/nuevodiario-assets.s3.us-east-2.amazonaws.com\/wp-content\/uploads\/2026\/09\/WhatsApp-Video-2026-09-04-at-8.52.53-AM.mp4\">https:\/\/nuevodiario-assets.s3.us-east-2.amazonaws.com\/wp-content\/uploads\/2026\/09\/WhatsApp-Video-2026-09-04-at-8.52.53-AM.mp4<\/a><\/video><\/div>\n<p>La entrada <a href=\"https:\/\/elnuevodiario.com.do\/joven-asegura-que-presencia-policial-evito-que-delincuentes-consumaran-atraco-frente-a-su-vivienda-en-santiago\/\">Joven asegura que presencia policial evit\u00f3 que delincuentes consumaran atraco frente a su vivienda en Santiago<\/a> se public\u00f3 primero en <a href=\"https:\/\/elnuevodiario.com.do\">El Nuevo Diario (Rep\u00fablica Dominicana)<\/a>.<\/p>\n","protected":false},"excerpt":{"rendered":"EL NUEVO DIARIO,SANTIAGO.-Un joven que asegura haber sido v\u00edctima de un intento&hellip;\n","protected":false},"author":1,"featured_media":67338,"comment_status":"open","ping_status":"open","sticky":false,"template":"","format":"standard","meta":{"footnotes":""},"categories":[1],"tags":[],"class_list":["post-67337","post","type-post","status-publish","format-standard","has-post-thumbnail","category-nacionales"],"_links":{"self":[{"href":"https:\/\/acronoticias.com\/index.php\/wp-json\/wp\/v2\/posts\/67337","targetHints":{"allow":["GET"]}}],"collection":[{"href":"https:\/\/acronoticias.com\/index.php\/wp-json\/wp\/v2\/posts"}],"about":[{"href":"https:\/\/acronoticias.com\/index.php\/wp-json\/wp\/v2\/types\/post"}],"author":[{"embeddable":true,"href":"https:\/\/acronoticias.com\/index.php\/wp-json\/wp\/v2\/users\/1"}],"replies":[{"embeddable":true,"href":"https:\/\/acronoticias.com\/index.php\/wp-json\/wp\/v2\/comments?post=67337"}],"version-history":[{"count":0,"href":"https:\/\/acronoticias.com\/index.php\/wp-json\/wp\/v2\/posts\/67337\/revisions"}],"wp:featuredmedia":[{"embeddable":true,"href":"https:\/\/acronoticias.com\/index.php\/wp-json\/wp\/v2\/media\/67338"}],"wp:attachment":[{"href":"https:\/\/acronoticias.com\/index.php\/wp-json\/wp\/v2\/media?parent=67337"}],"wp:term":[{"taxonomy":"category","embeddable":true,"href":"https:\/\/acronoticias.com\/index.php\/wp-json\/wp\/v2\/categories?post=67337"},{"taxonomy":"post_tag","embeddable":true,"href":"https:\/\/acronoticias.com\/index.php\/wp-json\/wp\/v2\/tags?post=67337"}],"curies":[{"name":"wp","href":"https:\/\/api.w.org\/{rel}","templated":true}]}}