{"id":67333,"date":"2026-09-04T15:17:42","date_gmt":"2026-09-04T15:17:42","guid":{"rendered":"https:\/\/acronoticias.com\/index.php\/2026\/09\/04\/lisa-encarnacion-encabeza-visita-del-movimiento-emprendedoras-en-accion-al-palacio-nacional\/"},"modified":"2026-09-04T15:17:42","modified_gmt":"2026-09-04T15:17:42","slug":"lisa-encarnacion-encabeza-visita-del-movimiento-emprendedoras-en-accion-al-palacio-nacional","status":"publish","type":"post","link":"https:\/\/acronoticias.com\/index.php\/2026\/09\/04\/lisa-encarnacion-encabeza-visita-del-movimiento-emprendedoras-en-accion-al-palacio-nacional\/","title":{"rendered":"Lisa Encarnaci\u00f3n encabeza visita del Movimiento Emprendedoras en Acci\u00f3n al Palacio Nacional"},"content":{"rendered":"<p><img loading=\"lazy\" decoding=\"async\" width=\"355\" height=\"200\" src=\"https:\/\/nuevodiario-assets.s3.us-east-2.amazonaws.com\/wp-content\/uploads\/2026\/09\/Lisa-Encarnacion-355x200.png\" class=\"webfeedsFeaturedVisual wp-post-image\" alt=\"\" style=\"display: block;margin-bottom: 5px;clear:both;max-width: 100%\" \/><\/p>\n<p><strong>SANTO DOMINGO.-<\/strong> El Movimiento Emprendedoras en Acci\u00f3n realiz\u00f3 una visita al Palacio Nacional de la Rep\u00fablica Dominicana, encabezada por Lisa Encarnaci\u00f3n, como parte de su agenda de formaci\u00f3n, crecimiento, liderazgo y acercamiento a espacios institucionales.<\/p>\n<p>La experiencia permiti\u00f3 a las participantes conocer de cerca uno de los escenarios m\u00e1s importantes de la vida institucional dominicana, ampliar sus conocimientos y fortalecer su visi\u00f3n sobre liderazgo, ciudadan\u00eda, participaci\u00f3n y desarrollo.<\/p>\n<p>Durante la jornada, las emprendedoras tuvieron la oportunidad de vivir una experiencia diferente, pensada para complementar su formaci\u00f3n empresarial con espacios que tambi\u00e9n aporten a su crecimiento personal y profesional.<\/p>\n<p>Lisa Encarnaci\u00f3n destac\u00f3 que el prop\u00f3sito del movimiento es que las mujeres no se limiten \u00fanicamente a desarrollar sus negocios, sino que tambi\u00e9n puedan prepararse, conocer nuevas realidades, fortalecer su seguridad y visualizarse ocupando espacios de mayor liderazgo e incidencia.<\/p>\n<p>\u201cCada experiencia que vivimos tiene un prop\u00f3sito. Queremos mujeres preparadas, seguras, con visi\u00f3n y conscientes de que pueden llegar mucho m\u00e1s lejos de lo que alguna vez imaginaron. Emprender tambi\u00e9n es crecer, aprender, conocer y atreverse a ocupar nuevos espacios\u201d, expres\u00f3 Encarnaci\u00f3n.<\/p>\n<p>La visita al Palacio Nacional forma parte de las iniciativas desarrolladas que busca brindar a sus integrantes oportunidades de capacitaci\u00f3n, integraci\u00f3n, visibilidad, networking y crecimiento.<\/p>\n<p>El movimiento contin\u00faa trabajando en la creaci\u00f3n de experiencias que permitan a las emprendedoras fortalecer sus conocimientos, ampliar su c\u00edrculo de relaciones, descubrir nuevas oportunidades y desarrollar una mentalidad orientada al liderazgo y a la expansi\u00f3n de sus proyectos.<\/p>\n<p>Para Lisa Encarnaci\u00f3n, acercar a las emprendedoras a instituciones, empresas, espacios educativos y escenarios de relevancia nacional representa una herramienta importante para ampliar su perspectiva y estimular nuevas metas.<\/p>\n<p>Con esta visita, Emprendedoras en Acci\u00f3n reafirma su compromiso de seguir creando oportunidades que contribuyan al fortalecimiento de mujeres emprendedoras, empresarias y l\u00edderes capaces de generar impacto positivo en sus comunidades y en el desarrollo econ\u00f3mico y social de la Rep\u00fablica Dominicana.<\/p>\n<p><strong>Sobre el Movimiento Emprendedoras en Acci\u00f3n<\/strong><\/p>\n<p>El Movimiento Emprendedoras en Acci\u00f3n, impulsado por Expansi\u00f3n Media Group SRL, es una comunidad enfocada en la formaci\u00f3n, crecimiento, integraci\u00f3n y visibilidad de mujeres emprendedoras, promoviendo capacitaciones, experiencias empresariales, networking y actividades orientadas al fortalecimiento personal y profesional de sus integrantes.<\/p>\n<p>La entrada <a href=\"https:\/\/elnuevodiario.com.do\/lisa-encarnacion-encabeza-visita-del-movimiento-emprendedoras-en-accion-al-palacio-nacional\/\">Lisa Encarnaci\u00f3n encabeza visita del Movimiento Emprendedoras en Acci\u00f3n al Palacio Nacional<\/a> se public\u00f3 primero en <a href=\"https:\/\/elnuevodiario.com.do\">El Nuevo Diario (Rep\u00fablica Dominicana)<\/a>.<\/p>\n","protected":false},"excerpt":{"rendered":"SANTO DOMINGO.- El Movimiento Emprendedoras en Acci\u00f3n realiz\u00f3 una visita al Palacio&hellip;\n","protected":false},"author":1,"featured_media":67334,"comment_status":"open","ping_status":"open","sticky":false,"template":"","format":"standard","meta":{"footnotes":""},"categories":[1],"tags":[],"class_list":["post-67333","post","type-post","status-publish","format-standard","has-post-thumbnail","category-nacionales"],"_links":{"self":[{"href":"https:\/\/acronoticias.com\/index.php\/wp-json\/wp\/v2\/posts\/67333","targetHints":{"allow":["GET"]}}],"collection":[{"href":"https:\/\/acronoticias.com\/index.php\/wp-json\/wp\/v2\/posts"}],"about":[{"href":"https:\/\/acronoticias.com\/index.php\/wp-json\/wp\/v2\/types\/post"}],"author":[{"embeddable":true,"href":"https:\/\/acronoticias.com\/index.php\/wp-json\/wp\/v2\/users\/1"}],"replies":[{"embeddable":true,"href":"https:\/\/acronoticias.com\/index.php\/wp-json\/wp\/v2\/comments?post=67333"}],"version-history":[{"count":0,"href":"https:\/\/acronoticias.com\/index.php\/wp-json\/wp\/v2\/posts\/67333\/revisions"}],"wp:featuredmedia":[{"embeddable":true,"href":"https:\/\/acronoticias.com\/index.php\/wp-json\/wp\/v2\/media\/67334"}],"wp:attachment":[{"href":"https:\/\/acronoticias.com\/index.php\/wp-json\/wp\/v2\/media?parent=67333"}],"wp:term":[{"taxonomy":"category","embeddable":true,"href":"https:\/\/acronoticias.com\/index.php\/wp-json\/wp\/v2\/categories?post=67333"},{"taxonomy":"post_tag","embeddable":true,"href":"https:\/\/acronoticias.com\/index.php\/wp-json\/wp\/v2\/tags?post=67333"}],"curies":[{"name":"wp","href":"https:\/\/api.w.org\/{rel}","templated":true}]}}