{"id":67327,"date":"2026-09-04T14:35:50","date_gmt":"2026-09-04T14:35:50","guid":{"rendered":"https:\/\/acronoticias.com\/index.php\/2026\/09\/04\/a-recuperar-el-trono-marileidy-paulino-busca-su-cuarta-corona-en-la-liga-diamante\/"},"modified":"2026-09-04T14:35:50","modified_gmt":"2026-09-04T14:35:50","slug":"a-recuperar-el-trono-marileidy-paulino-busca-su-cuarta-corona-en-la-liga-diamante","status":"publish","type":"post","link":"https:\/\/acronoticias.com\/index.php\/2026\/09\/04\/a-recuperar-el-trono-marileidy-paulino-busca-su-cuarta-corona-en-la-liga-diamante\/","title":{"rendered":"\u00a1A recuperar el trono! Marileidy Paulino busca su cuarta corona en la Liga Diamante"},"content":{"rendered":"<div>\n<p class=\"wp-block-paragraph\"><strong>BRUSELAS. \u2013<\/strong> La corona cambi\u00f3 de due\u00f1a, pero Marileidy Paulino est\u00e1 de regreso y quiere recuperarla.<\/p>\n<p class=\"wp-block-paragraph\">Casi un a\u00f1o despu\u00e9s de perder el t\u00edtulo que conquist\u00f3 durante tres temporadas consecutivas, la campeona ol\u00edmpica dominicana vuelve este s\u00e1bado al Estadio Rey Balduino de Bruselas con la oportunidad de recuperar el trono de los 400 metros de la Liga de Diamante y sumar su <strong>cuarta corona<\/strong> en el prestigioso circuito.<\/p>\n<p class=\"wp-block-paragraph\">Paulino llega a la gran final como <strong>l\u00edder del ranking mundial<\/strong> y respaldada por una temporada en la que ha mostrado una notable regularidad y dominio sobre la vuelta al \u00f3valo.<\/p>\n<p class=\"wp-block-paragraph\">M\u00e1s que un nuevo trofeo, un triunfo en Bruselas representar\u00eda otro paso en la construcci\u00f3n de un legado que ya la coloca entre las grandes figuras del atletismo dominicano.<\/p>\n<figure class=\"wp-block-image size-large\"><img data-recalc-dims=\"1\" fetchpriority=\"high\" decoding=\"async\" width=\"696\" height=\"392\" data-attachment-id=\"524614\" data-permalink=\"https:\/\/rnn.com.do\/a-recuperar-el-trono-marileidy-paulino-busca-su-cuarta-corona-en-la-liga-diamante\/mayor-7-3\/\" data-orig-file=\"https:\/\/i0.wp.com\/rnn.com.do\/wp-content\/uploads\/2026\/09\/mayor-7.jpg?fit=1920%2C1080&ssl=1\" data-orig-size=\"1920,1080\" data-comments-opened=\"1\" data-image-meta=\"{&quot;aperture&quot;:&quot;0&quot;,&quot;credit&quot;:&quot;&quot;,&quot;camera&quot;:&quot;&quot;,&quot;caption&quot;:&quot;&quot;,&quot;created_timestamp&quot;:&quot;0&quot;,&quot;copyright&quot;:&quot;&quot;,&quot;focal_length&quot;:&quot;0&quot;,&quot;iso&quot;:&quot;0&quot;,&quot;shutter_speed&quot;:&quot;0&quot;,&quot;title&quot;:&quot;&quot;,&quot;orientation&quot;:&quot;0&quot;,&quot;alt&quot;:&quot;&quot;}\" data-image-title=\"mayor  (7)\" data-image-description=\"\" data-image-caption=\"\" data-large-file=\"https:\/\/i0.wp.com\/rnn.com.do\/wp-content\/uploads\/2026\/09\/mayor-7.jpg?fit=696%2C392&ssl=1\" src=\"https:\/\/i0.wp.com\/rnn.com.do\/wp-content\/uploads\/2026\/09\/mayor-7.jpg?resize=696%2C392&ssl=1\" alt=\"\" class=\"wp-image-524614\" srcset=\"https:\/\/i0.wp.com\/rnn.com.do\/wp-content\/uploads\/2026\/09\/mayor-7.jpg?resize=1024%2C576&ssl=1 1024w, https:\/\/i0.wp.com\/rnn.com.do\/wp-content\/uploads\/2026\/09\/mayor-7.jpg?resize=300%2C169&ssl=1 300w, https:\/\/i0.wp.com\/rnn.com.do\/wp-content\/uploads\/2026\/09\/mayor-7.jpg?resize=768%2C432&ssl=1 768w, https:\/\/i0.wp.com\/rnn.com.do\/wp-content\/uploads\/2026\/09\/mayor-7.jpg?resize=1536%2C864&ssl=1 1536w, https:\/\/i0.wp.com\/rnn.com.do\/wp-content\/uploads\/2026\/09\/mayor-7.jpg?resize=747%2C420&ssl=1 747w, https:\/\/i0.wp.com\/rnn.com.do\/wp-content\/uploads\/2026\/09\/mayor-7.jpg?resize=150%2C84&ssl=1 150w, https:\/\/i0.wp.com\/rnn.com.do\/wp-content\/uploads\/2026\/09\/mayor-7.jpg?resize=696%2C392&ssl=1 696w, https:\/\/i0.wp.com\/rnn.com.do\/wp-content\/uploads\/2026\/09\/mayor-7.jpg?resize=1068%2C601&ssl=1 1068w, https:\/\/i0.wp.com\/rnn.com.do\/wp-content\/uploads\/2026\/09\/mayor-7.jpg?w=1920&ssl=1 1920w, https:\/\/i0.wp.com\/rnn.com.do\/wp-content\/uploads\/2026\/09\/mayor-7.jpg?w=1392&ssl=1 1392w\" sizes=\"(max-width: 696px) 100vw, 696px\"\/><\/figure>\n<h2 id=\"marileidy-paulino-camino-a-la-historia\" class=\"wp-block-heading\"><strong>Marileidy Paulino, camino a la historia<\/strong><\/h2>\n<p class=\"wp-block-paragraph\">La \u201c<strong>Gacela de Nizao<\/strong>\u201d ha construido un palmar\u00e9s de primer nivel: <strong>oro ol\u00edmpico en Par\u00eds 2024, plata en Tokio 2020, campeonato mundial en 2023 y medallas de plata en los Mundiales de 2022 y 2025<\/strong>.<\/p>\n<p class=\"wp-block-paragraph\">Su trayectoria comienza inevitablemente a compararse con la de <strong>F\u00e9lix S\u00e1nchez<\/strong>, durante a\u00f1os considerado la m\u00e1xima referencia del atletismo dominicano.<\/p>\n<p class=\"wp-block-paragraph\">El \u201c<strong>SuperS\u00e1nchez<\/strong>\u201d conquist\u00f3 dos medallas de oro ol\u00edmpicas, separadas por ocho a\u00f1os, adem\u00e1s de dos campeonatos mundiales. Tambi\u00e9n protagoniz\u00f3 una impresionante racha de <strong>43 victorias consecutivas entre 2001 y 2004<\/strong> en los 400 metros con vallas.<\/p>\n<p class=\"wp-block-paragraph\">Paulino todav\u00eda tiene terreno por recorrer en esa comparaci\u00f3n, pero cada nuevo t\u00edtulo internacional fortalece su candidatura a ocupar un lugar entre los atletas dominicanos m\u00e1s destacados de todos los tiempos.<\/p>\n<h2 id=\"el-record-que-desafia-al-tiempo\" class=\"wp-block-heading\"><strong>El r\u00e9cord que desaf\u00eda al tiempo<\/strong><\/h2>\n<p class=\"wp-block-paragraph\">Entre las grandes fronteras que todav\u00eda podr\u00eda desafiar Paulino est\u00e1 el <strong>r\u00e9cord mundial de los 400 metros femeninos<\/strong>, una marca que permanece vigente desde hace m\u00e1s de cuatro d\u00e9cadas.<\/p>\n<p class=\"wp-block-paragraph\">La alemana <strong>Marita Koch<\/strong> estableci\u00f3 el r\u00e9cord de <strong>47.60 segundos<\/strong> el 6 de octubre de 1985, durante la Copa del Mundo celebrada en Camberra, Australia.<\/p>\n<p class=\"wp-block-paragraph\">Paulino tiene como mejor registro de la temporada <strong>48.48 segundos<\/strong>, conseguido en Par\u00eds. Aunque la marca de Koch contin\u00faa siendo una referencia de enorme dificultad, la dominicana se ha consolidado como una de las grandes especialistas de la prueba en el atletismo mundial.<\/p>\n<p class=\"wp-block-paragraph\">Su temporada refuerza esa condici\u00f3n: Paulino se impuso en las <strong>cinco reuniones de la Liga de Diamante<\/strong> en las que particip\u00f3, todas con tiempos inferiores a los 49 segundos.<\/p>\n<figure class=\"wp-block-image size-large\"><img loading=\"lazy\" decoding=\"async\" width=\"1024\" height=\"575\" data-attachment-id=\"524616\" data-permalink=\"https:\/\/rnn.com.do\/a-recuperar-el-trono-marileidy-paulino-busca-su-cuarta-corona-en-la-liga-diamante\/rrhzrumwjfmej8q6qdks\/\" data-orig-file=\"https:\/\/rnn.com.do\/wp-content\/uploads\/2026\/09\/rrhzrumwjfmej8q6qdks.avif\" data-orig-size=\"1920,1079\" data-comments-opened=\"1\" data-image-meta=\"{&quot;aperture&quot;:&quot;0&quot;,&quot;credit&quot;:&quot;&quot;,&quot;camera&quot;:&quot;&quot;,&quot;caption&quot;:&quot;&quot;,&quot;created_timestamp&quot;:&quot;0&quot;,&quot;copyright&quot;:&quot;&quot;,&quot;focal_length&quot;:&quot;0&quot;,&quot;iso&quot;:&quot;0&quot;,&quot;shutter_speed&quot;:&quot;0&quot;,&quot;title&quot;:&quot;&quot;,&quot;orientation&quot;:&quot;0&quot;,&quot;alt&quot;:&quot;&quot;}\" data-image-title=\"rrhzrumwjfmej8q6qdks\" data-image-description=\"\" data-image-caption=\"\" data-large-file=\"https:\/\/rnn.com.do\/wp-content\/uploads\/2026\/09\/rrhzrumwjfmej8q6qdks-1024x575.avif\" src=\"https:\/\/rnn.com.do\/wp-content\/uploads\/2026\/09\/rrhzrumwjfmej8q6qdks-1024x575.avif\" alt=\"\" class=\"wp-image-524616\" srcset=\"https:\/\/rnn.com.do\/wp-content\/uploads\/2026\/09\/rrhzrumwjfmej8q6qdks-1024x575.avif 1024w, https:\/\/rnn.com.do\/wp-content\/uploads\/2026\/09\/rrhzrumwjfmej8q6qdks-300x169.avif 300w, https:\/\/rnn.com.do\/wp-content\/uploads\/2026\/09\/rrhzrumwjfmej8q6qdks-768x432.avif 768w, https:\/\/rnn.com.do\/wp-content\/uploads\/2026\/09\/rrhzrumwjfmej8q6qdks-1536x863.avif 1536w, https:\/\/rnn.com.do\/wp-content\/uploads\/2026\/09\/rrhzrumwjfmej8q6qdks-747x420.avif 747w, https:\/\/rnn.com.do\/wp-content\/uploads\/2026\/09\/rrhzrumwjfmej8q6qdks-150x84.avif 150w, https:\/\/rnn.com.do\/wp-content\/uploads\/2026\/09\/rrhzrumwjfmej8q6qdks-696x391.avif 696w, https:\/\/rnn.com.do\/wp-content\/uploads\/2026\/09\/rrhzrumwjfmej8q6qdks-1068x600.avif 1068w, https:\/\/rnn.com.do\/wp-content\/uploads\/2026\/09\/rrhzrumwjfmej8q6qdks.avif 1920w, https:\/\/rnn.com.do\/wp-content\/uploads\/2026\/09\/rrhzrumwjfmej8q6qdks.avif 1392w\" sizes=\"auto, (max-width: 696px) 100vw, 696px\"\/><\/figure>\n<h2 id=\"una-corona-que-quiere-recuperar\" class=\"wp-block-heading\">Una corona que quiere recuperar<\/h2>\n<p class=\"wp-block-paragraph\">En Bruselas, la dominicana tendr\u00e1 adem\u00e1s la oportunidad de recuperar el t\u00edtulo de la final de los 400 metros que perdi\u00f3 el a\u00f1o pasado ante <strong>Salwa Eid Naser<\/strong>.<\/p>\n<p class=\"wp-block-paragraph\">Antes de esa derrota, Paulino hab\u00eda dominado la prueba al ganar las ediciones de <strong>2022, 2023 y 2024<\/strong>.<\/p>\n<p class=\"wp-block-paragraph\">Ahora, un triunfo le permitir\u00eda conquistar por cuarta vez el t\u00edtulo de la Liga de Diamante y regresar al lugar que ocup\u00f3 durante tres temporadas consecutivas.<\/p>\n<p class=\"wp-block-paragraph\">Pero para conseguirlo tendr\u00e1 que superar a un grupo de corredoras que llega dispuesta a impedir su regreso a la cima.<\/p>\n<p class=\"wp-block-paragraph\">Entre sus principales rivales figuran la noruega <strong>Henriette Jaeger<\/strong>, la polaca <strong>Natalia Bukowiecka<\/strong>, la cubana <strong>Roxana G\u00f3mez<\/strong>, la checa <strong>Lurdes Gloria Manuel<\/strong> y la jamaiquina <strong>Nickisha Price<\/strong>.<\/p>\n<p class=\"wp-block-paragraph\">La final femenina de los 400 metros est\u00e1 programada para las <strong>2:09 de la tarde, hora dominicana<\/strong>, en el Estadio Rey Balduino de Bruselas.<\/p>\n<figure class=\"wp-block-image size-large\"><img loading=\"lazy\" data-recalc-dims=\"1\" decoding=\"async\" width=\"696\" height=\"464\" data-attachment-id=\"524613\" data-permalink=\"https:\/\/rnn.com.do\/a-recuperar-el-trono-marileidy-paulino-busca-su-cuarta-corona-en-la-liga-diamante\/athletics-diamond-qat-2\/\" data-orig-file=\"https:\/\/i0.wp.com\/rnn.com.do\/wp-content\/uploads\/2026\/09\/AFP__20260619__B7P28YU__v1__HighRes__AthleticsDiamondQat-1-scaled.jpg?fit=2560%2C1707&ssl=1\" data-orig-size=\"2560,1707\" data-comments-opened=\"1\" data-image-meta=\"{&quot;aperture&quot;:&quot;0&quot;,&quot;credit&quot;:&quot;AFP&quot;,&quot;camera&quot;:&quot;&quot;,&quot;caption&quot;:&quot;The Dominican Republic's Marileidy Paulino competes in the women's 400m final during the IAAF Diamond League competition at Suheim Bin Hamad Stadium in Doha on June 19, 2026. (Photo by MAHMUD HAMS \/ AFP)&quot;,&quot;created_timestamp&quot;:&quot;1781905050&quot;,&quot;copyright&quot;:&quot;AFP or licensors&quot;,&quot;focal_length&quot;:&quot;0&quot;,&quot;iso&quot;:&quot;0&quot;,&quot;shutter_speed&quot;:&quot;0&quot;,&quot;title&quot;:&quot;ATHLETICS-DIAMOND-QAT&quot;,&quot;orientation&quot;:&quot;0&quot;,&quot;alt&quot;:&quot;&quot;}\" data-image-title=\"ATHLETICS-DIAMOND-QAT\" data-image-description=\"\" data-image-caption=\"<p>The Dominican Republic\u2019s Marileidy Paulino competes in the women\u2019s 400m final during the IAAF Diamond League competition at Suheim Bin Hamad Stadium in Doha on June 19, 2026. (Photo by MAHMUD HAMS \/ AFP)<\/p>\n\" data-large-file=\"https:\/\/i0.wp.com\/rnn.com.do\/wp-content\/uploads\/2026\/09\/AFP__20260619__B7P28YU__v1__HighRes__AthleticsDiamondQat-1-scaled.jpg?fit=696%2C464&ssl=1\" src=\"https:\/\/i0.wp.com\/rnn.com.do\/wp-content\/uploads\/2026\/09\/AFP__20260619__B7P28YU__v1__HighRes__AthleticsDiamondQat-1.jpg?resize=696%2C464&ssl=1\" alt=\"\" class=\"wp-image-524613\" srcset=\"https:\/\/i0.wp.com\/rnn.com.do\/wp-content\/uploads\/2026\/09\/AFP__20260619__B7P28YU__v1__HighRes__AthleticsDiamondQat-1-scaled.jpg?resize=1024%2C683&ssl=1 1024w, https:\/\/i0.wp.com\/rnn.com.do\/wp-content\/uploads\/2026\/09\/AFP__20260619__B7P28YU__v1__HighRes__AthleticsDiamondQat-1-scaled.jpg?resize=300%2C200&ssl=1 300w, https:\/\/i0.wp.com\/rnn.com.do\/wp-content\/uploads\/2026\/09\/AFP__20260619__B7P28YU__v1__HighRes__AthleticsDiamondQat-1-scaled.jpg?resize=768%2C512&ssl=1 768w, https:\/\/i0.wp.com\/rnn.com.do\/wp-content\/uploads\/2026\/09\/AFP__20260619__B7P28YU__v1__HighRes__AthleticsDiamondQat-1-scaled.jpg?resize=1536%2C1024&ssl=1 1536w, https:\/\/i0.wp.com\/rnn.com.do\/wp-content\/uploads\/2026\/09\/AFP__20260619__B7P28YU__v1__HighRes__AthleticsDiamondQat-1-scaled.jpg?resize=2048%2C1365&ssl=1 2048w, https:\/\/i0.wp.com\/rnn.com.do\/wp-content\/uploads\/2026\/09\/AFP__20260619__B7P28YU__v1__HighRes__AthleticsDiamondQat-1-scaled.jpg?resize=630%2C420&ssl=1 630w, https:\/\/i0.wp.com\/rnn.com.do\/wp-content\/uploads\/2026\/09\/AFP__20260619__B7P28YU__v1__HighRes__AthleticsDiamondQat-1-scaled.jpg?resize=150%2C100&ssl=1 150w, https:\/\/i0.wp.com\/rnn.com.do\/wp-content\/uploads\/2026\/09\/AFP__20260619__B7P28YU__v1__HighRes__AthleticsDiamondQat-1-scaled.jpg?resize=696%2C464&ssl=1 696w, https:\/\/i0.wp.com\/rnn.com.do\/wp-content\/uploads\/2026\/09\/AFP__20260619__B7P28YU__v1__HighRes__AthleticsDiamondQat-1-scaled.jpg?resize=1068%2C712&ssl=1 1068w, https:\/\/i0.wp.com\/rnn.com.do\/wp-content\/uploads\/2026\/09\/AFP__20260619__B7P28YU__v1__HighRes__AthleticsDiamondQat-1-scaled.jpg?resize=1920%2C1280&ssl=1 1920w, https:\/\/i0.wp.com\/rnn.com.do\/wp-content\/uploads\/2026\/09\/AFP__20260619__B7P28YU__v1__HighRes__AthleticsDiamondQat-1-scaled.jpg?w=1392&ssl=1 1392w\" sizes=\"auto, (max-width: 696px) 100vw, 696px\"\/><\/figure>\n<h2 id=\"un-club-reservado-para-las-grandes-campeonas\" class=\"wp-block-heading\">Un club reservado para las grandes campeonas<\/h2>\n<p class=\"wp-block-paragraph\">Conquistar una cuarta corona colocar\u00eda a Paulino en un grupo reducido de atletas que han dominado sus respectivas especialidades durante varias temporadas en la Liga de Diamante.<\/p>\n<p class=\"wp-block-paragraph\">Desde la creaci\u00f3n del formato moderno del circuito en 2010, figuras como la colombiana <strong>Caterine Ibarg\u00fcen<\/strong>, con cinco t\u00edtulos en salto triple; la neozelandesa <strong>Valerie Adams<\/strong>, con seis en impulso de bala; la croata <strong>Sandra Perkovi\u0107<\/strong>, con seis en lanzamiento de disco; y la neerlandesa <strong>Femke Bol<\/strong>, con cinco en los 400 metros con vallas, han dejado su huella en ese selecto grupo.<\/p>\n<p class=\"wp-block-paragraph\">Paulino tiene ahora la oportunidad de escribir su nombre junto a ellas.<\/p>\n<p class=\"wp-block-paragraph\">Un cuarto t\u00edtulo no solo significar\u00eda recuperar una corona perdida. Ser\u00eda tambi\u00e9n otro argumento para una discusi\u00f3n cada vez m\u00e1s inevitable: <strong>\u00bfhasta d\u00f3nde puede llegar Marileidy Paulino en la historia del atletismo dominicano?<\/strong><\/p>\n<\/div>\n","protected":false},"excerpt":{"rendered":"BRUSELAS. \u2013 La corona cambi\u00f3 de due\u00f1a, pero Marileidy Paulino est\u00e1 de&hellip;\n","protected":false},"author":1,"featured_media":67328,"comment_status":"open","ping_status":"open","sticky":false,"template":"","format":"standard","meta":{"footnotes":""},"categories":[2],"tags":[],"class_list":["post-67327","post","type-post","status-publish","format-standard","has-post-thumbnail","category-deporte"],"_links":{"self":[{"href":"https:\/\/acronoticias.com\/index.php\/wp-json\/wp\/v2\/posts\/67327","targetHints":{"allow":["GET"]}}],"collection":[{"href":"https:\/\/acronoticias.com\/index.php\/wp-json\/wp\/v2\/posts"}],"about":[{"href":"https:\/\/acronoticias.com\/index.php\/wp-json\/wp\/v2\/types\/post"}],"author":[{"embeddable":true,"href":"https:\/\/acronoticias.com\/index.php\/wp-json\/wp\/v2\/users\/1"}],"replies":[{"embeddable":true,"href":"https:\/\/acronoticias.com\/index.php\/wp-json\/wp\/v2\/comments?post=67327"}],"version-history":[{"count":0,"href":"https:\/\/acronoticias.com\/index.php\/wp-json\/wp\/v2\/posts\/67327\/revisions"}],"wp:featuredmedia":[{"embeddable":true,"href":"https:\/\/acronoticias.com\/index.php\/wp-json\/wp\/v2\/media\/67328"}],"wp:attachment":[{"href":"https:\/\/acronoticias.com\/index.php\/wp-json\/wp\/v2\/media?parent=67327"}],"wp:term":[{"taxonomy":"category","embeddable":true,"href":"https:\/\/acronoticias.com\/index.php\/wp-json\/wp\/v2\/categories?post=67327"},{"taxonomy":"post_tag","embeddable":true,"href":"https:\/\/acronoticias.com\/index.php\/wp-json\/wp\/v2\/tags?post=67327"}],"curies":[{"name":"wp","href":"https:\/\/api.w.org\/{rel}","templated":true}]}}