{"id":67325,"date":"2026-09-04T14:32:50","date_gmt":"2026-09-04T14:32:50","guid":{"rendered":"https:\/\/acronoticias.com\/index.php\/2026\/09\/04\/premios-juventud-2026-republica-dominicana-dice-presente-con-una-destacada-representacion-artistica\/"},"modified":"2026-09-04T14:32:50","modified_gmt":"2026-09-04T14:32:50","slug":"premios-juventud-2026-republica-dominicana-dice-presente-con-una-destacada-representacion-artistica","status":"publish","type":"post","link":"https:\/\/acronoticias.com\/index.php\/2026\/09\/04\/premios-juventud-2026-republica-dominicana-dice-presente-con-una-destacada-representacion-artistica\/","title":{"rendered":"Premios Juventud 2026: Rep\u00fablica Dominicana dice presente con una destacada representaci\u00f3n art\u00edstica"},"content":{"rendered":"<div>\n<div class=\"c-detail__author full\">\n<div>\n<div class=\"c-detail__author__thumb\">\n<figure>\n                                <picture src=\"https:\/\/imagenes.hoy.com.do\/files\/image_square_xs\/uploads\/2025\/11\/10\/6911b3b5d935b.png\" data-size=\"w:40,h:40\">\n                                    <img decoding=\"async\" loading=\"lazy\" alt=\"Hoy .\" width=\"40\" height=\"40\" src=\"https:\/\/imagenes.hoy.com.do\/files\/image_square_xs\/uploads\/2025\/11\/10\/6911b3b5d935b.png\"\/>\n                                <\/picture>\n                                <\/figure>\n<\/div>\n<\/div>\n<\/div>\n<p>                                                                                            <!-- --><\/p>\n<p class=\"paragraph\">La<a href=\"https:\/\/x.com\/PeriodicoHoy\"> m\u00fasica dominicana<\/a> tuvo su presencia en la edici\u00f3n 2026 de los Premios Juventud, celebrada este jueves 3 de septiembre en Marbella, Espa\u00f1a.<\/p>\n<p class=\"paragraph\">Figuras de la bachata, el dembow y otros g\u00e9neros representaron al pa\u00eds en una ceremonia hist\u00f3rica.<\/p>\n<p class=\"paragraph\">Entre los grandes protagonistas de la noche estuvieron Romeo Santos y Prince Royce, quienes conquistaron tres reconocimientos cada uno.<\/p>\n<figure class=\"c-detail__media \"><figcaption class=\"c-detail__media__txt\">\n<p class=\"c-detail__media__subtitle\">\n<p>        <span class=\"c-detail__media__credit \">Romeo Santos y Prince Royce<\/span><span class=\"c-detail__media__author \">Fuente externa<\/span><\/p>\n<\/figcaption><\/figure>\n<p class=\"paragraph\">El d\u00fao obtuvo el premio a Mejor \u00c1lbum Tropical por Better Late Than Never, mientras que Lokita por m\u00ed gan\u00f3 en la categor\u00eda Tropical Mix y Dardos se llev\u00f3 el reconocimiento de Tropical Hit.<\/p>\n<p class=\"paragraph\">La representaci\u00f3n dominicana tuvo adem\u00e1s un rostro importante en la conducci\u00f3n.<\/p>\n<p class=\"paragraph\">La comunicadora Clarissa Molina y Caroline Aquino a asumieron como presentadoras de la ceremonia.<\/p>\n<figure class=\"c-detail__media \"><figcaption class=\"c-detail__media__txt\">\n<p class=\"c-detail__media__subtitle\">\n<p>        <span class=\"c-detail__media__credit \">Clarisa Molina<\/span><\/p>\n<\/figcaption><\/figure>\n<figure class=\"c-detail__media \"><figcaption class=\"c-detail__media__txt\">\n<p class=\"c-detail__media__subtitle\">\n<p>        <span class=\"c-detail__media__credit \">Caroline Aquino<\/span><\/p>\n<\/figcaption><\/figure>\n<p class=\"paragraph\">Arlene MC y Jey One tambi\u00e9n subieron al escenario para cerrar con broche de oro Premios Juventud 2026 y cantan \u2018Saca Punta\u2019. \u00a1A mover el cuerpo!.\u00a0<\/p>\n<p class=\"paragraph\">Se recuerda que la edici\u00f3n n\u00famero 23 de los galardones marc\u00f3 un precedente al realizarse por primera vez fuera del continente americano.<\/p>\n<p class=\"paragraph\">El evento reuni\u00f3 a artistas de diferentes generaciones y g\u00e9neros y cont\u00f3 con 338 nominados distribuidos en 50 categor\u00edas.<\/p>\n<figure class=\"c-detail__media \"><figcaption class=\"c-detail__media__txt\">\n<p class=\"c-detail__media__subtitle\">\n<p>        <span class=\"c-detail__media__credit \">Arlene<\/span><\/p>\n<\/figcaption><\/figure>\n<div class=\"c-detail__box \">\n<article class=\"c-detail__sumario \">\n<figure class=\"c-detail__sumario__thumb\" style=\"display: block;\">\n            <a href=\"#\" title=\"\">\n                <picture data-size=\"w:140,h:140\" loading=\"lazy\" src=\"https:\/\/imagenes.hoy.com.do\/files\/related_image\/uploads\/2026\/09\/04\/6a9ac90128d29.png\" data-full-src=\"https:\/\/imagenes.hoy.com.do\/uploads\/2026\/09\/04\/6a9ac90128d29.png\">\n                    <img loading=\"lazy\" decoding=\"async\" width=\"140\" height=\"140\" alt=\"Imagen de referencia\" src=\"https:\/\/imagenes.hoy.com.do\/uploads\/2026\/09\/04\/6a9ac90128d29.png\"\/>\n                <\/picture>\n            <\/a><br \/>\n        <\/figure>\n<\/article>\n<\/div><\/div>\n","protected":false},"excerpt":{"rendered":"La m\u00fasica dominicana tuvo su presencia en la edici\u00f3n 2026 de los&hellip;\n","protected":false},"author":1,"featured_media":67326,"comment_status":"open","ping_status":"open","sticky":false,"template":"","format":"standard","meta":{"footnotes":""},"categories":[3],"tags":[],"class_list":["post-67325","post","type-post","status-publish","format-standard","has-post-thumbnail","category-internacionales"],"_links":{"self":[{"href":"https:\/\/acronoticias.com\/index.php\/wp-json\/wp\/v2\/posts\/67325","targetHints":{"allow":["GET"]}}],"collection":[{"href":"https:\/\/acronoticias.com\/index.php\/wp-json\/wp\/v2\/posts"}],"about":[{"href":"https:\/\/acronoticias.com\/index.php\/wp-json\/wp\/v2\/types\/post"}],"author":[{"embeddable":true,"href":"https:\/\/acronoticias.com\/index.php\/wp-json\/wp\/v2\/users\/1"}],"replies":[{"embeddable":true,"href":"https:\/\/acronoticias.com\/index.php\/wp-json\/wp\/v2\/comments?post=67325"}],"version-history":[{"count":0,"href":"https:\/\/acronoticias.com\/index.php\/wp-json\/wp\/v2\/posts\/67325\/revisions"}],"wp:featuredmedia":[{"embeddable":true,"href":"https:\/\/acronoticias.com\/index.php\/wp-json\/wp\/v2\/media\/67326"}],"wp:attachment":[{"href":"https:\/\/acronoticias.com\/index.php\/wp-json\/wp\/v2\/media?parent=67325"}],"wp:term":[{"taxonomy":"category","embeddable":true,"href":"https:\/\/acronoticias.com\/index.php\/wp-json\/wp\/v2\/categories?post=67325"},{"taxonomy":"post_tag","embeddable":true,"href":"https:\/\/acronoticias.com\/index.php\/wp-json\/wp\/v2\/tags?post=67325"}],"curies":[{"name":"wp","href":"https:\/\/api.w.org\/{rel}","templated":true}]}}