{"id":67321,"date":"2026-09-04T14:13:34","date_gmt":"2026-09-04T14:13:34","guid":{"rendered":"https:\/\/acronoticias.com\/index.php\/2026\/09\/04\/paliza-deja-abierta-la-posibilidad-de-impulsar-un-proyecto-politico-tras-concluir-su-gestion-en-el-prm\/"},"modified":"2026-09-04T14:13:34","modified_gmt":"2026-09-04T14:13:34","slug":"paliza-deja-abierta-la-posibilidad-de-impulsar-un-proyecto-politico-tras-concluir-su-gestion-en-el-prm","status":"publish","type":"post","link":"https:\/\/acronoticias.com\/index.php\/2026\/09\/04\/paliza-deja-abierta-la-posibilidad-de-impulsar-un-proyecto-politico-tras-concluir-su-gestion-en-el-prm\/","title":{"rendered":"Paliza deja abierta la posibilidad de impulsar un proyecto pol\u00edtico tras concluir su gesti\u00f3n en el PRM"},"content":{"rendered":"<p><img loading=\"lazy\" decoding=\"async\" width=\"355\" height=\"200\" src=\"https:\/\/nuevodiario-assets.s3.us-east-2.amazonaws.com\/wp-content\/uploads\/2026\/09\/WhatsApp-Image-2026-09-04-at-10.08.54-AM-355x200.jpeg\" class=\"webfeedsFeaturedVisual wp-post-image\" alt=\"\" style=\"display: block;margin-bottom: 5px;clear:both;max-width: 100%\" \/><\/p>\n<p><strong>EL NUEVO DIARIO, SANTIAGO. \u2013<\/strong> El ministro de la Presidencia y presidente del Partido Revolucionario Moderno (PRM), Jos\u00e9 Ignacio Paliza, dej\u00f3 abierta la posibilidad de desarrollar un proyecto pol\u00edtico personal una vez concluya este domingo su gesti\u00f3n al frente de la organizaci\u00f3n, posici\u00f3n que ha ocupado durante los \u00faltimos ocho a\u00f1os.<\/p>\n<p>Paliza explic\u00f3 que, mientras ha ejercido la presidencia del PRM, se ha mantenido apegado a la institucionalidad y ha concentrado sus esfuerzos en contribuir al fortalecimiento del partido, sin estimular aspiraciones o proyectos pol\u00edticos de car\u00e1cter personal.<\/p>\n<p>\u201cHasta el momento, hasta el domingo, soy presidente del partido y en mis ocho a\u00f1os como presidente del partido he sido institucional. He colaborado con la suerte del partido; no he estimulado un proyecto personal\u201d, afirm\u00f3.<\/p>\n<p>El dirigente oficialista, sin embargo, sostuvo que a partir de la conclusi\u00f3n de su responsabilidad partidaria tendr\u00e1 mayores libertades para evaluar su futuro pol\u00edtico y explorar nuevas posibilidades.<\/p>\n<p>\u201cA partir del domingo tengo mayores libertades para pensar, so\u00f1ar, acompa\u00f1ar a otros, ya veremos\u201d, expres\u00f3 Paliza, sin precisar si contempla presentar una candidatura o impulsar formalmente un proyecto pol\u00edtico propio.<\/p>\n<p>El ministro insisti\u00f3 en que, antes de cualquier definici\u00f3n sobre su futuro, su prioridad es culminar su gesti\u00f3n al frente del PRM en un ambiente de unidad.<\/p>\n<p>\u201cLo importante en este trayecto es culminar, culminar en unidad como hemos venido haciendo durante los \u00faltimos ocho a\u00f1os\u201d, manifest\u00f3.<\/p>\n<p>Las declaraciones de Paliza se producen en momentos en que el PRM se encamina a una nueva etapa con la renovaci\u00f3n de su direcci\u00f3n partidaria. Su eventual decisi\u00f3n de impulsar un proyecto pol\u00edtico propio podr\u00eda convertirse en uno de los temas de mayor atenci\u00f3n dentro del oficialismo, aunque por el momento el dirigente mantiene abierta la posibilidad sin confirmar una aspiraci\u00f3n espec\u00edfica.<\/p>\n<div style=\"width: 640px\" class=\"wp-video\"><video class=\"wp-video-shortcode\" id=\"video-3264897-1\" width=\"640\" height=\"360\" preload=\"metadata\" controls=\"controls\"><a href=\"https:\/\/nuevodiario-assets.s3.us-east-2.amazonaws.com\/wp-content\/uploads\/2026\/09\/WhatsApp-Video-2026-09-04-at-9.09.59-AM-1.mp4\">https:\/\/nuevodiario-assets.s3.us-east-2.amazonaws.com\/wp-content\/uploads\/2026\/09\/WhatsApp-Video-2026-09-04-at-9.09.59-AM-1.mp4<\/a><\/video><\/div>\n<p>La entrada <a href=\"https:\/\/elnuevodiario.com.do\/paliza-deja-abierta-la-posibilidad-de-impulsar-un-proyecto-politico-tras-concluir-su-gestion-en-el-prm\/\">Paliza deja abierta la posibilidad de impulsar un proyecto pol\u00edtico tras concluir su gesti\u00f3n en el PRM<\/a> se public\u00f3 primero en <a href=\"https:\/\/elnuevodiario.com.do\">El Nuevo Diario (Rep\u00fablica Dominicana)<\/a>.<\/p>\n","protected":false},"excerpt":{"rendered":"EL NUEVO DIARIO, SANTIAGO. \u2013 El ministro de la Presidencia y presidente&hellip;\n","protected":false},"author":1,"featured_media":67322,"comment_status":"open","ping_status":"open","sticky":false,"template":"","format":"standard","meta":{"footnotes":""},"categories":[1],"tags":[],"class_list":["post-67321","post","type-post","status-publish","format-standard","has-post-thumbnail","category-nacionales"],"_links":{"self":[{"href":"https:\/\/acronoticias.com\/index.php\/wp-json\/wp\/v2\/posts\/67321","targetHints":{"allow":["GET"]}}],"collection":[{"href":"https:\/\/acronoticias.com\/index.php\/wp-json\/wp\/v2\/posts"}],"about":[{"href":"https:\/\/acronoticias.com\/index.php\/wp-json\/wp\/v2\/types\/post"}],"author":[{"embeddable":true,"href":"https:\/\/acronoticias.com\/index.php\/wp-json\/wp\/v2\/users\/1"}],"replies":[{"embeddable":true,"href":"https:\/\/acronoticias.com\/index.php\/wp-json\/wp\/v2\/comments?post=67321"}],"version-history":[{"count":0,"href":"https:\/\/acronoticias.com\/index.php\/wp-json\/wp\/v2\/posts\/67321\/revisions"}],"wp:featuredmedia":[{"embeddable":true,"href":"https:\/\/acronoticias.com\/index.php\/wp-json\/wp\/v2\/media\/67322"}],"wp:attachment":[{"href":"https:\/\/acronoticias.com\/index.php\/wp-json\/wp\/v2\/media?parent=67321"}],"wp:term":[{"taxonomy":"category","embeddable":true,"href":"https:\/\/acronoticias.com\/index.php\/wp-json\/wp\/v2\/categories?post=67321"},{"taxonomy":"post_tag","embeddable":true,"href":"https:\/\/acronoticias.com\/index.php\/wp-json\/wp\/v2\/tags?post=67321"}],"curies":[{"name":"wp","href":"https:\/\/api.w.org\/{rel}","templated":true}]}}