{"id":67319,"date":"2026-09-04T13:57:48","date_gmt":"2026-09-04T13:57:48","guid":{"rendered":"https:\/\/acronoticias.com\/index.php\/2026\/09\/04\/el-show-de-nelson-celebra-27-anos-de-historia-legado-y-agradecimiento-al-pueblo-dominicano\/"},"modified":"2026-09-04T13:57:48","modified_gmt":"2026-09-04T13:57:48","slug":"el-show-de-nelson-celebra-27-anos-de-historia-legado-y-agradecimiento-al-pueblo-dominicano","status":"publish","type":"post","link":"https:\/\/acronoticias.com\/index.php\/2026\/09\/04\/el-show-de-nelson-celebra-27-anos-de-historia-legado-y-agradecimiento-al-pueblo-dominicano\/","title":{"rendered":"El Show de Nelson celebra 27 a\u00f1os de historia, legado y agradecimiento al pueblo dominicano"},"content":{"rendered":"<p><img decoding=\"async\" width=\"355\" height=\"200\" src=\"https:\/\/nuevodiario-assets.s3.us-east-2.amazonaws.com\/wp-content\/uploads\/2026\/09\/WhatsApp-Image-2026-09-04-at-8.54.40-AM-2-355x200.jpeg\" class=\"webfeedsFeaturedVisual wp-post-image\" alt=\"\" style=\"display: block;margin-bottom: 5px;clear:both;max-width: 100%\" loading=\"lazy\" \/><\/p>\n<p><strong>EL NUEVO DIARIO, SANTIAGO. \u2013<\/strong> Con una emotiva gala llena de reconocimientos, m\u00fasica y momentos especiales, El Show de Nelson celebr\u00f3 su 27 aniversario en el Centro de Convenciones de UTESA, reafirmando su trayectoria como uno de los programas de mayor permanencia e impacto en la televisi\u00f3n dominicana.<\/p>\n<p>La ceremonia reuni\u00f3 a importantes figuras de la vida pol\u00edtica, empresarial y de la comunicaci\u00f3n de Santiago y del pa\u00eds. Entre los invitados estuvieron el alcalde de Santiago, Ulises Rodr\u00edguez; la gobernadora provincial Rosa Santos; el senador Franklin Romero; el dirigente pol\u00edtico Francisco Dom\u00ednguez Brito; Dem\u00f3stenes Mart\u00ednez; la viceministra \u00c1ngela J\u00e1quez, adem\u00e1s de propietarios de canales de televisi\u00f3n, comunicadores, periodistas y otras autoridades locales e invitados especiales que se sumaron a la celebraci\u00f3n.<\/p>\n<p>Durante la gala, el comunicador Nelson Javier (El Cocodrilo) expres\u00f3 un profundo agradecimiento al pueblo dominicano por el respaldo y la fidelidad que ha recibido durante estas casi tres d\u00e9cadas al aire. Visiblemente emocionado, destac\u00f3 que el \u00e9xito y la permanencia del programa han sido posibles gracias al cari\u00f1o de los televidentes que, a\u00f1o tras a\u00f1o, han convertido al espacio en parte de sus hogares.<\/p>\n<div style=\"width: 640px\" class=\"wp-video\"><video class=\"wp-video-shortcode\" id=\"video-3264876-1\" width=\"640\" height=\"360\" preload=\"metadata\" controls=\"controls\"><a href=\"https:\/\/nuevodiario-assets.s3.us-east-2.amazonaws.com\/wp-content\/uploads\/2026\/09\/WhatsApp-Video-2026-09-04-at-9.24.42-AM.mp4\">https:\/\/nuevodiario-assets.s3.us-east-2.amazonaws.com\/wp-content\/uploads\/2026\/09\/WhatsApp-Video-2026-09-04-at-9.24.42-AM.mp4<\/a><\/video><\/div>\n<p>La noche tambi\u00e9n sirvi\u00f3 para reconocer la dedicaci\u00f3n y el trabajo de quienes han sido parte fundamental de la historia del programa. Productores, presentadores y segmentistas fueron homenajeados por su compromiso y aporte al crecimiento de El Show de Nelson, en una celebraci\u00f3n que puso en valor el esfuerzo de todo el equipo que hace posible el espacio.<\/p>\n<p>Durante el acto, adem\u00e1s, se present\u00f3 la nueva etapa que vive el programa, fortaleciendo su presencia en las plataformas digitales y apostando por una propuesta renovada para conectar con nuevas audiencias. Actualmente, acompa\u00f1an a Nelson Javier en el elenco del programa Nelson Javier Jr. y Nicole Rodr\u00edguez Lugo, quienes forman parte de esta evoluci\u00f3n del espacio con una visi\u00f3n fresca y cercana al p\u00fablico.<\/p>\n<p>La celebraci\u00f3n estuvo amenizada por las presentaciones art\u00edsticas de Emileni Francisco, Nacho Estrella, El Bamdon y Luis Vargas, quienes llenaron de m\u00fasica y alegr\u00eda una noche dedicada a conmemorar 27 a\u00f1os de historia, trabajo y compromiso con la televisi\u00f3n dominicana.<\/p>\n<p>Con este aniversario, El Show de Nelson renueva su compromiso de seguir ofreciendo informaci\u00f3n, entretenimiento y contenido de calidad, consolid\u00e1ndose como un referente de la televisi\u00f3n nacional y prepar\u00e1ndose para escribir un nuevo cap\u00edtulo en su historia.<\/p>\n<p><img decoding=\"async\" data-recalc-dims=\"1\" loading=\"lazy\" class=\"alignnone size-medium wp-image-3264885\" src=\"https:\/\/i0.wp.com\/nuevodiario-assets.s3.us-east-2.amazonaws.com\/wp-content\/uploads\/2026\/09\/WhatsApp-Image-2026-09-04-at-8.54.40-AM-400x268.jpeg?resize=400%2C268&quality=100&ssl=1\" alt=\"\" width=\"400\" height=\"268\" \/><\/p>\n<p><img decoding=\"async\" data-recalc-dims=\"1\" loading=\"lazy\" class=\"alignnone size-medium wp-image-3264888\" src=\"https:\/\/i0.wp.com\/nuevodiario-assets.s3.us-east-2.amazonaws.com\/wp-content\/uploads\/2026\/09\/WhatsApp-Image-2026-09-04-at-8.54.40-AM-1-304x400.jpeg?resize=304%2C400&quality=100&ssl=1\" alt=\"\" width=\"304\" height=\"400\" \/><\/p>\n<p><img decoding=\"async\" data-recalc-dims=\"1\" loading=\"lazy\" class=\"alignnone size-medium wp-image-3264886\" src=\"https:\/\/i0.wp.com\/nuevodiario-assets.s3.us-east-2.amazonaws.com\/wp-content\/uploads\/2026\/09\/WhatsApp-Image-2026-09-04-at-8.54.39-AM-400x254.jpeg?resize=400%2C254&quality=100&ssl=1\" alt=\"\" width=\"400\" height=\"254\" \/><\/p>\n<p>La entrada <a href=\"https:\/\/elnuevodiario.com.do\/el-show-de-nelson-celebra-27-anos-de-historia-legado-y-agradecimiento-al-pueblo-dominicano\/\">El Show de Nelson celebra 27 a\u00f1os de historia, legado y agradecimiento al pueblo dominicano<\/a> se public\u00f3 primero en <a href=\"https:\/\/elnuevodiario.com.do\">El Nuevo Diario (Rep\u00fablica Dominicana)<\/a>.<\/p>\n","protected":false},"excerpt":{"rendered":"EL NUEVO DIARIO, SANTIAGO. \u2013 Con una emotiva gala llena de reconocimientos,&hellip;\n","protected":false},"author":1,"featured_media":67320,"comment_status":"open","ping_status":"open","sticky":false,"template":"","format":"standard","meta":{"footnotes":""},"categories":[1],"tags":[],"class_list":["post-67319","post","type-post","status-publish","format-standard","has-post-thumbnail","category-nacionales"],"_links":{"self":[{"href":"https:\/\/acronoticias.com\/index.php\/wp-json\/wp\/v2\/posts\/67319","targetHints":{"allow":["GET"]}}],"collection":[{"href":"https:\/\/acronoticias.com\/index.php\/wp-json\/wp\/v2\/posts"}],"about":[{"href":"https:\/\/acronoticias.com\/index.php\/wp-json\/wp\/v2\/types\/post"}],"author":[{"embeddable":true,"href":"https:\/\/acronoticias.com\/index.php\/wp-json\/wp\/v2\/users\/1"}],"replies":[{"embeddable":true,"href":"https:\/\/acronoticias.com\/index.php\/wp-json\/wp\/v2\/comments?post=67319"}],"version-history":[{"count":0,"href":"https:\/\/acronoticias.com\/index.php\/wp-json\/wp\/v2\/posts\/67319\/revisions"}],"wp:featuredmedia":[{"embeddable":true,"href":"https:\/\/acronoticias.com\/index.php\/wp-json\/wp\/v2\/media\/67320"}],"wp:attachment":[{"href":"https:\/\/acronoticias.com\/index.php\/wp-json\/wp\/v2\/media?parent=67319"}],"wp:term":[{"taxonomy":"category","embeddable":true,"href":"https:\/\/acronoticias.com\/index.php\/wp-json\/wp\/v2\/categories?post=67319"},{"taxonomy":"post_tag","embeddable":true,"href":"https:\/\/acronoticias.com\/index.php\/wp-json\/wp\/v2\/tags?post=67319"}],"curies":[{"name":"wp","href":"https:\/\/api.w.org\/{rel}","templated":true}]}}