{"id":67317,"date":"2026-09-04T13:41:44","date_gmt":"2026-09-04T13:41:44","guid":{"rendered":"https:\/\/acronoticias.com\/index.php\/2026\/09\/04\/ministro-de-exteriores-busca-normalizar-operaciones-consulares-de-rd-en-haiti\/"},"modified":"2026-09-04T13:41:44","modified_gmt":"2026-09-04T13:41:44","slug":"ministro-de-exteriores-busca-normalizar-operaciones-consulares-de-rd-en-haiti","status":"publish","type":"post","link":"https:\/\/acronoticias.com\/index.php\/2026\/09\/04\/ministro-de-exteriores-busca-normalizar-operaciones-consulares-de-rd-en-haiti\/","title":{"rendered":"Ministro de Exteriores busca normalizar operaciones consulares de RD en Hait\u00ed"},"content":{"rendered":"<p>EL NUEVO DIARIO, SANTO DOMINGO.- Rep\u00fablica Dominicana y Hait\u00ed manifestaron la voluntad de normalizar las operaciones consulares dominicanas en territorio haitiano a la mayor brevedad posible, tan pronto como las condiciones de seguridad lo permitan. El acuerdo fue alcanzado durante una reuni\u00f3n bilateral de trabajo entre el canciller dominicano, V\u00edctor \u201cIto\u201d Bison\u00f3, y la ministra de Asuntos Extranjeros y Cultos de Hait\u00ed, Raina Forbin.<\/p>\n<p>Durante el encuentro, celebrado este jueves en las instalaciones del Parque Industrial CODEVI, ambas delegaciones abordaron asuntos prioritarios para las relaciones bilaterales, tales como la seguridad fronteriza, los asuntos migratorios, el combate a las econom\u00edas il\u00edcitas, la formalizaci\u00f3n del comercio, la inversi\u00f3n y la conectividad a\u00e9rea, bajo un marco de respeto a la soberan\u00eda de ambos Estados.<\/p>\n<figure id=\"attachment_3263887\" aria-describedby=\"caption-attachment-3263887\" style=\"width: 1560px\" class=\"wp-caption alignnone\"><img loading=\"lazy\" decoding=\"async\" data-recalc-dims=\"1\" class=\"wp-image-3263887 size-full\" src=\"https:\/\/i0.wp.com\/nuevodiario-assets.s3.us-east-2.amazonaws.com\/wp-content\/uploads\/2026\/09\/Ito-Bisono-y-Raina-Forbin-junto-a-personalidades-Foto-%40itobisono.jpeg?resize=640%2C427&quality=100&ssl=1\" alt=\"\" width=\"640\" height=\"427\" \/><figcaption id=\"caption-attachment-3263887\" class=\"wp-caption-text\">Ito Bison\u00f3 y Raina Forbin junto a personalidades (Foto: @itobisono)<\/figcaption><\/figure>\n<p>Asimismo, las delegaciones resaltaron la relevancia de que la Fuerza de Supresi\u00f3n de Bandas (GSF) contin\u00fae recibiendo el respaldo del Consejo de Seguridad de la Organizaci\u00f3n de las Naciones Unidas (ONU), e informaron que mantendr\u00e1n las gestiones para garantizar su despliegue completo y la renovaci\u00f3n de su mandato, con el fin de aportar a la estabilidad e institucionalidad haitiana.<\/p>\n<p>Al concluir la reuni\u00f3n, el canciller Bison\u00f3 sostuvo un di\u00e1logo con destacados empresarios del \u00e1mbito nacional y comerciantes del mercado fronterizo de Dajab\u00f3n, con quienes evalu\u00f3 estrategias para impulsar el comercio, la producci\u00f3n y la generaci\u00f3n de empleos en la zona fronteriza, destacando la relevancia del sector privado en este proceso.<\/p>\n<p>La delegaci\u00f3n dominicana estuvo integrada tambi\u00e9n por los viceministros Rub\u00e9n Sili\u00e9, Francisco Caraballo y Ram\u00f3n P\u00e9rez Ferm\u00edn, adem\u00e1s del embajador dominicano en Hait\u00ed, Faruk Miguel, y el embajador asesor Jatzel Rom\u00e1n. Por la parte haitiana acompa\u00f1aron a la canciller Forbin el embajador Fritz Emmanuel Longchamp, Winnie Hugot Gabriel, Jean-Claude Lappe, Yves Rody Jean y Ricot Almonord, quienes coincidieron en destacar el ambiente de cordialidad y la disposici\u00f3n de mantener un di\u00e1logo permanente.<\/p>\n<p>La entrada <a href=\"https:\/\/elnuevodiario.com.do\/ministro-de-exteriores-busca-normalizar-operaciones-consulares-de-rd-en-haiti\/\">Ministro de Exteriores busca normalizar operaciones consulares de RD en Hait\u00ed<\/a> se public\u00f3 primero en <a href=\"https:\/\/elnuevodiario.com.do\">El Nuevo Diario (Rep\u00fablica Dominicana)<\/a>.<\/p>\n","protected":false},"excerpt":{"rendered":"EL NUEVO DIARIO, SANTO DOMINGO.- Rep\u00fablica Dominicana y Hait\u00ed manifestaron la voluntad&hellip;\n","protected":false},"author":1,"featured_media":67318,"comment_status":"open","ping_status":"open","sticky":false,"template":"","format":"standard","meta":{"footnotes":""},"categories":[1],"tags":[],"class_list":["post-67317","post","type-post","status-publish","format-standard","has-post-thumbnail","category-nacionales"],"_links":{"self":[{"href":"https:\/\/acronoticias.com\/index.php\/wp-json\/wp\/v2\/posts\/67317","targetHints":{"allow":["GET"]}}],"collection":[{"href":"https:\/\/acronoticias.com\/index.php\/wp-json\/wp\/v2\/posts"}],"about":[{"href":"https:\/\/acronoticias.com\/index.php\/wp-json\/wp\/v2\/types\/post"}],"author":[{"embeddable":true,"href":"https:\/\/acronoticias.com\/index.php\/wp-json\/wp\/v2\/users\/1"}],"replies":[{"embeddable":true,"href":"https:\/\/acronoticias.com\/index.php\/wp-json\/wp\/v2\/comments?post=67317"}],"version-history":[{"count":0,"href":"https:\/\/acronoticias.com\/index.php\/wp-json\/wp\/v2\/posts\/67317\/revisions"}],"wp:featuredmedia":[{"embeddable":true,"href":"https:\/\/acronoticias.com\/index.php\/wp-json\/wp\/v2\/media\/67318"}],"wp:attachment":[{"href":"https:\/\/acronoticias.com\/index.php\/wp-json\/wp\/v2\/media?parent=67317"}],"wp:term":[{"taxonomy":"category","embeddable":true,"href":"https:\/\/acronoticias.com\/index.php\/wp-json\/wp\/v2\/categories?post=67317"},{"taxonomy":"post_tag","embeddable":true,"href":"https:\/\/acronoticias.com\/index.php\/wp-json\/wp\/v2\/tags?post=67317"}],"curies":[{"name":"wp","href":"https:\/\/api.w.org\/{rel}","templated":true}]}}