{"id":67313,"date":"2026-09-04T13:31:42","date_gmt":"2026-09-04T13:31:42","guid":{"rendered":"https:\/\/acronoticias.com\/index.php\/2026\/09\/04\/el-fuego-subio-en-cuestion-de-segundos-residentes-narran-el-incendio-frente-a-la-uasd\/"},"modified":"2026-09-04T13:31:42","modified_gmt":"2026-09-04T13:31:42","slug":"el-fuego-subio-en-cuestion-de-segundos-residentes-narran-el-incendio-frente-a-la-uasd","status":"publish","type":"post","link":"https:\/\/acronoticias.com\/index.php\/2026\/09\/04\/el-fuego-subio-en-cuestion-de-segundos-residentes-narran-el-incendio-frente-a-la-uasd\/","title":{"rendered":"&#8220;El fuego subi\u00f3 en cuesti\u00f3n de segundos\u201d: residentes narran el incendio frente a la UASD"},"content":{"rendered":"<div>\n<div class=\"c-detail__author full\">\n<div>\n<div class=\"c-detail__author__thumb\">\n<figure>\n                                <picture src=\"https:\/\/imagenes.hoy.com.do\/files\/image_square_xs\/uploads\/2025\/12\/15\/693fcb2dab76b.jpeg\" data-size=\"w:40,h:40\">\n                                    <img decoding=\"async\" loading=\"lazy\" alt=\"Xiomara Lara\" width=\"40\" height=\"40\" src=\"https:\/\/imagenes.hoy.com.do\/files\/image_square_xs\/uploads\/2025\/12\/15\/693fcb2dab76b.jpeg\"\/>\n                                <\/picture>\n                                <\/figure>\n<\/div>\n<\/div>\n<\/div>\n<p>                                                                                            <!-- --><\/p>\n<p class=\"paragraph\">\u00a0El incendio que la madrugada de este jueves afect\u00f3 un edificio ubicado en la intersecci\u00f3n de la<b> avenida Correa y Cidr\u00f3n\u00a0 con Am\u00edn Abel Hasb\u00fan, frente a la Universidad Aut\u00f3noma de Santo Domingo (UASD)<\/b>, oblig\u00f3 a sus residentes a abandonar r\u00e1pidamente sus apartamentos, mientras las llamas avanzaban por la estructura.<\/p>\n<p class=\"paragraph\">Los residentes <b>describieron a Hoy<\/b> los momentos de angustia, las evacuaciones apresuradas y las p\u00e9rdidas materiales registradas en el inmueble, donde funcionan unos 30 apartamentos y viven aproximadamente 100 personas, seg\u00fan explic\u00f3 uno de las residentes.<\/p>\n<p class=\"paragraph\"><b>Viviana Gabino: \u201cFue un susto muy grande\u201d<\/b><\/p>\n<p class=\"paragraph\">Viviana Gabino relat\u00f3 que el <a href=\"https:\/\/hoy.com.do\/el-pais\/vehiculo-consume-llamas-concurrida-via-ensanche-fe_1101134.html\" title=\"Veh\u00edculo se consume en llamas en una concurrida v\u00eda del Ensanche La Fe\">incendio <\/a>se produjo alrededor de la 1:00 de la madrugada y que las llamas comenzaron en la misma esquina de Correa y Cidr\u00f3n con Am\u00edn Abel Hasb\u00fan.<\/p>\n<figure class=\"c-detail__media \"><figcaption class=\"c-detail__media__txt\">\n<p class=\"c-detail__media__subtitle\">\n<p>        <span class=\"c-detail__media__credit \">Incendio frente a la UASD<\/span><\/p>\n<\/figcaption><\/figure>\n<p class=\"paragraph\">Explic\u00f3 que el fuego avanz\u00f3 r\u00e1pidamente debido a las caracter\u00edsticas de la edificaci\u00f3n, que cuenta con numerosos ventanales y divisiones de plywood.<\/p>\n<p class=\"paragraph\"><b>\u201cFue un susto muy grande\u201d,<\/b> expres\u00f3 al Hoy al recordar el momento en que se percat\u00f3 de que el edificio estaba en llamas.<\/p>\n<p class=\"paragraph\">Seg\u00fan su relato, inicialmente pens\u00f3 que se trataba de un problema con la electricidad, pero una vecina la alert\u00f3 de que el edificio se estaba quemando.<\/p>\n<p class=\"paragraph\">\u201cProced\u00ed a abrir la puerta del apartamento donde vivo y cuando lo hice la cerr\u00e9 de una vez porque<b> no me dejaba visualizar de tanto humo que hab\u00eda\u201d,<\/b> cont\u00f3.<\/p>\n<p class=\"paragraph\">Gabino dijo que <b>busc\u00f3 una bufanda,<\/b> se la coloc\u00f3 sobre el rostro y sali\u00f3 corriendo del apartamento. Cuando logr\u00f3 llegar al exterior, varios de sus vecinos ya se encontraban abajo.<\/p>\n<p class=\"paragraph\">Sobre las consecuencias del incendio, se\u00f1al\u00f3 que no hubo personas fallecidas, aunque u<b>n vecino se cay\u00f3<\/b> mientras intentaba salir y una<b> ni\u00f1a que ayudaba a tocar las puertas para alertar a los residentes sufri\u00f3<\/b> una lesi\u00f3n en una mano.<\/p>\n<p class=\"paragraph\">Las p\u00e9rdidas materiales, agreg\u00f3, fueron numerosas. Como ejemplo, explic\u00f3 que su hermana reside en el apartamento ubicado en la misma esquina y que<b> \u201cse quem\u00f3 todo\u201d.<\/b><\/p>\n<p class=\"paragraph\"><b>Mismely Mart\u00ednez: \u201cEl fuego subi\u00f3 en cuesti\u00f3n de segundos\u201d<\/b><\/p>\n<p class=\"paragraph\">Mismely Mart\u00ednez relat\u00f3 que los residentes se enteraron del incendio aproximadamente a la <b>1:36 <\/b>de la madrugada, cuando una persona que se encontraba en <b>medio de la calle comenz\u00f3 a gritar que hab\u00eda fuego.<\/b><\/p>\n<figure class=\"c-detail__media \"><figcaption class=\"c-detail__media__txt\">\n<p class=\"c-detail__media__subtitle\">\n<p>        <span class=\"c-detail__media__credit \">Incendio frente a la UASD<\/span><\/p>\n<\/figcaption><\/figure>\n<p class=\"paragraph\">Al mirar por una ventana, dijo, pudo observar que el primer piso estaba completamente en llamas.<\/p>\n<p class=\"paragraph\">\u201cAh\u00ed fue que alertamos a todos los vecinos que bajaran\u201d, cont\u00f3 Mart\u00ednez, quien tambi\u00e9n indic\u00f3 que los residentes llamaron al<b> Sistema Nacional de Atenci\u00f3n a Emergencias y Seguridad 911.<\/b><\/p>\n<p class=\"paragraph\">Seg\u00fan su testimonio, las llamas se propagaron r\u00e1pidamente.<\/p>\n<p class=\"paragraph\">\u201cEl fuego subi\u00f3 en cuesti\u00f3n de segundos\u201d, afirm\u00f3, atribuyendo la rapidez con que se extendi\u00f3 a la cantidad de <b>cables y papeles que hab\u00eda en el lugar, debido a la presencia de varias fotocopiadoras.<\/b><\/p>\n<p class=\"paragraph\">Mart\u00ednez se\u00f1al\u00f3 que, seg\u00fan su percepci\u00f3n, el 911 lleg\u00f3 cerca de las<b> 2:00 de la madrugada<\/b>, por lo que, afirm\u00f3, transcurri\u00f3 casi media hora desde que realizaron la llamada.<\/p>\n<p class=\"paragraph\">Tambi\u00e9n asegur\u00f3 que los residentes continuaron comunic\u00e1ndose con el sistema de emergencias mientras esperaban la llegada de los bomberos.<\/p>\n<p class=\"paragraph\">Sobre la respuesta inicial, Mart\u00ednez afirm\u00f3 que <b>el primer cami\u00f3n lleg\u00f3 con poca agua <\/b>y que, seg\u00fan ella, esto habr\u00eda contribuido a que las llamas se intensificaran. Posteriormente, dijo, llegaron otros camiones y lograron sofocar el incendio.<\/p>\n<figure class=\"c-detail__media \"><figcaption class=\"c-detail__media__txt\">\n<p class=\"c-detail__media__subtitle\">\n<p>        <span class=\"c-detail__media__credit \">Incendio frente a la UASD<\/span><\/p>\n<\/figcaption><\/figure>\n<p class=\"paragraph\">La residente agreg\u00f3 que, mientras remov\u00edan escombros, notaron que el<b> fuego parec\u00eda volver a iniciar <\/b>en un punto, pero un cami\u00f3n lleg\u00f3 nuevamente y logr\u00f3 apagarlo.<\/p>\n<p class=\"paragraph\"><b>Rosabel: \u201cNos levantamos pensando que era un temblor\u201d<\/b><\/p>\n<p class=\"paragraph\">Rosabel cont\u00f3 que se encontraba durmiendo cuando fue despertada por los gritos de su madre, quien dec\u00eda que \u201cestaba temblando la tierra\u201d.<\/p>\n<p class=\"paragraph\">Dijo que inicialmente pensaron que se trataba de un <a href=\"https:\/\/hoy.com.do\/vivir\/temblor-tierra-despues-terremoto_1092639.html\" title=\"Temblor de tierra: \u00bfQu\u00e9 hacer antes, durante y despu\u00e9s del terremoto?\">temblor,<\/a> aunque ella asegur\u00f3 que no sinti\u00f3 ning\u00fan movimiento.<\/p>\n<p class=\"paragraph\">Posteriormente, comenzaron a escuchar a personas que gritaban que salieran del edificio, aunque no recuerda haber escuchado espec\u00edficamente la palabra \u201cfuego\u201d.<\/p>\n<p class=\"paragraph\">Ante la situaci\u00f3n, <b>se vistieron r\u00e1pidamente y salieron<\/b> del inmueble.<\/p>\n<figure class=\"c-detail__media \"><figcaption class=\"c-detail__media__txt\">\n<p class=\"c-detail__media__subtitle\">\n<p>        <span class=\"c-detail__media__credit \">Incendio frente a la UASD<\/span><\/p>\n<\/figcaption><\/figure>\n<p class=\"paragraph\">Rosabel explic\u00f3 que, una vez fuera, tambi\u00e9n comenzaron a alertar a otros vecinos para que abandonaran sus apartamentos.<\/p>\n<p class=\"paragraph\">La joven indic\u00f3 que, tras quedar en la calle, esperaban que amaneciera para determinar qu\u00e9 hacer.<\/p>\n<p class=\"paragraph\"><b>Oliver pide ayuda para los residentes<\/b><\/p>\n<p class=\"paragraph\">Oliver hizo un llamado al Gobierno y a las autoridades para que brinden asistencia a las personas que quedaron afectadas por el incendio.<\/p>\n<p class=\"paragraph\">Explic\u00f3 que muchos de los residentes del edificio son estudiantes de la UASD y que algunos proceden de diferentes provincias del pa\u00eds.<\/p>\n<p class=\"paragraph\">Por esa raz\u00f3n, pidi\u00f3 al\u00a0 Gobierno que se les ayude a encontrar una soluci\u00f3n temporal y puedan ser reubicados mientras se desarrolla el proceso posterior al incendio.<\/p>\n<p class=\"paragraph\">\u201cMuchos son del interior. En mi caso <b>soy de Barahona<\/b>\u201d, explic\u00f3.<\/p>\n<p class=\"paragraph\">Oliver dijo que permanec\u00eda a la espera de que las autoridades permitieran el acceso al lugar para poder revisar su apartamento, limpiar y determinar cu\u00e1les pertenencias podr\u00edan recuperar.<\/p>\n<p class=\"paragraph\">\u201cEstoy esperando que avancen las horas y no dejen subir para ver <b>c\u00f3mo podemos limpiar <\/b>nuestro apartamento y ver qu\u00e9 podemos recuperar y establecernos\u201d, manifest\u00f3.<\/p>\n<figure class=\"c-detail__media \"><figcaption class=\"c-detail__media__txt\">\n<p class=\"c-detail__media__subtitle\">\n<p>        <span class=\"c-detail__media__credit \">Incendio frente a la UASD<\/span><\/p>\n<\/figcaption><\/figure>\n<p class=\"paragraph\"><b>Las versiones que tienen sobre qu\u00e9 pudo ocasionarlo<\/b><\/p>\n<p class=\"paragraph\">Entre los residentes circulan distintas versiones sobre lo que pudo haber provocado el incendio, aunque hasta el momento ninguna ha sido confirmada oficialmente. Viviana Gabino mencion\u00f3 que una de las hip\u00f3tesis apunta a que una persona que suele dormir en la esquina habr\u00eda encendido una vela, mientras que Mismely Mart\u00ednez se\u00f1al\u00f3 que en el primer piso funcionaba un negocio abandonado donde, seg\u00fan los vecinos, sol\u00edan permanecer indigentes.<\/p>\n<div class=\"composite-video \">\n    <!-- video module configuration --><\/p>\n<div class=\"video-player\">\n<figure class=\"c-detail__media c-detail__media-video\"><figcaption class=\"c-detail__media__txt\">\n<p class=\"c-detail__media__subtitle\">\n<p>                <span class=\"c-detail__media__credit \">Fuego arrasa apartamentos frente a la UASD y causa da\u00f1os a negocios<\/span><\/p>\n<\/figcaption><\/figure>\n<\/p><\/div>\n<\/div>\n<p class=\"paragraph\">Mart\u00ednez explic\u00f3 que, de acuerdo con lo que han observado los residentes, estas personas acostumbraban encender fuego para <b>combatir los mosquitos,<\/b> por lo que considera que esta pr\u00e1ctica pudo haber tenido relaci\u00f3n con el inicio del incendio.<\/p>\n<p class=\"paragraph\">La residente tambi\u00e9n dijo que, desde su apreciaci\u00f3n, no se habr\u00eda tratado de un cortocircuito, debido a que no percibi\u00f3 olor a cables quemados y observ\u00f3 que las llamas se concentraban en el \u00e1rea donde, seg\u00fan los vecinos, sol\u00eda dormir una de estas personas.<\/p>\n<p class=\"paragraph\">Sin embargo, estas versiones corresponden a apreciaciones y testimonios de los residentes y no permiten establecer por s\u00ed solas el origen del incendio. Es necesario esperar los informes y las <b>investigaciones de las autoridades competentes <\/b>para determinar qu\u00e9 provoc\u00f3 el fuego y establecer oficialmente las circunstancias en que se produjo.<\/p>\n<div class=\"c-detail__box \">\n<article class=\"c-detail__sumario \">\n<figure class=\"c-detail__sumario__thumb\" style=\"display: block;\">\n            <a href=\"#\" title=\"\">\n                <picture data-size=\"w:140,h:140\" loading=\"lazy\" src=\"https:\/\/imagenes.hoy.com.do\/files\/related_image\/uploads\/2026\/09\/04\/6a9a9ca56be94.jpeg\" data-full-src=\"https:\/\/imagenes.hoy.com.do\/uploads\/2026\/09\/04\/6a9a9ca56be94.jpeg\">\n                    <img loading=\"lazy\" decoding=\"async\" width=\"140\" height=\"140\" alt=\"Incendio consume edificio frente a la UASD y deja a decenas de familias en la calle\" src=\"https:\/\/imagenes.hoy.com.do\/uploads\/2026\/09\/04\/6a9a9ca56be94.jpeg\"\/>\n                <\/picture>\n            <\/a><br \/>\n        <\/figure>\n<\/article>\n<\/div><\/div>\n","protected":false},"excerpt":{"rendered":"\u00a0El incendio que la madrugada de este jueves afect\u00f3 un edificio ubicado&hellip;\n","protected":false},"author":1,"featured_media":67314,"comment_status":"open","ping_status":"open","sticky":false,"template":"","format":"standard","meta":{"footnotes":""},"categories":[3],"tags":[],"class_list":["post-67313","post","type-post","status-publish","format-standard","has-post-thumbnail","category-internacionales"],"_links":{"self":[{"href":"https:\/\/acronoticias.com\/index.php\/wp-json\/wp\/v2\/posts\/67313","targetHints":{"allow":["GET"]}}],"collection":[{"href":"https:\/\/acronoticias.com\/index.php\/wp-json\/wp\/v2\/posts"}],"about":[{"href":"https:\/\/acronoticias.com\/index.php\/wp-json\/wp\/v2\/types\/post"}],"author":[{"embeddable":true,"href":"https:\/\/acronoticias.com\/index.php\/wp-json\/wp\/v2\/users\/1"}],"replies":[{"embeddable":true,"href":"https:\/\/acronoticias.com\/index.php\/wp-json\/wp\/v2\/comments?post=67313"}],"version-history":[{"count":0,"href":"https:\/\/acronoticias.com\/index.php\/wp-json\/wp\/v2\/posts\/67313\/revisions"}],"wp:featuredmedia":[{"embeddable":true,"href":"https:\/\/acronoticias.com\/index.php\/wp-json\/wp\/v2\/media\/67314"}],"wp:attachment":[{"href":"https:\/\/acronoticias.com\/index.php\/wp-json\/wp\/v2\/media?parent=67313"}],"wp:term":[{"taxonomy":"category","embeddable":true,"href":"https:\/\/acronoticias.com\/index.php\/wp-json\/wp\/v2\/categories?post=67313"},{"taxonomy":"post_tag","embeddable":true,"href":"https:\/\/acronoticias.com\/index.php\/wp-json\/wp\/v2\/tags?post=67313"}],"curies":[{"name":"wp","href":"https:\/\/api.w.org\/{rel}","templated":true}]}}