{"id":67308,"date":"2026-09-04T12:53:37","date_gmt":"2026-09-04T12:53:37","guid":{"rendered":"https:\/\/acronoticias.com\/index.php\/2026\/09\/04\/foro-por-la-paz-pide-restablecer-vinculos-entre-iglesias-y-estado\/"},"modified":"2026-09-04T12:53:37","modified_gmt":"2026-09-04T12:53:37","slug":"foro-por-la-paz-pide-restablecer-vinculos-entre-iglesias-y-estado","status":"publish","type":"post","link":"https:\/\/acronoticias.com\/index.php\/2026\/09\/04\/foro-por-la-paz-pide-restablecer-vinculos-entre-iglesias-y-estado\/","title":{"rendered":"Foro por la Paz pide restablecer v\u00ednculos entre iglesias y Estado"},"content":{"rendered":"<p><img loading=\"lazy\" decoding=\"async\" width=\"355\" height=\"200\" src=\"https:\/\/nuevodiario-assets.s3.us-east-2.amazonaws.com\/wp-content\/uploads\/2026\/01\/433f47dc-c22e-4937-8827-3b2f43d6b1fc-355x200.jpg\" class=\"webfeedsFeaturedVisual wp-post-image\" alt=\"\" style=\"display: block;margin-bottom: 5px;clear:both;max-width: 100%\" \/><\/p>\n<p><strong>EL NUEVO DIARIO, SANTO DOMINGO.<\/strong> \u2013 El presidente del Ministerio Jes\u00fas es Sanidad y Vida Eterna, Inc., Paulino Moya, consider\u00f3 que la actual escalada geopol\u00edtica entre sectores de pensamiento ultraliberal, socialista y conservador requiere ser enfrentada de manera conjunta desde los \u00e1mbitos pol\u00edtico, espiritual y moral.<\/p>\n<p>Moya, quien tambi\u00e9n se desempe\u00f1a como director ejecutivo s\u00e9nior del Foro Permanente por la Paz Pol\u00edtica y Social Global, valor\u00f3 la decisi\u00f3n del presidente de Estados Unidos, Donald Trump, de promover nuevamente espacios de oraci\u00f3n y adoraci\u00f3n a Dios durante su segundo mandato en la Casa Blanca.<\/p>\n<p>El dirigente religioso destac\u00f3 las recientes declaraciones de la embajadora de Estados Unidos, Leah Campos, quien resalt\u00f3 la importancia de la fe cristiana como uno de los pilares de la identidad dominicana. Moya consider\u00f3 que ese planteamiento constituye una se\u00f1al favorable para fortalecer los v\u00ednculos entre las iglesias y el Estado.<\/p>\n<h3 id=\"llama-a-fortalecer-la-cooperacion\">Llama a fortalecer la cooperaci\u00f3n<\/h3>\n<p>El portavoz evang\u00e9lico record\u00f3 adem\u00e1s su participaci\u00f3n en procesos de mediaci\u00f3n pol\u00edtica en Rep\u00fablica Dominicana, entre ellos una gesti\u00f3n ante el exembajador estadounidense Ra\u00fal Izaguirre, a quien solicit\u00f3 intervenir en una crisis interna del Partido Revolucionario Dominicano (PRD).<\/p>\n<p>Seg\u00fan explic\u00f3, aquella mediaci\u00f3n buscaba propiciar un acuerdo entre las tendencias encabezadas por el expresidente Hip\u00f3lito Mej\u00eda y el entonces presidente de esa organizaci\u00f3n pol\u00edtica, en momentos en que las diferencias internas hab\u00edan alcanzado un elevado nivel de confrontaci\u00f3n.<\/p>\n<p>Moya, quien tambi\u00e9n dirige la Mesa de la Opini\u00f3n C\u00edvica y Pol\u00edtica Cristiana, afirm\u00f3 que mantiene una agenda religiosa y social basada en la b\u00fasqueda de consensos, la convivencia democr\u00e1tica y la paz.<\/p>\n<p>Asimismo, manifest\u00f3 que su ministerio y su equipo de oraci\u00f3n mantienen una jornada permanente de intercesi\u00f3n por la salud y la paz del presidente Trump, su equipo de Gobierno y la protecci\u00f3n de su familia.<\/p>\n<h3 id=\"advierte-sobre-desafios-globales\">Advierte sobre desaf\u00edos globales<\/h3>\n<p>El civilista cristiano sostuvo que las dificultades que enfrenta actualmente la gobernanza mundial hacen necesario recurrir a principios espirituales que, a su juicio, pueden contribuir a fortalecer la sabidur\u00eda y la paz entre los gobernantes.<\/p>\n<p>Moya insisti\u00f3 en que la oraci\u00f3n y la comuni\u00f3n con Jesucristo pueden desempe\u00f1ar un papel importante en la b\u00fasqueda de una gobernabilidad basada en la prudencia, el di\u00e1logo y la toma responsable de decisiones.<\/p>\n<p>Finalmente, llam\u00f3 a promover una mayor cooperaci\u00f3n entre los sectores pol\u00edticos, religiosos y sociales para enfrentar los desaf\u00edos internacionales y nacionales, al considerar que la paz requiere esfuerzos conjuntos y permanentes.<\/p>\n<p>\u00a0<\/p>\n<p>La entrada <a href=\"https:\/\/elnuevodiario.com.do\/foro-por-la-paz-pide-restablecer-vinculos-entre-iglesias-y-estado\/\">Foro por la Paz pide restablecer v\u00ednculos entre iglesias y Estado<\/a> se public\u00f3 primero en <a href=\"https:\/\/elnuevodiario.com.do\">El Nuevo Diario (Rep\u00fablica Dominicana)<\/a>.<\/p>\n","protected":false},"excerpt":{"rendered":"EL NUEVO DIARIO, SANTO DOMINGO. \u2013 El presidente del Ministerio Jes\u00fas es&hellip;\n","protected":false},"author":1,"featured_media":62686,"comment_status":"open","ping_status":"open","sticky":false,"template":"","format":"standard","meta":{"footnotes":""},"categories":[1],"tags":[],"class_list":["post-67308","post","type-post","status-publish","format-standard","has-post-thumbnail","category-nacionales"],"_links":{"self":[{"href":"https:\/\/acronoticias.com\/index.php\/wp-json\/wp\/v2\/posts\/67308","targetHints":{"allow":["GET"]}}],"collection":[{"href":"https:\/\/acronoticias.com\/index.php\/wp-json\/wp\/v2\/posts"}],"about":[{"href":"https:\/\/acronoticias.com\/index.php\/wp-json\/wp\/v2\/types\/post"}],"author":[{"embeddable":true,"href":"https:\/\/acronoticias.com\/index.php\/wp-json\/wp\/v2\/users\/1"}],"replies":[{"embeddable":true,"href":"https:\/\/acronoticias.com\/index.php\/wp-json\/wp\/v2\/comments?post=67308"}],"version-history":[{"count":0,"href":"https:\/\/acronoticias.com\/index.php\/wp-json\/wp\/v2\/posts\/67308\/revisions"}],"wp:featuredmedia":[{"embeddable":true,"href":"https:\/\/acronoticias.com\/index.php\/wp-json\/wp\/v2\/media\/62686"}],"wp:attachment":[{"href":"https:\/\/acronoticias.com\/index.php\/wp-json\/wp\/v2\/media?parent=67308"}],"wp:term":[{"taxonomy":"category","embeddable":true,"href":"https:\/\/acronoticias.com\/index.php\/wp-json\/wp\/v2\/categories?post=67308"},{"taxonomy":"post_tag","embeddable":true,"href":"https:\/\/acronoticias.com\/index.php\/wp-json\/wp\/v2\/tags?post=67308"}],"curies":[{"name":"wp","href":"https:\/\/api.w.org\/{rel}","templated":true}]}}