{"id":67302,"date":"2026-09-04T12:30:45","date_gmt":"2026-09-04T12:30:45","guid":{"rendered":"https:\/\/acronoticias.com\/index.php\/2026\/09\/04\/cuando-la-lluvia-se-convierte-en-esperanza\/"},"modified":"2026-09-04T12:30:45","modified_gmt":"2026-09-04T12:30:45","slug":"cuando-la-lluvia-se-convierte-en-esperanza","status":"publish","type":"post","link":"https:\/\/acronoticias.com\/index.php\/2026\/09\/04\/cuando-la-lluvia-se-convierte-en-esperanza\/","title":{"rendered":"Cuando la lluvia se convierte en esperanza"},"content":{"rendered":"<div>\n<p>                                                                                            <!-- --><\/p>\n<p class=\"paragraph\">Ocurri\u00f3 algo aparentemente trivial que me hizo pensar mucho.<\/p>\n<p class=\"paragraph\">Entr\u00e9 a una tienda y escuch\u00e9 que los remanentes de la <b>tormenta Dolly <\/b>pod\u00edan dejar lluvias sobre el pa\u00eds. Me alegr\u00e9 y lo expres\u00e9 espont\u00e1neamente.<\/p>\n<p class=\"paragraph\">La joven que me atend\u00eda, reci\u00e9n graduada de medicina, me mir\u00f3 sorprendida y pregunt\u00f3:<\/p>\n<p class=\"paragraph\">\u201c\u00bfUsted se alegra de que venga una tormenta?\u201d<\/p>\n<p class=\"paragraph\">Comprend\u00ed su pregunta. Una tormenta puede significar inundaciones, da\u00f1os, p\u00e9rdidas de vidas y dificultades para muchas familias. Nadie con sensibilidad puede alegrarse del sufrimiento que puede provocar. Pero yo no estaba pensando en eso. Pensaba en el agua y en lo que hemos perdido como sociedad respecto a la conciencia de su valor. Quiz\u00e1s mi reacci\u00f3n tenga que ver con una imagen de mi infancia.<\/p>\n<p class=\"paragraph\">Mis primeros cinco a\u00f1os transcurrieron en el campo. Deb\u00eda tener poco m\u00e1s de dos a\u00f1os cuando presenci\u00e9 una escena que nunca olvid\u00e9.<\/p>\n<p class=\"paragraph\"><b>Un r\u00edo se hab\u00eda secado.<\/b> Su lecho estaba cubierto de hojas secas y, a lo largo del cauce, los campesinos rezaban para que lloviera. No recuerdo aquellas oraciones, pero recuerdo perfectamente el miedo.<\/p>\n<p class=\"paragraph\">Era demasiado peque\u00f1a para comprender lo que significaba una sequ\u00eda. No sab\u00eda de meteorolog\u00eda, agricultura de secano ni seguridad alimentaria. Pero comprend\u00ed algo elemental: aquellas personas ten\u00edan miedo porque necesitaban que lloviera. El miedo de ellos se convirti\u00f3 en mi miedo.<\/p>\n<p class=\"paragraph\">Quiz\u00e1s desde entonces aprend\u00ed algo que nunca he olvidado: el agua es mejor que la sequ\u00eda y la lluvia puede ser una esperanza.<\/p>\n<p class=\"paragraph\">Por eso, cuando escuch\u00e9 hablar de Dolly, pens\u00e9 en nuestros campos, r\u00edos, embalses y cuencas hidrogr\u00e1ficas. Pens\u00e9 en los agricultores que necesitan agua para producir alimentos y en las comunidades que la necesitan para vivir. No es una preocupaci\u00f3n imaginaria.<\/p>\n<p class=\"paragraph\">Entre mayo y julio el pa\u00eds registr\u00f3 d\u00e9ficits de lluvias de 46 <b>%, 54.5 % y 45.3 %<\/b>, respectivamente. La disminuci\u00f3n de los caudales tambi\u00e9n oblig\u00f3 a la CAASD a adoptar medidas ante dificultades en el abastecimiento de agua en sectores del Gran Santo Domingo.<\/p>\n<p class=\"paragraph\">Pero hay algo que me preocupa tanto como la sequ\u00eda: nuestra relaci\u00f3n con el agua.<\/p>\n<p class=\"paragraph\">Abrimos una llave y esperamos que salga agua. Nos parece natural. Lavamos veh\u00edculos, aceras y patios con agua potable. Dejamos correr la lleve. Ignoramos fugas. Hemos aprendido a verla como algo que siempre estar\u00e1 all\u00ed. Y no siempre estar\u00e1. Necesitamos construir una verdadera cultura del agua.<\/p>\n<p class=\"paragraph\">Una cultura que comience en el hogar y llegue a las escuelas, universidades, empresas, instituciones p\u00fablicas, privadas, y med\u00edos de comunicaci\u00f3n.<\/p>\n<p class=\"paragraph\">Hay que ense\u00f1ar a nuestros ni\u00f1os y j\u00f3venes que detr\u00e1s de cada vaso de agua existe una relaci\u00f3n entre las lluvias, los bosques, las monta\u00f1as, los r\u00edos, las presas, las plantas de tratamiento, las redes de distribuci\u00f3n y las personas que hacen posible que llegue hasta nuestras casas. Tambi\u00e9n tenemos que defender las cuencas hidrogr\u00e1ficas.<\/p>\n<p class=\"paragraph\">No podemos pedir agua a la naturaleza mientras destruimos los lugares donde nace, se almacena y circula.<\/p>\n<p class=\"paragraph\">Proteger las cuencas significa proteger bosques y monta\u00f1as, evitar la contaminaci\u00f3n de los r\u00edos, recuperar \u00e1reas deforestadas, proteger los nacimientos de agua y ordenar adecuadamente el territorio.<\/p>\n<p class=\"paragraph\">El <b>agua<\/b> es un derecho humano garante de otros derechos. Quiz\u00e1s aquella ni\u00f1a de dos a\u00f1os no pod\u00eda explicarlo. Pero frente a aquel r\u00edo seco entendi\u00f3 lo esencial: cuando falta el agua, tambi\u00e9n falta una parte de la vida.<\/p>\n<div class=\"c-detail__box \">\n<article class=\"c-detail__sumario \">\n<figure class=\"c-detail__sumario__thumb\" style=\"display: block;\">\n            <a href=\"#\" title=\"\">\n                <picture data-size=\"w:140,h:140\" loading=\"lazy\" src=\"https:\/\/imagenes.hoy.com.do\/files\/related_image\/uploads\/2026\/07\/22\/6a61824086aea.jpeg\" data-full-src=\"https:\/\/imagenes.hoy.com.do\/uploads\/2026\/07\/22\/6a61824086aea.jpeg\">\n                    <img loading=\"lazy\" decoding=\"async\" width=\"140\" height=\"140\" alt=\"Sesi\u00f3n de ayer de la C\u00e1mara de Diputados, en la que aprueban Voto Responsable.\" src=\"https:\/\/imagenes.hoy.com.do\/uploads\/2026\/07\/22\/6a61824086aea.jpeg\"\/>\n                <\/picture>\n            <\/a><br \/>\n        <\/figure>\n<\/article>\n<\/div>\n<\/div>\n","protected":false},"excerpt":{"rendered":"Ocurri\u00f3 algo aparentemente trivial que me hizo pensar mucho. Entr\u00e9 a una&hellip;\n","protected":false},"author":1,"featured_media":67303,"comment_status":"open","ping_status":"open","sticky":false,"template":"","format":"standard","meta":{"footnotes":""},"categories":[3],"tags":[],"class_list":["post-67302","post","type-post","status-publish","format-standard","has-post-thumbnail","category-internacionales"],"_links":{"self":[{"href":"https:\/\/acronoticias.com\/index.php\/wp-json\/wp\/v2\/posts\/67302","targetHints":{"allow":["GET"]}}],"collection":[{"href":"https:\/\/acronoticias.com\/index.php\/wp-json\/wp\/v2\/posts"}],"about":[{"href":"https:\/\/acronoticias.com\/index.php\/wp-json\/wp\/v2\/types\/post"}],"author":[{"embeddable":true,"href":"https:\/\/acronoticias.com\/index.php\/wp-json\/wp\/v2\/users\/1"}],"replies":[{"embeddable":true,"href":"https:\/\/acronoticias.com\/index.php\/wp-json\/wp\/v2\/comments?post=67302"}],"version-history":[{"count":0,"href":"https:\/\/acronoticias.com\/index.php\/wp-json\/wp\/v2\/posts\/67302\/revisions"}],"wp:featuredmedia":[{"embeddable":true,"href":"https:\/\/acronoticias.com\/index.php\/wp-json\/wp\/v2\/media\/67303"}],"wp:attachment":[{"href":"https:\/\/acronoticias.com\/index.php\/wp-json\/wp\/v2\/media?parent=67302"}],"wp:term":[{"taxonomy":"category","embeddable":true,"href":"https:\/\/acronoticias.com\/index.php\/wp-json\/wp\/v2\/categories?post=67302"},{"taxonomy":"post_tag","embeddable":true,"href":"https:\/\/acronoticias.com\/index.php\/wp-json\/wp\/v2\/tags?post=67302"}],"curies":[{"name":"wp","href":"https:\/\/api.w.org\/{rel}","templated":true}]}}