{"id":67298,"date":"2026-09-04T11:32:36","date_gmt":"2026-09-04T11:32:36","guid":{"rendered":"https:\/\/acronoticias.com\/index.php\/2026\/09\/04\/taekwondo-dominicano-tres-atletas-que-han-dejado-su-huella-en-este-deporte\/"},"modified":"2026-09-04T11:32:36","modified_gmt":"2026-09-04T11:32:36","slug":"taekwondo-dominicano-tres-atletas-que-han-dejado-su-huella-en-este-deporte","status":"publish","type":"post","link":"https:\/\/acronoticias.com\/index.php\/2026\/09\/04\/taekwondo-dominicano-tres-atletas-que-han-dejado-su-huella-en-este-deporte\/","title":{"rendered":"Taekwondo dominicano: tres atletas que han dejado su huella en este deporte"},"content":{"rendered":"<div>\n<div class=\"c-detail__author full\">\n<div>\n<div class=\"c-detail__author__thumb\">\n<figure>\n                                <picture src=\"https:\/\/imagenes.hoy.com.do\/files\/image_square_xs\/uploads\/2025\/12\/15\/693fcc1bb94b5.jpeg\" data-size=\"w:40,h:40\">\n                                    <img decoding=\"async\" loading=\"lazy\" alt=\"Gabriel Alberto Hern\u00e1ndez Tiburcio\" width=\"40\" height=\"40\" src=\"https:\/\/imagenes.hoy.com.do\/files\/image_square_xs\/uploads\/2025\/12\/15\/693fcc1bb94b5.jpeg\"\/>\n                                <\/picture>\n                                <\/figure>\n<\/div>\n<\/div>\n<\/div>\n<p>                                                                                            <!-- --><\/p>\n<p class=\"paragraph\">Cada 4 de septiembre se celebra el <b>D\u00eda Internacional del Taekwondo<\/b>, fecha instituida para conmemorar el d\u00eda en que el <b>Comit\u00e9 Ol\u00edmpico Internacional (COI) <\/b>declar\u00f3 a esta disciplina marcial coreana como deporte ol\u00edmpico oficial.\u00a0<\/p>\n<p class=\"paragraph\">En la Rep\u00fablica Dominicana, el taekwondo no es solo una de las artes marciales de mayor tradici\u00f3n, sino tambi\u00e9n una de las disciplinas que m\u00e1s glorias y medallas ol\u00edmpicas le ha regalado al pa\u00eds.\u00a0<\/p>\n<p class=\"paragraph\">En el marco de esta celebraci\u00f3n, destacamos a <b>tres atletas<\/b> cuya trayectoria dej\u00f3 una huella imborrable en el deporte nacional:<\/p>\n<p class=\"paragraph\"><b>1. Gabriel Mercedes<\/b><\/p>\n<figure class=\"c-detail__media \"><figcaption class=\"c-detail__media__txt\">\n<p class=\"c-detail__media__subtitle\">\n<p>        <span class=\"c-detail__media__credit \">Gabriel Mercedes<\/span><\/p>\n<\/figcaption><\/figure>\n<p class=\"paragraph\">Considerado de manera un\u00e1nime como el gran referente hist\u00f3rico del taekwondo dominicano. El nativo de Monte Plata alcanz\u00f3 la cima en los <b>Juegos Ol\u00edmpicos de Pek\u00edn<\/b> 2008, donde conquist\u00f3 la medalla de plata en los \u201358 kg, rozando el oro en un inolvidable combate.\u00a0<\/p>\n<p class=\"paragraph\">A lo largo de su carrera acumul\u00f3 m\u00faltiples t\u00edtulos, incluyendo tres medallas en <b>Juegos Panamericanos (dos oros y una plata)<\/b> y preseas en <b>Mundiales de Taekwondo<\/b>, marcando el camino para las futuras generaciones de competidores del pa\u00eds.<\/p>\n<p class=\"paragraph\"><b>2. Luisito Pie<\/b><\/p>\n<figure class=\"c-detail__media \"><figcaption class=\"c-detail__media__txt\">\n<p class=\"c-detail__media__subtitle\">\n<p>        <span class=\"c-detail__media__credit \">Luisito Pie<\/span><span class=\"c-detail__media__author \">REUTERS<\/span><\/p>\n<\/figcaption><\/figure>\n<p class=\"paragraph\">Continuador de la dinast\u00eda y la excelencia competitiva en la categor\u00eda de los \u201358 kg. Luisito asegur\u00f3 su lugar en la historia grande del deporte quisqueyano al ser el \u00fanico medallista de la Rep\u00fablica Dominicana en los <b>Juegos Ol\u00edmpicos de R\u00edo 2016<\/b>, donde obtuvo la medalla de bronce tras un emotivo combate.\u00a0<\/p>\n<p class=\"paragraph\">Su constancia y esp\u00edritu combativo le han valido m\u00faltiples medallas en eventos del ciclo ol\u00edmpico, posicion\u00e1ndolo como una de las m\u00e1ximas figuras del taekwondo en la regi\u00f3n.<\/p>\n<p class=\"paragraph\"><b>3. Bernardo Pie<\/b><\/p>\n<figure class=\"c-detail__media \"><figcaption class=\"c-detail__media__txt\">\n<p class=\"c-detail__media__subtitle\">\n<p>        <span class=\"c-detail__media__credit \">Bernardo Pi\u00e9<\/span><\/p>\n<\/figcaption><\/figure>\n<p class=\"paragraph\">Representante indiscutible de la \u00e9lite contempor\u00e1nea del taekwondo dominicano. Hermano de Luisito, Bernardo ha trazado su propia huella dorada en los \u201368 kg, proclam\u00e1ndose bicampe\u00f3n panamericano con medallas de oro continentales en <b>Lima 2019 y Santiago 2023.<\/b> Su alto nivel competitivo lo ha llevado a representar con orgullo al pa\u00eds en <b>Juegos Ol\u00edmpicos<\/b> y campeonatos mundiales, consolid\u00e1ndose como una de las piezas fundamentales de la selecci\u00f3n nacional en la \u00faltima d\u00e9cada.<\/p>\n<p class=\"paragraph\">El legado de estos tres competidores refleja los valores esenciales de esta disciplina: cortes\u00eda, integridad, perseverancia, autocontrol y esp\u00edritu ind\u00f3mito.<\/p>\n<div class=\"c-detail__box \">\n<article class=\"c-detail__sumario \">\n<figure class=\"c-detail__sumario__thumb\" style=\"display: block;\">\n            <a href=\"#\" title=\"\">\n                <picture data-size=\"w:140,h:140\" loading=\"lazy\" src=\"https:\/\/imagenes.hoy.com.do\/files\/related_image\/uploads\/2026\/09\/03\/6a99d1f9315cc.jpeg\" data-full-src=\"https:\/\/imagenes.hoy.com.do\/uploads\/2026\/09\/03\/6a99d1f9315cc.jpeg\">\n                    <img loading=\"lazy\" decoding=\"async\" width=\"140\" height=\"140\" alt=\"Kawhi Leonard\" src=\"https:\/\/imagenes.hoy.com.do\/uploads\/2026\/09\/03\/6a99d1f9315cc.jpeg\"\/>\n                <\/picture>\n            <\/a><br \/>\n        <\/figure>\n<div class=\"c-detail__sumario__txt\">\n<p class=\"c-detail__sumario__signature\">\n                <strong><\/p>\n<p>                <strong class=\"c-detail__sumario__author \">Gabriel Alberto Hern\u00e1ndez Tiburcio<\/strong><\/strong>\n            <\/p>\n<\/p><\/div>\n<\/article>\n<\/div><\/div>\n","protected":false},"excerpt":{"rendered":"Cada 4 de septiembre se celebra el D\u00eda Internacional del Taekwondo, fecha&hellip;\n","protected":false},"author":1,"featured_media":67299,"comment_status":"open","ping_status":"open","sticky":false,"template":"","format":"standard","meta":{"footnotes":""},"categories":[2],"tags":[],"class_list":["post-67298","post","type-post","status-publish","format-standard","has-post-thumbnail","category-deporte"],"_links":{"self":[{"href":"https:\/\/acronoticias.com\/index.php\/wp-json\/wp\/v2\/posts\/67298","targetHints":{"allow":["GET"]}}],"collection":[{"href":"https:\/\/acronoticias.com\/index.php\/wp-json\/wp\/v2\/posts"}],"about":[{"href":"https:\/\/acronoticias.com\/index.php\/wp-json\/wp\/v2\/types\/post"}],"author":[{"embeddable":true,"href":"https:\/\/acronoticias.com\/index.php\/wp-json\/wp\/v2\/users\/1"}],"replies":[{"embeddable":true,"href":"https:\/\/acronoticias.com\/index.php\/wp-json\/wp\/v2\/comments?post=67298"}],"version-history":[{"count":0,"href":"https:\/\/acronoticias.com\/index.php\/wp-json\/wp\/v2\/posts\/67298\/revisions"}],"wp:featuredmedia":[{"embeddable":true,"href":"https:\/\/acronoticias.com\/index.php\/wp-json\/wp\/v2\/media\/67299"}],"wp:attachment":[{"href":"https:\/\/acronoticias.com\/index.php\/wp-json\/wp\/v2\/media?parent=67298"}],"wp:term":[{"taxonomy":"category","embeddable":true,"href":"https:\/\/acronoticias.com\/index.php\/wp-json\/wp\/v2\/categories?post=67298"},{"taxonomy":"post_tag","embeddable":true,"href":"https:\/\/acronoticias.com\/index.php\/wp-json\/wp\/v2\/tags?post=67298"}],"curies":[{"name":"wp","href":"https:\/\/api.w.org\/{rel}","templated":true}]}}