{"id":67296,"date":"2026-09-04T11:29:54","date_gmt":"2026-09-04T11:29:54","guid":{"rendered":"https:\/\/acronoticias.com\/index.php\/2026\/09\/04\/incendio-destruye-apartamentos-de-edificio-frente-a-la-uasd-y-afecta-a-familias-y-negocios\/"},"modified":"2026-09-04T11:29:54","modified_gmt":"2026-09-04T11:29:54","slug":"incendio-destruye-apartamentos-de-edificio-frente-a-la-uasd-y-afecta-a-familias-y-negocios","status":"publish","type":"post","link":"https:\/\/acronoticias.com\/index.php\/2026\/09\/04\/incendio-destruye-apartamentos-de-edificio-frente-a-la-uasd-y-afecta-a-familias-y-negocios\/","title":{"rendered":"Incendio destruye apartamentos de edificio frente a la UASD y afecta a familias y negocios"},"content":{"rendered":"<div>\n<div class=\"c-detail__author full\">\n<div>\n<div class=\"c-detail__author__thumb\">\n<figure>\n                                <picture src=\"https:\/\/imagenes.hoy.com.do\/files\/image_square_xs\/uploads\/2025\/12\/15\/693fcb2dab76b.jpeg\" data-size=\"w:40,h:40\">\n                                    <img decoding=\"async\" loading=\"lazy\" alt=\"Xiomara Lara\" width=\"40\" height=\"40\" src=\"https:\/\/imagenes.hoy.com.do\/files\/image_square_xs\/uploads\/2025\/12\/15\/693fcb2dab76b.jpeg\"\/>\n                                <\/picture>\n                                <\/figure>\n<\/div>\n<\/div>\n<\/div>\n<p>                                                                                            <!-- --><\/p>\n<p class=\"paragraph\">Un incendio registrado durante la madrugada de este viernes consumi\u00f3 parte de un edificio ubicado en la avenida <b>Correa y Cidr\u00f3n, esquina Amina Bel Hazb\u00fan, frente a la Universidad Aut\u00f3noma de Santo Domingo (UASD),<\/b> dejando a decenas de personas fuera de sus hogares.<\/p>\n<p class=\"paragraph\">De acuerdo con las declaraciones de los residentes ofrecidas a Hoy, el siniestro se habr\u00eda iniciado alrededor de la 1:00 de la madrugada, cuando comenzaron a percatarse de la situaci\u00f3n. Algunos pensaron inicialmente que <b>se trataba de un temblor<\/b>, debido al movimiento y al estruendo que se escuchaba en el inmueble, pero posteriormente descubrieron que se trataba de un incendio.<\/p>\n<div class=\"composite-video \">\n    <!-- video module configuration --><\/p>\n<div class=\"video-player\">\n<figure class=\"c-detail__media c-detail__media-video\"><figcaption class=\"c-detail__media__txt\">\n<p class=\"c-detail__media__subtitle\">\n<p>                <span class=\"c-detail__media__credit \">Fuego arrasa apartamentos frente a la UASD y causa da\u00f1os a negocios<\/span><\/p>\n<\/figcaption><\/figure>\n<\/p><\/div>\n<\/div>\n<p class=\"paragraph\">Ante la r\u00e1pida propagaci\u00f3n de las llamas, los residentes procedieron a evacuar el edificio para ponerse a salvo. Todos lograron salir \u00fanicamente con lo que ten\u00edan puesto.<\/p>\n<p class=\"paragraph\">De acuerdo con testimonios de residentes, los <b>bomberos \u201cse tomaron su tiempo\u201d <\/b>en llegar al lugar tras iniciarse la emergencia, una situaci\u00f3n que gener\u00f3 preocupaci\u00f3n entre quienes se encontraban atrapados o intentaban salir del edificio.<\/p>\n<p class=\"paragraph\">Las llamas consumieron completamente algunos de los apartamentos, mientras que otras \u00e1reas del inmueble tambi\u00e9n resultaron afectadas por el fuego y el humo.<\/p>\n<p class=\"paragraph\">A primeras horas de este viernes,<b> decenas de residentes permanec\u00edan en las inmediaciones del edificio<\/b>, a la espera de que los bomberos y las autoridades concluyeran las labores de control y evaluaci\u00f3n para poder ingresar, si las condiciones lo permiten, y verificar si pueden recuperar algunas de sus pertenencias.<\/p>\n<figure class=\"c-detail__media \"><figcaption class=\"c-detail__media__txt\">\n<p class=\"c-detail__media__subtitle\">\n<p>        <span class=\"c-detail__media__credit \">Varios de los afectados permanecen en la calle.<\/span><\/p>\n<\/figcaption><\/figure>\n<p class=\"paragraph\"><b>Los afectados permanecen a la espera de conocer la magnitud de los da\u00f1os <\/b>y las posibles medidas que deber\u00e1n tomar luego de perder temporalmente el acceso a sus viviendas.<\/p>\n<figure class=\"c-detail__media \"><figcaption class=\"c-detail__media__txt\">\n<p class=\"c-detail__media__subtitle\">\n<p>        <span class=\"c-detail__media__credit \">Incendio frente a la UASD<\/span><\/p>\n<\/figcaption><\/figure>\n<div class=\"c-detail__box \">\n<article class=\"c-detail__sumario \">\n<figure class=\"c-detail__sumario__thumb\" style=\"display: block;\">\n            <a href=\"#\" title=\"\">\n                <picture data-size=\"w:140,h:140\" loading=\"lazy\" src=\"https:\/\/imagenes.hoy.com.do\/files\/related_image\/files\/fp\/uploads\/2026\/09\/03\/6a99cc2756797.r_d.600-800.jpeg\" data-full-src=\"https:\/\/imagenes.hoy.com.do\/uploads\/2026\/09\/03\/6a99cc2756797.jpeg\">\n                    <img loading=\"lazy\" decoding=\"async\" width=\"140\" height=\"140\" alt=\"Veh\u00edculo incendiado\" src=\"https:\/\/imagenes.hoy.com.do\/uploads\/2026\/09\/03\/6a99cc2756797.jpeg\"\/>\n                <\/picture>\n            <\/a><br \/>\n        <\/figure>\n<div class=\"c-detail__sumario__txt\">\n<p class=\"c-detail__sumario__signature\">\n                <strong><\/p>\n<p>                <strong class=\"c-detail__sumario__author \">Gabriel Alberto Hern\u00e1ndez Tiburcio<\/strong><\/strong>\n            <\/p>\n<\/p><\/div>\n<\/article>\n<\/div><\/div>\n","protected":false},"excerpt":{"rendered":"Un incendio registrado durante la madrugada de este viernes consumi\u00f3 parte de&hellip;\n","protected":false},"author":1,"featured_media":67297,"comment_status":"open","ping_status":"open","sticky":false,"template":"","format":"standard","meta":{"footnotes":""},"categories":[3],"tags":[],"class_list":["post-67296","post","type-post","status-publish","format-standard","has-post-thumbnail","category-internacionales"],"_links":{"self":[{"href":"https:\/\/acronoticias.com\/index.php\/wp-json\/wp\/v2\/posts\/67296","targetHints":{"allow":["GET"]}}],"collection":[{"href":"https:\/\/acronoticias.com\/index.php\/wp-json\/wp\/v2\/posts"}],"about":[{"href":"https:\/\/acronoticias.com\/index.php\/wp-json\/wp\/v2\/types\/post"}],"author":[{"embeddable":true,"href":"https:\/\/acronoticias.com\/index.php\/wp-json\/wp\/v2\/users\/1"}],"replies":[{"embeddable":true,"href":"https:\/\/acronoticias.com\/index.php\/wp-json\/wp\/v2\/comments?post=67296"}],"version-history":[{"count":0,"href":"https:\/\/acronoticias.com\/index.php\/wp-json\/wp\/v2\/posts\/67296\/revisions"}],"wp:featuredmedia":[{"embeddable":true,"href":"https:\/\/acronoticias.com\/index.php\/wp-json\/wp\/v2\/media\/67297"}],"wp:attachment":[{"href":"https:\/\/acronoticias.com\/index.php\/wp-json\/wp\/v2\/media?parent=67296"}],"wp:term":[{"taxonomy":"category","embeddable":true,"href":"https:\/\/acronoticias.com\/index.php\/wp-json\/wp\/v2\/categories?post=67296"},{"taxonomy":"post_tag","embeddable":true,"href":"https:\/\/acronoticias.com\/index.php\/wp-json\/wp\/v2\/tags?post=67296"}],"curies":[{"name":"wp","href":"https:\/\/api.w.org\/{rel}","templated":true}]}}