{"id":67293,"date":"2026-09-04T10:31:41","date_gmt":"2026-09-04T10:31:41","guid":{"rendered":"https:\/\/acronoticias.com\/index.php\/2026\/09\/04\/los-brooklyn-nets-anuncian-las-noches-de-epoca-para-celebrar-su-60a-temporada\/"},"modified":"2026-09-04T10:31:41","modified_gmt":"2026-09-04T10:31:41","slug":"los-brooklyn-nets-anuncian-las-noches-de-epoca-para-celebrar-su-60a-temporada","status":"publish","type":"post","link":"https:\/\/acronoticias.com\/index.php\/2026\/09\/04\/los-brooklyn-nets-anuncian-las-noches-de-epoca-para-celebrar-su-60a-temporada\/","title":{"rendered":"Los Brooklyn Nets anuncian las \u2018Noches de \u00c9poca\u2019 para celebrar su 60\u00aa temporada"},"content":{"rendered":"<p><img decoding=\"async\" width=\"355\" height=\"200\" src=\"https:\/\/nuevodiario-assets.s3.us-east-2.amazonaws.com\/wp-content\/uploads\/2026\/09\/GettyImages-163390983-1536x864-1-355x200.webp\" class=\"webfeedsFeaturedVisual wp-post-image\" alt=\"\" style=\"display: block;margin-bottom: 5px;clear:both;max-width: 100%\" loading=\"lazy\" \/><\/p>\n<p>EL NUEVO DIARIO, BROOKLYN.- Los Brooklyn Nets han anunciado que organizar\u00e1n seis partidos bajo el lema \u00abNoches de \u00c9poca\u00bb en conmemoraci\u00f3n de los 60 a\u00f1os de rica historia del equipo.<\/p>\n<p>Desde Julius Erving hasta Jason Kidd, Joe Johnson y muchos m\u00e1s, los Nets han contado con numerosas estrellas a lo largo de seis d\u00e9cadas. Con esta celebraci\u00f3n, la organizaci\u00f3n no solo rendir\u00e1 homenaje a esas \u00e9pocas, sino tambi\u00e9n a los diferentes estilos y uniformes que las definieron.<\/p>\n<h3 id=\"calendario-de-noches-de-epocas-2026-27\"><span dir=\"auto\">Calendario de \u201cNoches de \u00c9pocas\u201d 2026-27:<\/span><\/h3>\n<p><span dir=\"auto\">\u2022\u00a0<\/span><strong><span dir=\"auto\">Noche de la ABA<\/span><\/strong><span dir=\"auto\">\u00a0: 18 de noviembre<\/span><\/p>\n<p><span dir=\"auto\">\u2022\u00a0<\/span><strong><span dir=\"auto\">Noche de los 80<\/span><\/strong><span dir=\"auto\">\u00a0: 18 de diciembre<\/span><\/p>\n<p><span dir=\"auto\">\u2022\u00a0<\/span><strong><span dir=\"auto\">Noche de los 90<\/span><\/strong><span dir=\"auto\">\u00a0: 9 de enero<\/span><\/p>\n<p><span dir=\"auto\">\u2022\u00a0<\/span><strong><span dir=\"auto\">Noche de los Dragones del Pantano<\/span><\/strong><span dir=\"auto\">\u00a0: 19 de enero<\/span><\/p>\n<p><span dir=\"auto\">\u2022\u00a0<\/span><strong><span dir=\"auto\">Noche de los a\u00f1os 2000:<\/span><\/strong><span dir=\"auto\">\u00a015 de marzo<\/span><\/p>\n<p><span dir=\"auto\">\u2022\u00a0<\/span><strong><span dir=\"auto\">Hello Brooklyn Night<\/span><\/strong><span dir=\"auto\"> : 31 de marzo.<\/span><\/p>\n<p>La entrada <a href=\"https:\/\/elnuevodiario.com.do\/los-brooklyn-nets-anuncian-las-noches-de-epoca-para-celebrar-su-60a-temporada\/\">Los Brooklyn Nets anuncian las \u2018Noches de \u00c9poca\u2019 para celebrar su 60\u00aa temporada<\/a> se public\u00f3 primero en <a href=\"https:\/\/elnuevodiario.com.do\">El Nuevo Diario (Rep\u00fablica Dominicana)<\/a>.<\/p>\n","protected":false},"excerpt":{"rendered":"EL NUEVO DIARIO, BROOKLYN.- Los Brooklyn Nets han anunciado que organizar\u00e1n seis&hellip;\n","protected":false},"author":1,"featured_media":67294,"comment_status":"open","ping_status":"open","sticky":false,"template":"","format":"standard","meta":{"footnotes":""},"categories":[2],"tags":[],"class_list":["post-67293","post","type-post","status-publish","format-standard","has-post-thumbnail","category-deporte"],"_links":{"self":[{"href":"https:\/\/acronoticias.com\/index.php\/wp-json\/wp\/v2\/posts\/67293","targetHints":{"allow":["GET"]}}],"collection":[{"href":"https:\/\/acronoticias.com\/index.php\/wp-json\/wp\/v2\/posts"}],"about":[{"href":"https:\/\/acronoticias.com\/index.php\/wp-json\/wp\/v2\/types\/post"}],"author":[{"embeddable":true,"href":"https:\/\/acronoticias.com\/index.php\/wp-json\/wp\/v2\/users\/1"}],"replies":[{"embeddable":true,"href":"https:\/\/acronoticias.com\/index.php\/wp-json\/wp\/v2\/comments?post=67293"}],"version-history":[{"count":0,"href":"https:\/\/acronoticias.com\/index.php\/wp-json\/wp\/v2\/posts\/67293\/revisions"}],"wp:featuredmedia":[{"embeddable":true,"href":"https:\/\/acronoticias.com\/index.php\/wp-json\/wp\/v2\/media\/67294"}],"wp:attachment":[{"href":"https:\/\/acronoticias.com\/index.php\/wp-json\/wp\/v2\/media?parent=67293"}],"wp:term":[{"taxonomy":"category","embeddable":true,"href":"https:\/\/acronoticias.com\/index.php\/wp-json\/wp\/v2\/categories?post=67293"},{"taxonomy":"post_tag","embeddable":true,"href":"https:\/\/acronoticias.com\/index.php\/wp-json\/wp\/v2\/tags?post=67293"}],"curies":[{"name":"wp","href":"https:\/\/api.w.org\/{rel}","templated":true}]}}