{"id":67291,"date":"2026-09-04T10:29:21","date_gmt":"2026-09-04T10:29:21","guid":{"rendered":"https:\/\/acronoticias.com\/index.php\/2026\/09\/04\/el-desafio-supremo-de-la-suprema-corte\/"},"modified":"2026-09-04T10:29:21","modified_gmt":"2026-09-04T10:29:21","slug":"el-desafio-supremo-de-la-suprema-corte","status":"publish","type":"post","link":"https:\/\/acronoticias.com\/index.php\/2026\/09\/04\/el-desafio-supremo-de-la-suprema-corte\/","title":{"rendered":"El desaf\u00edo supremo de la Suprema Corte"},"content":{"rendered":"<div>\n<p>                                                                                            <!-- --><\/p>\n<p class=\"paragraph\">La evaluaci\u00f3n de los jueces de la <b>Suprema Corte de Justicia <\/b>debe considerar su seriedad, independencia y trayectoria, pero tambi\u00e9n su visi\u00f3n de futuro. En ese proceso, el Consejo Nacional de la Magistratura deber\u00eda procurar que quienes permanezcan o lleguen a la Corte tengan capacidad para enfrentar los grandes desaf\u00edos de un sistema de justicia en transici\u00f3n. Un reciente informe del PNUD sobre el Poder Judicial cae como anillo al dedo en la b\u00fasqueda de esos fines.<\/p>\n<p class=\"paragraph\">Su aporte es contrastar los avances institucionales con las barreras que todav\u00eda encuentran quienes recurren a la justicia. El balance reconoce una modernizaci\u00f3n tecnol\u00f3gica que ha transformado el funcionamiento del sistema judicial, as\u00ed como mejoras en la capacidad de respuesta de los tribunales y una reducci\u00f3n de la mora. El pa\u00eds tambi\u00e9n ha evolucionado favorablemente en indicadores internacionales sobre Estado de derecho. Sin embargo, esos logros no parecen reflejarse todav\u00eda con igual claridad en la experiencia del ciudadano. Cuatro de cada diez usuarios consultados por el PNUD reportaron dificultades durante su proceso. Las demoras y los costos encabezaron los problemas se\u00f1alados, junto con fallas en la atenci\u00f3n y barreras de acceso en algunos territorios.<\/p>\n<p class=\"paragraph\">Cerrar esa brecha es el desaf\u00edo de la pr\u00f3xima etapa del <b>Poder Judicial.<\/b> La Suprema que resulte de este proceso deber\u00e1 conseguir que las mejoras institucionales se traduzcan en un mejor servicio y que la justicia sea m\u00e1s cercana, comprensible y humana. Para ello se requieren jueces y servidores mejor formados y adecuadamente remunerados. Tambi\u00e9n ser\u00e1 necesario avanzar, como ha planteado el presidente de la Suprema Corte, en normas y mecanismos que faciliten la mediaci\u00f3n y la conciliaci\u00f3n para resolver m\u00e1s conflictos sin necesidad de llegar a los tribunales. La gesti\u00f3n actual ha recorrido un trecho importante; al nuevo liderazgo le corresponder\u00e1 convertir esos avances en la justicia que el pa\u00eds espera.<\/p>\n<div class=\"c-detail__box \">\n<article class=\"c-detail__sumario \">\n<figure class=\"c-detail__sumario__thumb\" style=\"display: block;\">\n            <a href=\"#\" title=\"\">\n                <picture data-size=\"w:140,h:140\" loading=\"lazy\" src=\"https:\/\/imagenes.hoy.com.do\/files\/related_image\/files\/fp\/uploads\/2026\/09\/02\/6a98bec330deb.r_d.1548-1556.jpeg\" data-full-src=\"https:\/\/imagenes.hoy.com.do\/uploads\/2026\/09\/02\/6a98bec330deb.jpeg\">\n                    <img loading=\"lazy\" decoding=\"async\" width=\"140\" height=\"140\" alt=\"Editorial\" src=\"https:\/\/imagenes.hoy.com.do\/uploads\/2026\/09\/02\/6a98bec330deb.jpeg\"\/>\n                <\/picture>\n            <\/a><br \/>\n        <\/figure>\n<\/article>\n<\/div>\n<\/div>\n","protected":false},"excerpt":{"rendered":"La evaluaci\u00f3n de los jueces de la Suprema Corte de Justicia debe&hellip;\n","protected":false},"author":1,"featured_media":67292,"comment_status":"open","ping_status":"open","sticky":false,"template":"","format":"standard","meta":{"footnotes":""},"categories":[3],"tags":[],"class_list":["post-67291","post","type-post","status-publish","format-standard","has-post-thumbnail","category-internacionales"],"_links":{"self":[{"href":"https:\/\/acronoticias.com\/index.php\/wp-json\/wp\/v2\/posts\/67291","targetHints":{"allow":["GET"]}}],"collection":[{"href":"https:\/\/acronoticias.com\/index.php\/wp-json\/wp\/v2\/posts"}],"about":[{"href":"https:\/\/acronoticias.com\/index.php\/wp-json\/wp\/v2\/types\/post"}],"author":[{"embeddable":true,"href":"https:\/\/acronoticias.com\/index.php\/wp-json\/wp\/v2\/users\/1"}],"replies":[{"embeddable":true,"href":"https:\/\/acronoticias.com\/index.php\/wp-json\/wp\/v2\/comments?post=67291"}],"version-history":[{"count":0,"href":"https:\/\/acronoticias.com\/index.php\/wp-json\/wp\/v2\/posts\/67291\/revisions"}],"wp:featuredmedia":[{"embeddable":true,"href":"https:\/\/acronoticias.com\/index.php\/wp-json\/wp\/v2\/media\/67292"}],"wp:attachment":[{"href":"https:\/\/acronoticias.com\/index.php\/wp-json\/wp\/v2\/media?parent=67291"}],"wp:term":[{"taxonomy":"category","embeddable":true,"href":"https:\/\/acronoticias.com\/index.php\/wp-json\/wp\/v2\/categories?post=67291"},{"taxonomy":"post_tag","embeddable":true,"href":"https:\/\/acronoticias.com\/index.php\/wp-json\/wp\/v2\/tags?post=67291"}],"curies":[{"name":"wp","href":"https:\/\/api.w.org\/{rel}","templated":true}]}}