{"id":67281,"date":"2026-09-04T07:28:36","date_gmt":"2026-09-04T07:28:36","guid":{"rendered":"https:\/\/acronoticias.com\/index.php\/2026\/09\/04\/neymar-atribuye-al-mal-estado-de-la-cancha-su-lesion-en-partido-por-la-copa-do-brasil\/"},"modified":"2026-09-04T07:28:36","modified_gmt":"2026-09-04T07:28:36","slug":"neymar-atribuye-al-mal-estado-de-la-cancha-su-lesion-en-partido-por-la-copa-do-brasil","status":"publish","type":"post","link":"https:\/\/acronoticias.com\/index.php\/2026\/09\/04\/neymar-atribuye-al-mal-estado-de-la-cancha-su-lesion-en-partido-por-la-copa-do-brasil\/","title":{"rendered":"Neymar atribuye al mal estado de la cancha su lesi\u00f3n en partido por la Copa do Brasil"},"content":{"rendered":"<p><img decoding=\"async\" width=\"355\" height=\"200\" src=\"https:\/\/nuevodiario-assets.s3.us-east-2.amazonaws.com\/wp-content\/uploads\/2026\/09\/neymar-atribuye-mal-estado-cancha-lesion-355x200.webp\" class=\"webfeedsFeaturedVisual wp-post-image\" alt=\"\" style=\"display: block;margin-bottom: 5px;clear:both;max-width: 100%\" loading=\"lazy\" \/><\/p>\n<p>EL NUEVO DIARIO, R\u00cdO DE JANEIRO, BRASIL.- Neymar culp\u00f3 este jueves al mal estado de la cancha del estadio Vila Belmiro de la lesi\u00f3n que lo oblig\u00f3 a abandonar a los 45 minutos el partido entre Santos y Palmeiras por los cuartos de final de la Copa do Brasil, en el que el club de Pel\u00e9 fue eliminado del torneo.<\/p>\n<p>\u00abQuer\u00eda felicitar al responsable de la cancha en el Vila Belmiro. El de ayer fue el peor c\u00e9sped, lleno de huecos porque hicieron una descompactaci\u00f3n un d\u00eda antes del partido. \u00a1Incre\u00edble!\u00bb, afirm\u00f3 Neymar en un mensaje publicado en Instagram, en tono ir\u00f3nico.<\/p>\n<p>El camisa 10 del Santos se\u00f1al\u00f3 que el equipo tuvo que jugar \u00abcontra el adversario\u00bb y tambi\u00e9n \u00abcontra el campo\u00bb, debido a las irregularidades del terreno, que, seg\u00fan explic\u00f3, obligaron a los jugadores a hacer m\u00e1s fuerza para arrancar y frenar durante las carreras.<\/p>\n<p>Neymar fue sustituido en el descanso despu\u00e9s de sentir dolores en el muslo derecho en los minutos finales del primer tiempo.<\/p>\n<p>El delantero y capit\u00e1n del Santos, que ya hab\u00eda mostrado su incomodidad con el estado de la cancha durante el calentamiento previo al partido contra Palmeiras, abandon\u00f3 la cancha entre l\u00e1grimas.<\/p>\n<p>Las lesiones que sufrieron Lucas Ver\u00edssimo y Barreal, que tambi\u00e9n tuvieron que abandonar el partido, tambi\u00e9n fueron atribuidas por Neymar al estado de la cancha.<\/p>\n<p>El Santos necesitaba remontar el 3-0 sufrido en el partido de ida, pero no pas\u00f3 del empate sin goles, con lo que fue eliminado en los cuartos de final de la Copa do Brasil.<\/p>\n<p>La entrada <a href=\"https:\/\/elnuevodiario.com.do\/neymar-atribuye-al-mal-estado-de-la-cancha-su-lesion-en-partido-por-la-copa-do-brasil\/\">Neymar atribuye al mal estado de la cancha su lesi\u00f3n en partido por la Copa do Brasil<\/a> se public\u00f3 primero en <a href=\"https:\/\/elnuevodiario.com.do\">El Nuevo Diario (Rep\u00fablica Dominicana)<\/a>.<\/p>\n","protected":false},"excerpt":{"rendered":"EL NUEVO DIARIO, R\u00cdO DE JANEIRO, BRASIL.- Neymar culp\u00f3 este jueves al&hellip;\n","protected":false},"author":1,"featured_media":67282,"comment_status":"open","ping_status":"open","sticky":false,"template":"","format":"standard","meta":{"footnotes":""},"categories":[2],"tags":[],"class_list":["post-67281","post","type-post","status-publish","format-standard","has-post-thumbnail","category-deporte"],"_links":{"self":[{"href":"https:\/\/acronoticias.com\/index.php\/wp-json\/wp\/v2\/posts\/67281","targetHints":{"allow":["GET"]}}],"collection":[{"href":"https:\/\/acronoticias.com\/index.php\/wp-json\/wp\/v2\/posts"}],"about":[{"href":"https:\/\/acronoticias.com\/index.php\/wp-json\/wp\/v2\/types\/post"}],"author":[{"embeddable":true,"href":"https:\/\/acronoticias.com\/index.php\/wp-json\/wp\/v2\/users\/1"}],"replies":[{"embeddable":true,"href":"https:\/\/acronoticias.com\/index.php\/wp-json\/wp\/v2\/comments?post=67281"}],"version-history":[{"count":0,"href":"https:\/\/acronoticias.com\/index.php\/wp-json\/wp\/v2\/posts\/67281\/revisions"}],"wp:featuredmedia":[{"embeddable":true,"href":"https:\/\/acronoticias.com\/index.php\/wp-json\/wp\/v2\/media\/67282"}],"wp:attachment":[{"href":"https:\/\/acronoticias.com\/index.php\/wp-json\/wp\/v2\/media?parent=67281"}],"wp:term":[{"taxonomy":"category","embeddable":true,"href":"https:\/\/acronoticias.com\/index.php\/wp-json\/wp\/v2\/categories?post=67281"},{"taxonomy":"post_tag","embeddable":true,"href":"https:\/\/acronoticias.com\/index.php\/wp-json\/wp\/v2\/tags?post=67281"}],"curies":[{"name":"wp","href":"https:\/\/api.w.org\/{rel}","templated":true}]}}