{"id":67275,"date":"2026-09-04T07:00:50","date_gmt":"2026-09-04T07:00:50","guid":{"rendered":"https:\/\/acronoticias.com\/index.php\/2026\/09\/04\/sepultan-en-sabana-larga-a-la-abogada-leidy-soto-caceres-ultimada-de-varias-estocadas-en-ocoa\/"},"modified":"2026-09-04T07:00:50","modified_gmt":"2026-09-04T07:00:50","slug":"sepultan-en-sabana-larga-a-la-abogada-leidy-soto-caceres-ultimada-de-varias-estocadas-en-ocoa","status":"publish","type":"post","link":"https:\/\/acronoticias.com\/index.php\/2026\/09\/04\/sepultan-en-sabana-larga-a-la-abogada-leidy-soto-caceres-ultimada-de-varias-estocadas-en-ocoa\/","title":{"rendered":"Sepultan en Sabana Larga a la abogada Leidy Soto C\u00e1ceres, ultimada de varias estocadas en Ocoa"},"content":{"rendered":"<div data-td-block-uid=\"tdi_100\">\n<div class=\"tdb-block-inner td-fix-index\">\n<p class=\"wp-block-paragraph\"><strong>SABANA LARGA, San Jos\u00e9 de Ocoa.<\/strong> Los restos de la abogada Leidy Soto C\u00e1ceres, de 34 a\u00f1os, fueron sepultados al mediod\u00eda de este jueves en el cementerio municipal de Sabana Larga, tras haber sido ultimada a estocadas el pasado martes en el sector Los Maestros de esta provincia.<\/p>\n<p class=\"wp-block-paragraph\">Por el homicidio se encuentra detenida Adriana Cuello Minyetty, quien ser\u00e1 sometida a la acci\u00f3n de la justicia en las pr\u00f3ximas horas, seg\u00fan inform\u00f3 el Ministerio P\u00fablico de San Jos\u00e9 de Ocoa.<\/p>\n<figure class=\"wp-block-embed is-type-rich is-provider-instagram wp-block-embed-instagram\"\/>\n<p class=\"wp-block-paragraph\">De acuerdo con versiones de testigos, Soto C\u00e1ceres acudi\u00f3 a la residencia de Cuello Minyetty, donde se produjo una discusi\u00f3n en la que result\u00f3 con heridas de arma blanca. La v\u00edctima fue trasladada al hospital San Jos\u00e9, donde falleci\u00f3 mientras recib\u00eda atenciones m\u00e9dicas.<\/p>\n<p class=\"wp-block-paragraph\">Las honras f\u00fanebres iniciaron en la funeraria Mamarrita y continuaron con una misa de cuerpo presente en la iglesia San Francisco de As\u00eds, oficiada por el p\u00e1rroco Julio Anglada. Al oficio religioso asistieron miembros del gremio judicial, representantes institucionales, familiares y comunitarios, quienes expresaron su reclamo de justicia.<\/p>\n<p class=\"wp-block-paragraph\">Soto C\u00e1ceres era egresada de la carrera de Derecho por la Universidad Dominicana O&M y madre de cuatro hijos. La imputada permanece bajo custodia en el cuartel de la Polic\u00eda Nacional de la demarcaci\u00f3n a la espera del conocimiento de medidas de coerci\u00f3n.<\/p>\n<\/div>\n<\/div>\n","protected":false},"excerpt":{"rendered":"SABANA LARGA, San Jos\u00e9 de Ocoa. Los restos de la abogada Leidy&hellip;\n","protected":false},"author":1,"featured_media":67276,"comment_status":"open","ping_status":"open","sticky":false,"template":"","format":"standard","meta":{"footnotes":""},"categories":[1],"tags":[],"class_list":["post-67275","post","type-post","status-publish","format-standard","has-post-thumbnail","category-nacionales"],"_links":{"self":[{"href":"https:\/\/acronoticias.com\/index.php\/wp-json\/wp\/v2\/posts\/67275","targetHints":{"allow":["GET"]}}],"collection":[{"href":"https:\/\/acronoticias.com\/index.php\/wp-json\/wp\/v2\/posts"}],"about":[{"href":"https:\/\/acronoticias.com\/index.php\/wp-json\/wp\/v2\/types\/post"}],"author":[{"embeddable":true,"href":"https:\/\/acronoticias.com\/index.php\/wp-json\/wp\/v2\/users\/1"}],"replies":[{"embeddable":true,"href":"https:\/\/acronoticias.com\/index.php\/wp-json\/wp\/v2\/comments?post=67275"}],"version-history":[{"count":0,"href":"https:\/\/acronoticias.com\/index.php\/wp-json\/wp\/v2\/posts\/67275\/revisions"}],"wp:featuredmedia":[{"embeddable":true,"href":"https:\/\/acronoticias.com\/index.php\/wp-json\/wp\/v2\/media\/67276"}],"wp:attachment":[{"href":"https:\/\/acronoticias.com\/index.php\/wp-json\/wp\/v2\/media?parent=67275"}],"wp:term":[{"taxonomy":"category","embeddable":true,"href":"https:\/\/acronoticias.com\/index.php\/wp-json\/wp\/v2\/categories?post=67275"},{"taxonomy":"post_tag","embeddable":true,"href":"https:\/\/acronoticias.com\/index.php\/wp-json\/wp\/v2\/tags?post=67275"}],"curies":[{"name":"wp","href":"https:\/\/api.w.org\/{rel}","templated":true}]}}