{"id":67273,"date":"2026-09-04T06:44:44","date_gmt":"2026-09-04T06:44:44","guid":{"rendered":"https:\/\/acronoticias.com\/index.php\/2026\/09\/04\/ejercito-inicia-recorrido-de-supervision-en-la-frontera-desde-manzanillo-hasta-dajabon\/"},"modified":"2026-09-04T06:44:44","modified_gmt":"2026-09-04T06:44:44","slug":"ejercito-inicia-recorrido-de-supervision-en-la-frontera-desde-manzanillo-hasta-dajabon","status":"publish","type":"post","link":"https:\/\/acronoticias.com\/index.php\/2026\/09\/04\/ejercito-inicia-recorrido-de-supervision-en-la-frontera-desde-manzanillo-hasta-dajabon\/","title":{"rendered":"Ej\u00e9rcito inicia recorrido de supervisi\u00f3n en la frontera desde Manzanillo hasta Dajab\u00f3n"},"content":{"rendered":"<div data-td-block-uid=\"tdi_100\">\n<div class=\"tdb-block-inner td-fix-index\">\n<p class=\"wp-block-paragraph\">DAJAB\u00d3N.- El comandante general del Ej\u00e9rcito de Rep\u00fablica Dominicana (ERD), mayor general Jimmy Arias Grull\u00f3n, encabez\u00f3 un recorrido de supervisi\u00f3n e inspecci\u00f3n operativa por las unidades militares, puestos de chequeo y destacamentos ubicados en la l\u00ednea fronteriza con Hait\u00ed.<\/p>\n<p class=\"wp-block-paragraph\">La actividad arranc\u00f3 en Manzanillo, donde el alto mando pas\u00f3 revista a las tropas del D\u00e9cimo Batall\u00f3n de Infanter\u00eda y las exhort\u00f3 a mantener la firmeza en la defensa del territorio nacional.<\/p>\n<p class=\"wp-block-paragraph\">Luego, la comitiva militar avanz\u00f3 por v\u00eda terrestre a lo largo del tramo de la verja perimetral entre Manzanillo y Dajab\u00f3n, saludando e inspeccionando al personal apostado en los distintos puestos del dispositivo de seguridad fronteriza.<\/p>\n<p class=\"wp-block-paragraph\">El recorrido continuar\u00e1 de forma progresiva por Dajab\u00f3n, Restauraci\u00f3n y Pedro Santana, hasta culminar en Jiman\u00ed, con el objetivo de evaluar la capacidad de respuesta de las tropas, verificar las condiciones log\u00edsticas y comprobar la efectividad de los controles en zonas de dif\u00edcil acceso.<\/p>\n<p class=\"wp-block-paragraph\">Arias Grull\u00f3n est\u00e1 acompa\u00f1ado por miembros de su Estado Mayor Institucional, entre ellos los directores de Inteligencia (G-2), Operaciones (G-3) y Log\u00edstica (G-4). Como parte de la agenda, el alto mando sostendr\u00e1 encuentros con autoridades locales y legisladores de las provincias fronterizas.<\/p>\n<\/div>\n<\/div>\n","protected":false},"excerpt":{"rendered":"DAJAB\u00d3N.- El comandante general del Ej\u00e9rcito de Rep\u00fablica Dominicana (ERD), mayor general&hellip;\n","protected":false},"author":1,"featured_media":67274,"comment_status":"open","ping_status":"open","sticky":false,"template":"","format":"standard","meta":{"footnotes":""},"categories":[1],"tags":[],"class_list":["post-67273","post","type-post","status-publish","format-standard","has-post-thumbnail","category-nacionales"],"_links":{"self":[{"href":"https:\/\/acronoticias.com\/index.php\/wp-json\/wp\/v2\/posts\/67273","targetHints":{"allow":["GET"]}}],"collection":[{"href":"https:\/\/acronoticias.com\/index.php\/wp-json\/wp\/v2\/posts"}],"about":[{"href":"https:\/\/acronoticias.com\/index.php\/wp-json\/wp\/v2\/types\/post"}],"author":[{"embeddable":true,"href":"https:\/\/acronoticias.com\/index.php\/wp-json\/wp\/v2\/users\/1"}],"replies":[{"embeddable":true,"href":"https:\/\/acronoticias.com\/index.php\/wp-json\/wp\/v2\/comments?post=67273"}],"version-history":[{"count":0,"href":"https:\/\/acronoticias.com\/index.php\/wp-json\/wp\/v2\/posts\/67273\/revisions"}],"wp:featuredmedia":[{"embeddable":true,"href":"https:\/\/acronoticias.com\/index.php\/wp-json\/wp\/v2\/media\/67274"}],"wp:attachment":[{"href":"https:\/\/acronoticias.com\/index.php\/wp-json\/wp\/v2\/media?parent=67273"}],"wp:term":[{"taxonomy":"category","embeddable":true,"href":"https:\/\/acronoticias.com\/index.php\/wp-json\/wp\/v2\/categories?post=67273"},{"taxonomy":"post_tag","embeddable":true,"href":"https:\/\/acronoticias.com\/index.php\/wp-json\/wp\/v2\/tags?post=67273"}],"curies":[{"name":"wp","href":"https:\/\/api.w.org\/{rel}","templated":true}]}}