{"id":67267,"date":"2026-09-04T06:24:51","date_gmt":"2026-09-04T06:24:51","guid":{"rendered":"https:\/\/acronoticias.com\/index.php\/2026\/09\/04\/monte-plata-lidera-provincias-con-mas-centros-sin-iniciar-clases\/"},"modified":"2026-09-04T06:24:51","modified_gmt":"2026-09-04T06:24:51","slug":"monte-plata-lidera-provincias-con-mas-centros-sin-iniciar-clases","status":"publish","type":"post","link":"https:\/\/acronoticias.com\/index.php\/2026\/09\/04\/monte-plata-lidera-provincias-con-mas-centros-sin-iniciar-clases\/","title":{"rendered":"Monte Plata lidera provincias con m\u00e1s centros sin iniciar clases"},"content":{"rendered":"<div>\n<div class=\"c-detail__author full\">\n<div>\n<div class=\"c-detail__author__thumb\">\n<figure>\n                                <picture src=\"https:\/\/imagenes.hoy.com.do\/files\/image_square_xs\/uploads\/2026\/08\/07\/6a75fe19aac3b.png\" data-size=\"w:40,h:40\">\n                                    <img decoding=\"async\" loading=\"lazy\" alt=\"Olga Verg\u00e9s\" width=\"40\" height=\"40\" src=\"https:\/\/imagenes.hoy.com.do\/files\/image_square_xs\/uploads\/2026\/08\/07\/6a75fe19aac3b.png\"\/>\n                                <\/picture>\n                                <\/figure>\n<\/div>\n<\/div>\n<\/div>\n<p>                                                                                            <!-- --><\/p>\n<p class=\"paragraph\">Las dificultades en infraestructuras   dejaron <b>237 centros educativos sin iniciar la docencia <\/b>en todo el territorio, al cierre del levantamiento realizado por la Asociaci\u00f3n Dominicana de Profesores (ADP), de los cuales 224 fueron identificados nominalmente y otros 13 permanecen sin identificar.<\/p>\n<p class=\"paragraph\">El dato est\u00e1 contenido en el informe del Observatorio Educativo Prof. Rafael Santos Bad\u00eda de la ADP, cuyo levantamiento fue cerrado el 28 de agosto del 2026, y revela que los obst\u00e1culos para comenzar las clases se extendieron por distintas regiones del pa\u00eds.<\/p>\n<p class=\"paragraph\">El principal problema se\u00f1alado fue el mal estado o las condiciones inadecuadas de los planteles, situaci\u00f3n que se combin\u00f3 con falta de personal, inasistencia de estudiantes y sus familias, dificultades con la matr\u00edcula y problemas de organizaci\u00f3n escolar.<\/p>\n<p class=\"paragraph\">El impacto no qued\u00f3 concentrado en una sola zona. Monte Plata, Santo Domingo, San Crist\u00f3bal, Duarte y Azua acumularon 119 de los 224 centros identificados, m\u00e1s de la mitad de los casos nominales registrados por el gremio.<\/p>\n<p class=\"paragraph\"><b>Monte Plata con m\u00e1s casos<\/b><\/p>\n<p class=\"paragraph\">Monte Plata fue la provincia con mayor cantidad de centros afectados, con 29 planteles que no pudieron iniciar la docencia. Entre estos est\u00e1n Cara Linda, Cruce de Mela, Esperanza Monta\u00f1o (Parroquial),  Juan Bautista Monte de Oca,  Fr\u00edas, El Cacique y el Polit\u00e9cnico Julio Abreu Cuello. En Sabana Grande de Boy\u00e1 tambi\u00e9n fueron reportados  los centros Pastora Castillo, Eugenio Mar\u00eda de Hostos, Polit\u00e9cnico Gregorio Aybar Contreras y Franklyn Evangelista Santana Pascual.<\/p>\n<p class=\"paragraph\">Asimismo, la provincia Santo Domingo   tiene 28 centros. En Mendoza-San Luis aparecen Rep\u00fablica de Belice, Prof. Jos\u00e9 Nicol\u00e1s Alm\u00e1nzar Garc\u00eda, Elda Josefa Reyes de Mu\u00f1oz, Francisco del Rosario S\u00e1nchez, Juan Pablo Duarte y el Polit\u00e9cnico Federico Henr\u00edquez y Carvajal; mientras que en Santo Domingo Oeste est\u00e1n Nicol\u00e1s Ure\u00f1a de Mendoza, Las Mercedes, Manoguayabo y el Centro Educativo en Artes Prof. Adelaida Mercedes Acosta, entre otros.<\/p>\n<div class=\"c-detail__box \">\n<article class=\"c-detail__sumario \">\n<figure class=\"c-detail__sumario__thumb\" style=\"display: block;\">\n            <a href=\"#\" title=\"\">\n                <picture data-size=\"w:140,h:140\" loading=\"lazy\" src=\"https:\/\/imagenes.hoy.com.do\/files\/related_image\/uploads\/2026\/09\/02\/6a98d610bdfe5.jpeg\" data-full-src=\"https:\/\/imagenes.hoy.com.do\/uploads\/2026\/09\/02\/6a98d610bdfe5.jpeg\">\n                    <img loading=\"lazy\" decoding=\"async\" width=\"140\" height=\"140\" alt=\"Falta de atenci\u00f3n los agota\" src=\"https:\/\/imagenes.hoy.com.do\/uploads\/2026\/09\/02\/6a98d610bdfe5.jpeg\"\/>\n                <\/picture>\n            <\/a><br \/>\n        <\/figure>\n<\/article>\n<\/div>\n<p class=\"paragraph\"><b>San Crist\u00f3bal y Duarte<\/b><\/p>\n<p class=\"paragraph\">San Crist\u00f3bal registr\u00f3 21 centros paralizados, entre ellos Prof. Mercedes P\u00e9rez, en Bajos de Haina; San Francisco y Esteban\u00eda, en San Crist\u00f3bal Norte;  Rafael Guzm\u00e1n, Santa Luc\u00eda de Camba, Fuerte Resol\u00ed, Luis Oscar Uribe Albert, Fabio Jos\u00e9 Martich Barinas, Fray Luis Amig\u00f3, Dr. Jos\u00e9 Francisco Pe\u00f1a G\u00f3mez y el Centro Educativo en Artes Yisel Batista Turb\u00ed.<\/p>\n<p class=\"paragraph\">La misma cantidad, 21 centros, fue reportada en la provincia Duarte. Entre  los planteles de San Francisco Este aparecen Divina Providencia, Pedro Henr\u00edquez Ure\u00f1a, Francisca Valenzuela, Padres Las Casas, La Bajada, Mart\u00edn Diego Duarte, Eusebio Manzueta, Prof. Ercilia Pep\u00edn Estrella, el Laboratorio de Recuperaci\u00f3n Pedag\u00f3gica (Larpe) y C\u00e9sar Nicol\u00e1s Penson.<\/p>\n<p class=\"paragraph\">Azua, por su parte, report\u00f3 20 planteles. Entre los centros afectados en La Plena-Pueblo Viejo figuran Reynaldo del Carmen Garc\u00eda, Enriquillo, Mar\u00eda Elba Marte, Las Terreras, Nuevo Curro, Javier Antonio Castillo P\u00e9rez, Gregorio Luper\u00f3n, Romilio M\u00e9ndez y Jos\u00e9 Mercedes Lorenzo.<\/p>\n<figure class=\"c-detail__media \"><figcaption class=\"c-detail__media__txt\">\n<p class=\"c-detail__media__subtitle\">\n<p>        <span class=\"c-detail__media__credit \">Infografia<\/span><\/p>\n<\/figcaption><\/figure>\n<p class=\"paragraph\">El informe tambi\u00e9n evidencia dificultades en otras provincias como San Juan, que tiene un n\u00famero importante de centros, entre ellos Andr\u00e9s Abelino de \u00d3leo, Juli\u00e1n Vargas, Los Arroyos, Prof. Mar\u00eda Mercedes Medina, Nicol\u00e1s S\u00e1nchez, Columna Arriba, San Vicente y las Granadinas, Francisco Javier Suero, Justina de Le\u00f3n Montilla, Polit\u00e9cnico Pedro Corto, Hilario Puello Batista y Prof. Rosa Mar\u00eda Mora Taveras.<\/p>\n<p class=\"paragraph\">Monte Cristi y Barahona registraron 12 centros cada una. En Monte Cristi est\u00e1n los planteles de Casta\u00f1uelas como Jos\u00e9 Gabriel Garc\u00eda, Ana Antonia Silverio de Toribio, Pedro Antonio Pimentel y L\u00f3pez y Prof. Ramona Mu\u00f1oz de Pascal. En Barahona figuran, entre otros, Cacique Enriquillo y Osvaldo Antonio L\u00f3pez.<\/p>\n<p class=\"paragraph\">Santiago e Independencia contabilizaron 10 centros cada una. En Santiago se reportaron planteles como Prof. Maximiliano Antonio Estrella Grull\u00f3n y Orlando Bienvenido Carvajal C\u00e1ceres, mientras en Independencia est\u00e1n Barrio Las 100, Polit\u00e9cnico M\u00e1ximo G\u00f3mez y Lic. Homero Trinidad Volquez, en Jiman\u00ed.<\/p>\n<p class=\"paragraph\">A esto se suman ocho centros en San Pedro de Macor\u00eds y ocho en La Vega; seis en La Altagracia; cinco en Puerto Plata, S\u00e1nchez Ram\u00edrez y Santiago Rodr\u00edguez; y cuatro en Bahoruco y Mar\u00eda Trinidad S\u00e1nchez.  Valverde registr\u00f3 un centro que no pudo iniciar la docencia: la escuela Loma del Aguacate, en Esperanza, mientras en La Altagracia, los seis centros reportados incluyen Juan Pablo Duarte, en Hig\u00fcey, y Francisco del Rosario S\u00e1nchez, en Ver\u00f3n-Punta Cana.<\/p>\n<p class=\"paragraph\"><b>13 centros sin identificar<\/b><\/p>\n<p class=\"paragraph\">El informe de la ADP contiene  13 centros educativos reportados como no iniciados, pero que no pudieron ser identificados nominalmente debido a que la informaci\u00f3n suministrada no permiti\u00f3 establecer a cu\u00e1les planteles correspond\u00edan a esos casos. Por tanto, el informe distingue entre 224 centros identificados y 13 sin identificar, para  237 centros educativos reportados sin haber iniciado la docencia al momento del cierre del levantamiento.<\/p>\n<p class=\"paragraph\">El panorama descrito por el gremio magisterial coloca las condiciones f\u00edsicas de las escuelas, la falta de personal y las dificultades para garantizar la capacidad operativa de los planteles entre los principales obst\u00e1culos que marcaron el a\u00f1o escolar.<\/p>\n<p class=\"paragraph\">La magnitud de los casos evidencia que, pese al inicio oficial del a\u00f1o lectivo 2026-2027, cientos de comunidades educativas todav\u00eda enfrentan dificultades para recibir a los estudiantes en las aulas al finalizar agosto.6<\/p>\n<\/p><\/div>\n","protected":false},"excerpt":{"rendered":"Las dificultades en infraestructuras dejaron 237 centros educativos sin iniciar la docencia&hellip;\n","protected":false},"author":1,"featured_media":67268,"comment_status":"open","ping_status":"open","sticky":false,"template":"","format":"standard","meta":{"footnotes":""},"categories":[3],"tags":[],"class_list":["post-67267","post","type-post","status-publish","format-standard","has-post-thumbnail","category-internacionales"],"_links":{"self":[{"href":"https:\/\/acronoticias.com\/index.php\/wp-json\/wp\/v2\/posts\/67267","targetHints":{"allow":["GET"]}}],"collection":[{"href":"https:\/\/acronoticias.com\/index.php\/wp-json\/wp\/v2\/posts"}],"about":[{"href":"https:\/\/acronoticias.com\/index.php\/wp-json\/wp\/v2\/types\/post"}],"author":[{"embeddable":true,"href":"https:\/\/acronoticias.com\/index.php\/wp-json\/wp\/v2\/users\/1"}],"replies":[{"embeddable":true,"href":"https:\/\/acronoticias.com\/index.php\/wp-json\/wp\/v2\/comments?post=67267"}],"version-history":[{"count":0,"href":"https:\/\/acronoticias.com\/index.php\/wp-json\/wp\/v2\/posts\/67267\/revisions"}],"wp:featuredmedia":[{"embeddable":true,"href":"https:\/\/acronoticias.com\/index.php\/wp-json\/wp\/v2\/media\/67268"}],"wp:attachment":[{"href":"https:\/\/acronoticias.com\/index.php\/wp-json\/wp\/v2\/media?parent=67267"}],"wp:term":[{"taxonomy":"category","embeddable":true,"href":"https:\/\/acronoticias.com\/index.php\/wp-json\/wp\/v2\/categories?post=67267"},{"taxonomy":"post_tag","embeddable":true,"href":"https:\/\/acronoticias.com\/index.php\/wp-json\/wp\/v2\/tags?post=67267"}],"curies":[{"name":"wp","href":"https:\/\/api.w.org\/{rel}","templated":true}]}}