{"id":67257,"date":"2026-09-04T05:24:12","date_gmt":"2026-09-04T05:24:12","guid":{"rendered":"https:\/\/acronoticias.com\/index.php\/2026\/09\/04\/policia-nacional-y-ministerio-de-la-mujer-reunen-a-300-agentes-en-dialogo-contra-la-violencia-machista\/"},"modified":"2026-09-04T05:24:12","modified_gmt":"2026-09-04T05:24:12","slug":"policia-nacional-y-ministerio-de-la-mujer-reunen-a-300-agentes-en-dialogo-contra-la-violencia-machista","status":"publish","type":"post","link":"https:\/\/acronoticias.com\/index.php\/2026\/09\/04\/policia-nacional-y-ministerio-de-la-mujer-reunen-a-300-agentes-en-dialogo-contra-la-violencia-machista\/","title":{"rendered":"Polic\u00eda Nacional y Ministerio de la Mujer re\u00fanen a 300 agentes en di\u00e1logo contra la violencia machista"},"content":{"rendered":"<div>\n<p class=\"wp-block-paragraph\"><strong>SANTO DOMINGO.-<\/strong> La Polic\u00eda Nacional y el Ministerio de la Mujer reforzaron sus acciones de prevenci\u00f3n de la violencia contra las mujeres mediante un espacio de di\u00e1logo que reuni\u00f3 a 300 hombres de la instituci\u00f3n policial, con el prop\u00f3sito de promover nuevas formas de masculinidad, relaciones basadas en el respeto y una cultura de convivencia pac\u00edfica.<\/p>\n<p class=\"wp-block-paragraph\">La iniciativa, desarrollada por la Direcci\u00f3n Especializada de Atenci\u00f3n a la Mujer y Violencia Intrafamiliar (Deamvi), se realiz\u00f3 en el marco de la Consulta Nacional para la Reducci\u00f3n de Riesgos de Violencia hacia las Mujeres, mediante el Panel de Di\u00e1logo Interinstitucional \u00abVoces que aportan soluciones desde la poblaci\u00f3n masculina\u00bb.<\/p>\n<figure class=\"wp-block-image size-large\"><img data-recalc-dims=\"1\" fetchpriority=\"high\" decoding=\"async\" width=\"696\" height=\"464\" data-attachment-id=\"524543\" data-permalink=\"https:\/\/rnn.com.do\/policia-nacional-y-ministerio-de-la-mujer-reunen-a-300-agentes-en-dialogo-contra-la-violencia-machista\/policia-nacional-y-ministerio-de-la-mujer-movilizan-a-300-hombres-para-prevenir-violencia-contra-las-mujeres-10\/\" data-orig-file=\"https:\/\/i0.wp.com\/rnn.com.do\/wp-content\/uploads\/2026\/09\/Policia-Nacional-y-Ministerio-de-la-Mujer-movilizan-a-300-hombres-para-prevenir-violencia-contra-las-mujeres-10.jpeg?fit=1600%2C1066&ssl=1\" data-orig-size=\"1600,1066\" data-comments-opened=\"1\" data-image-meta=\"{&quot;aperture&quot;:&quot;0&quot;,&quot;credit&quot;:&quot;&quot;,&quot;camera&quot;:&quot;&quot;,&quot;caption&quot;:&quot;&quot;,&quot;created_timestamp&quot;:&quot;0&quot;,&quot;copyright&quot;:&quot;&quot;,&quot;focal_length&quot;:&quot;0&quot;,&quot;iso&quot;:&quot;0&quot;,&quot;shutter_speed&quot;:&quot;0&quot;,&quot;title&quot;:&quot;&quot;,&quot;orientation&quot;:&quot;0&quot;,&quot;alt&quot;:&quot;&quot;}\" data-image-title=\"Policia-Nacional-y-Ministerio-de-la-Mujer-movilizan-a-300-hombres-para-prevenir-violencia-contra-las-mujeres-10\" data-image-description=\"\" data-image-caption=\"\" data-large-file=\"https:\/\/i0.wp.com\/rnn.com.do\/wp-content\/uploads\/2026\/09\/Policia-Nacional-y-Ministerio-de-la-Mujer-movilizan-a-300-hombres-para-prevenir-violencia-contra-las-mujeres-10.jpeg?fit=696%2C464&ssl=1\" src=\"https:\/\/i0.wp.com\/rnn.com.do\/wp-content\/uploads\/2026\/09\/Policia-Nacional-y-Ministerio-de-la-Mujer-movilizan-a-300-hombres-para-prevenir-violencia-contra-las-mujeres-10.jpeg?resize=696%2C464&ssl=1\" alt=\"\" class=\"wp-image-524543\" srcset=\"https:\/\/i0.wp.com\/rnn.com.do\/wp-content\/uploads\/2026\/09\/Policia-Nacional-y-Ministerio-de-la-Mujer-movilizan-a-300-hombres-para-prevenir-violencia-contra-las-mujeres-10.jpeg?resize=1024%2C682&ssl=1 1024w, https:\/\/i0.wp.com\/rnn.com.do\/wp-content\/uploads\/2026\/09\/Policia-Nacional-y-Ministerio-de-la-Mujer-movilizan-a-300-hombres-para-prevenir-violencia-contra-las-mujeres-10.jpeg?resize=300%2C200&ssl=1 300w, https:\/\/i0.wp.com\/rnn.com.do\/wp-content\/uploads\/2026\/09\/Policia-Nacional-y-Ministerio-de-la-Mujer-movilizan-a-300-hombres-para-prevenir-violencia-contra-las-mujeres-10.jpeg?resize=768%2C512&ssl=1 768w, https:\/\/i0.wp.com\/rnn.com.do\/wp-content\/uploads\/2026\/09\/Policia-Nacional-y-Ministerio-de-la-Mujer-movilizan-a-300-hombres-para-prevenir-violencia-contra-las-mujeres-10.jpeg?resize=1536%2C1023&ssl=1 1536w, https:\/\/i0.wp.com\/rnn.com.do\/wp-content\/uploads\/2026\/09\/Policia-Nacional-y-Ministerio-de-la-Mujer-movilizan-a-300-hombres-para-prevenir-violencia-contra-las-mujeres-10.jpeg?resize=630%2C420&ssl=1 630w, https:\/\/i0.wp.com\/rnn.com.do\/wp-content\/uploads\/2026\/09\/Policia-Nacional-y-Ministerio-de-la-Mujer-movilizan-a-300-hombres-para-prevenir-violencia-contra-las-mujeres-10.jpeg?resize=150%2C100&ssl=1 150w, https:\/\/i0.wp.com\/rnn.com.do\/wp-content\/uploads\/2026\/09\/Policia-Nacional-y-Ministerio-de-la-Mujer-movilizan-a-300-hombres-para-prevenir-violencia-contra-las-mujeres-10.jpeg?resize=696%2C464&ssl=1 696w, https:\/\/i0.wp.com\/rnn.com.do\/wp-content\/uploads\/2026\/09\/Policia-Nacional-y-Ministerio-de-la-Mujer-movilizan-a-300-hombres-para-prevenir-violencia-contra-las-mujeres-10.jpeg?resize=1068%2C712&ssl=1 1068w, https:\/\/i0.wp.com\/rnn.com.do\/wp-content\/uploads\/2026\/09\/Policia-Nacional-y-Ministerio-de-la-Mujer-movilizan-a-300-hombres-para-prevenir-violencia-contra-las-mujeres-10.jpeg?w=1600&ssl=1 1600w, https:\/\/i0.wp.com\/rnn.com.do\/wp-content\/uploads\/2026\/09\/Policia-Nacional-y-Ministerio-de-la-Mujer-movilizan-a-300-hombres-para-prevenir-violencia-contra-las-mujeres-10.jpeg?w=1392&ssl=1 1392w\" sizes=\"(max-width: 696px) 100vw, 696px\"\/><\/figure>\n<p class=\"wp-block-paragraph\">La jornada fue encabezada por el subdirector general de la Polic\u00eda Nacional, general Esteban Figuereo Garc\u00eda, junto a la ministra de la Mujer, Gloria Reyes, y la directora de Deamvi, general Celeste Yanet Jim\u00e9nez Cabral.<\/p>\n<p class=\"wp-block-paragraph\">Figuereo Garc\u00eda reafirm\u00f3 el compromiso institucional con la protecci\u00f3n de las mujeres y advirti\u00f3 que quienes incurran en actos de violencia ser\u00e1n perseguidos conforme a la ley. \u00abTodo hombre que cometa abuso o violencia contra una mujer ser\u00e1 declarado objetivo policial\u00bb, afirm\u00f3. Agreg\u00f3 que los miembros de la instituci\u00f3n tienen la responsabilidad de actuar conforme a la Constituci\u00f3n y las leyes, tanto en la persecuci\u00f3n de los agresores como en la protecci\u00f3n de las v\u00edctimas.<\/p>\n<figure class=\"wp-block-image size-large\"><img loading=\"lazy\" data-recalc-dims=\"1\" decoding=\"async\" width=\"696\" height=\"464\" data-attachment-id=\"524544\" data-permalink=\"https:\/\/rnn.com.do\/policia-nacional-y-ministerio-de-la-mujer-reunen-a-300-agentes-en-dialogo-contra-la-violencia-machista\/policia-nacional-y-ministerio-de-la-mujer-movilizan-a-300-hombres-para-prevenir-violencia-contra-las-mujeres-11\/\" data-orig-file=\"https:\/\/i0.wp.com\/rnn.com.do\/wp-content\/uploads\/2026\/09\/Policia-Nacional-y-Ministerio-de-la-Mujer-movilizan-a-300-hombres-para-prevenir-violencia-contra-las-mujeres-11.jpeg?fit=1600%2C1066&ssl=1\" data-orig-size=\"1600,1066\" data-comments-opened=\"1\" data-image-meta=\"{&quot;aperture&quot;:&quot;0&quot;,&quot;credit&quot;:&quot;&quot;,&quot;camera&quot;:&quot;&quot;,&quot;caption&quot;:&quot;&quot;,&quot;created_timestamp&quot;:&quot;0&quot;,&quot;copyright&quot;:&quot;&quot;,&quot;focal_length&quot;:&quot;0&quot;,&quot;iso&quot;:&quot;0&quot;,&quot;shutter_speed&quot;:&quot;0&quot;,&quot;title&quot;:&quot;&quot;,&quot;orientation&quot;:&quot;0&quot;,&quot;alt&quot;:&quot;&quot;}\" data-image-title=\"Policia-Nacional-y-Ministerio-de-la-Mujer-movilizan-a-300-hombres-para-prevenir-violencia-contra-las-mujeres-11\" data-image-description=\"\" data-image-caption=\"\" data-large-file=\"https:\/\/i0.wp.com\/rnn.com.do\/wp-content\/uploads\/2026\/09\/Policia-Nacional-y-Ministerio-de-la-Mujer-movilizan-a-300-hombres-para-prevenir-violencia-contra-las-mujeres-11.jpeg?fit=696%2C464&ssl=1\" src=\"https:\/\/i0.wp.com\/rnn.com.do\/wp-content\/uploads\/2026\/09\/Policia-Nacional-y-Ministerio-de-la-Mujer-movilizan-a-300-hombres-para-prevenir-violencia-contra-las-mujeres-11.jpeg?resize=696%2C464&ssl=1\" alt=\"\" class=\"wp-image-524544\" srcset=\"https:\/\/i0.wp.com\/rnn.com.do\/wp-content\/uploads\/2026\/09\/Policia-Nacional-y-Ministerio-de-la-Mujer-movilizan-a-300-hombres-para-prevenir-violencia-contra-las-mujeres-11.jpeg?resize=1024%2C682&ssl=1 1024w, https:\/\/i0.wp.com\/rnn.com.do\/wp-content\/uploads\/2026\/09\/Policia-Nacional-y-Ministerio-de-la-Mujer-movilizan-a-300-hombres-para-prevenir-violencia-contra-las-mujeres-11.jpeg?resize=300%2C200&ssl=1 300w, https:\/\/i0.wp.com\/rnn.com.do\/wp-content\/uploads\/2026\/09\/Policia-Nacional-y-Ministerio-de-la-Mujer-movilizan-a-300-hombres-para-prevenir-violencia-contra-las-mujeres-11.jpeg?resize=768%2C512&ssl=1 768w, https:\/\/i0.wp.com\/rnn.com.do\/wp-content\/uploads\/2026\/09\/Policia-Nacional-y-Ministerio-de-la-Mujer-movilizan-a-300-hombres-para-prevenir-violencia-contra-las-mujeres-11.jpeg?resize=1536%2C1023&ssl=1 1536w, https:\/\/i0.wp.com\/rnn.com.do\/wp-content\/uploads\/2026\/09\/Policia-Nacional-y-Ministerio-de-la-Mujer-movilizan-a-300-hombres-para-prevenir-violencia-contra-las-mujeres-11.jpeg?resize=630%2C420&ssl=1 630w, https:\/\/i0.wp.com\/rnn.com.do\/wp-content\/uploads\/2026\/09\/Policia-Nacional-y-Ministerio-de-la-Mujer-movilizan-a-300-hombres-para-prevenir-violencia-contra-las-mujeres-11.jpeg?resize=150%2C100&ssl=1 150w, https:\/\/i0.wp.com\/rnn.com.do\/wp-content\/uploads\/2026\/09\/Policia-Nacional-y-Ministerio-de-la-Mujer-movilizan-a-300-hombres-para-prevenir-violencia-contra-las-mujeres-11.jpeg?resize=696%2C464&ssl=1 696w, https:\/\/i0.wp.com\/rnn.com.do\/wp-content\/uploads\/2026\/09\/Policia-Nacional-y-Ministerio-de-la-Mujer-movilizan-a-300-hombres-para-prevenir-violencia-contra-las-mujeres-11.jpeg?resize=1068%2C712&ssl=1 1068w, https:\/\/i0.wp.com\/rnn.com.do\/wp-content\/uploads\/2026\/09\/Policia-Nacional-y-Ministerio-de-la-Mujer-movilizan-a-300-hombres-para-prevenir-violencia-contra-las-mujeres-11.jpeg?w=1600&ssl=1 1600w, https:\/\/i0.wp.com\/rnn.com.do\/wp-content\/uploads\/2026\/09\/Policia-Nacional-y-Ministerio-de-la-Mujer-movilizan-a-300-hombres-para-prevenir-violencia-contra-las-mujeres-11.jpeg?w=1392&ssl=1 1392w\" sizes=\"auto, (max-width: 696px) 100vw, 696px\"\/><\/figure>\n<p class=\"wp-block-paragraph\">Por su parte, la ministra Gloria Reyes valor\u00f3 la participaci\u00f3n de los agentes y resalt\u00f3 que los hombres de la instituci\u00f3n pueden convertirse en agentes multiplicadores de una cultura de respeto e igualdad, contribuyendo desde sus hogares, comunidades y espacios de trabajo a prevenir conductas violentas.<\/p>\n<p class=\"wp-block-paragraph\">Tambi\u00e9n asistieron el inspector general de la Polic\u00eda Nacional, general Mart\u00edn Tapia S\u00e1nchez; el rector del Instituto Policial de Educaci\u00f3n Superior (IPES), general Juan Hilario Guzm\u00e1n Bad\u00eda; las viceministras Rosa Mej\u00eda, de Planificaci\u00f3n y Desarrollo, y Lily Luciano, de Cultura e Igualdad, adem\u00e1s de otros oficiales generales y superiores.<\/p>\n<figure class=\"wp-block-image size-large\"><img loading=\"lazy\" data-recalc-dims=\"1\" decoding=\"async\" width=\"696\" height=\"464\" data-attachment-id=\"524545\" data-permalink=\"https:\/\/rnn.com.do\/policia-nacional-y-ministerio-de-la-mujer-reunen-a-300-agentes-en-dialogo-contra-la-violencia-machista\/policia-nacional-y-ministerio-de-la-mujer-movilizan-a-300-hombres-para-prevenir-violencia-contra-las-mujeres-1\/\" data-orig-file=\"https:\/\/i0.wp.com\/rnn.com.do\/wp-content\/uploads\/2026\/09\/Policia-Nacional-y-Ministerio-de-la-Mujer-movilizan-a-300-hombres-para-prevenir-violencia-contra-las-mujeres-1.jpeg?fit=1600%2C1066&ssl=1\" data-orig-size=\"1600,1066\" data-comments-opened=\"1\" data-image-meta=\"{&quot;aperture&quot;:&quot;0&quot;,&quot;credit&quot;:&quot;&quot;,&quot;camera&quot;:&quot;&quot;,&quot;caption&quot;:&quot;&quot;,&quot;created_timestamp&quot;:&quot;0&quot;,&quot;copyright&quot;:&quot;&quot;,&quot;focal_length&quot;:&quot;0&quot;,&quot;iso&quot;:&quot;0&quot;,&quot;shutter_speed&quot;:&quot;0&quot;,&quot;title&quot;:&quot;&quot;,&quot;orientation&quot;:&quot;0&quot;,&quot;alt&quot;:&quot;&quot;}\" data-image-title=\"Policia-Nacional-y-Ministerio-de-la-Mujer-movilizan-a-300-hombres-para-prevenir-violencia-contra-las-mujeres-1\" data-image-description=\"\" data-image-caption=\"\" data-large-file=\"https:\/\/i0.wp.com\/rnn.com.do\/wp-content\/uploads\/2026\/09\/Policia-Nacional-y-Ministerio-de-la-Mujer-movilizan-a-300-hombres-para-prevenir-violencia-contra-las-mujeres-1.jpeg?fit=696%2C464&ssl=1\" src=\"https:\/\/i0.wp.com\/rnn.com.do\/wp-content\/uploads\/2026\/09\/Policia-Nacional-y-Ministerio-de-la-Mujer-movilizan-a-300-hombres-para-prevenir-violencia-contra-las-mujeres-1.jpeg?resize=696%2C464&ssl=1\" alt=\"\" class=\"wp-image-524545\" srcset=\"https:\/\/i0.wp.com\/rnn.com.do\/wp-content\/uploads\/2026\/09\/Policia-Nacional-y-Ministerio-de-la-Mujer-movilizan-a-300-hombres-para-prevenir-violencia-contra-las-mujeres-1.jpeg?resize=1024%2C682&ssl=1 1024w, https:\/\/i0.wp.com\/rnn.com.do\/wp-content\/uploads\/2026\/09\/Policia-Nacional-y-Ministerio-de-la-Mujer-movilizan-a-300-hombres-para-prevenir-violencia-contra-las-mujeres-1.jpeg?resize=300%2C200&ssl=1 300w, https:\/\/i0.wp.com\/rnn.com.do\/wp-content\/uploads\/2026\/09\/Policia-Nacional-y-Ministerio-de-la-Mujer-movilizan-a-300-hombres-para-prevenir-violencia-contra-las-mujeres-1.jpeg?resize=768%2C512&ssl=1 768w, https:\/\/i0.wp.com\/rnn.com.do\/wp-content\/uploads\/2026\/09\/Policia-Nacional-y-Ministerio-de-la-Mujer-movilizan-a-300-hombres-para-prevenir-violencia-contra-las-mujeres-1.jpeg?resize=1536%2C1023&ssl=1 1536w, https:\/\/i0.wp.com\/rnn.com.do\/wp-content\/uploads\/2026\/09\/Policia-Nacional-y-Ministerio-de-la-Mujer-movilizan-a-300-hombres-para-prevenir-violencia-contra-las-mujeres-1.jpeg?resize=630%2C420&ssl=1 630w, https:\/\/i0.wp.com\/rnn.com.do\/wp-content\/uploads\/2026\/09\/Policia-Nacional-y-Ministerio-de-la-Mujer-movilizan-a-300-hombres-para-prevenir-violencia-contra-las-mujeres-1.jpeg?resize=150%2C100&ssl=1 150w, https:\/\/i0.wp.com\/rnn.com.do\/wp-content\/uploads\/2026\/09\/Policia-Nacional-y-Ministerio-de-la-Mujer-movilizan-a-300-hombres-para-prevenir-violencia-contra-las-mujeres-1.jpeg?resize=696%2C464&ssl=1 696w, https:\/\/i0.wp.com\/rnn.com.do\/wp-content\/uploads\/2026\/09\/Policia-Nacional-y-Ministerio-de-la-Mujer-movilizan-a-300-hombres-para-prevenir-violencia-contra-las-mujeres-1.jpeg?resize=1068%2C712&ssl=1 1068w, https:\/\/i0.wp.com\/rnn.com.do\/wp-content\/uploads\/2026\/09\/Policia-Nacional-y-Ministerio-de-la-Mujer-movilizan-a-300-hombres-para-prevenir-violencia-contra-las-mujeres-1.jpeg?w=1600&ssl=1 1600w, https:\/\/i0.wp.com\/rnn.com.do\/wp-content\/uploads\/2026\/09\/Policia-Nacional-y-Ministerio-de-la-Mujer-movilizan-a-300-hombres-para-prevenir-violencia-contra-las-mujeres-1.jpeg?w=1392&ssl=1 1392w\" sizes=\"auto, (max-width: 696px) 100vw, 696px\"\/><\/figure>\n<p class=\"wp-block-paragraph\">El panel, moderado por Lily Luciano, cont\u00f3 con las intervenciones de Rosa Mej\u00eda, Ana Andrea Villa Camacho, Celeste Yanet Jim\u00e9nez Cabral y Luis Verg\u00e9s, quienes plantearon propuestas para reducir los factores de riesgo de violencia y fomentar una participaci\u00f3n masculina activa en su prevenci\u00f3n.<\/p>\n<p class=\"wp-block-paragraph\">Con esta jornada, ambas instituciones fortalecen la coordinaci\u00f3n interinstitucional y ampl\u00edan el enfoque preventivo, apostando a que los hombres sean parte activa de la transformaci\u00f3n social necesaria para construir una sociedad libre de violencia contra las mujeres.<\/p>\n<\/div>\n","protected":false},"excerpt":{"rendered":"SANTO DOMINGO.- La Polic\u00eda Nacional y el Ministerio de la Mujer reforzaron&hellip;\n","protected":false},"author":1,"featured_media":67258,"comment_status":"open","ping_status":"open","sticky":false,"template":"","format":"standard","meta":{"footnotes":""},"categories":[1],"tags":[],"class_list":["post-67257","post","type-post","status-publish","format-standard","has-post-thumbnail","category-nacionales"],"_links":{"self":[{"href":"https:\/\/acronoticias.com\/index.php\/wp-json\/wp\/v2\/posts\/67257","targetHints":{"allow":["GET"]}}],"collection":[{"href":"https:\/\/acronoticias.com\/index.php\/wp-json\/wp\/v2\/posts"}],"about":[{"href":"https:\/\/acronoticias.com\/index.php\/wp-json\/wp\/v2\/types\/post"}],"author":[{"embeddable":true,"href":"https:\/\/acronoticias.com\/index.php\/wp-json\/wp\/v2\/users\/1"}],"replies":[{"embeddable":true,"href":"https:\/\/acronoticias.com\/index.php\/wp-json\/wp\/v2\/comments?post=67257"}],"version-history":[{"count":0,"href":"https:\/\/acronoticias.com\/index.php\/wp-json\/wp\/v2\/posts\/67257\/revisions"}],"wp:featuredmedia":[{"embeddable":true,"href":"https:\/\/acronoticias.com\/index.php\/wp-json\/wp\/v2\/media\/67258"}],"wp:attachment":[{"href":"https:\/\/acronoticias.com\/index.php\/wp-json\/wp\/v2\/media?parent=67257"}],"wp:term":[{"taxonomy":"category","embeddable":true,"href":"https:\/\/acronoticias.com\/index.php\/wp-json\/wp\/v2\/categories?post=67257"},{"taxonomy":"post_tag","embeddable":true,"href":"https:\/\/acronoticias.com\/index.php\/wp-json\/wp\/v2\/tags?post=67257"}],"curies":[{"name":"wp","href":"https:\/\/api.w.org\/{rel}","templated":true}]}}