{"id":67233,"date":"2026-09-04T03:19:56","date_gmt":"2026-09-04T03:19:56","guid":{"rendered":"https:\/\/acronoticias.com\/index.php\/2026\/09\/04\/hallan-ahogado-a-un-nino-de-nacionalidad-haitiana-en-villa-la-mata-sanchez-ramirez\/"},"modified":"2026-09-04T03:19:56","modified_gmt":"2026-09-04T03:19:56","slug":"hallan-ahogado-a-un-nino-de-nacionalidad-haitiana-en-villa-la-mata-sanchez-ramirez","status":"publish","type":"post","link":"https:\/\/acronoticias.com\/index.php\/2026\/09\/04\/hallan-ahogado-a-un-nino-de-nacionalidad-haitiana-en-villa-la-mata-sanchez-ramirez\/","title":{"rendered":"Hallan ahogado a un ni\u00f1o de nacionalidad haitiana en Villa La Mata, S\u00e1nchez Ram\u00edrez"},"content":{"rendered":"<div>\n<p>                                                                                            <!-- --><\/p>\n<p class=\"paragraph\">Villa La Mata, S\u00e1nchez Ram\u00edrez.\u2014 Un ni\u00f1o de un a\u00f1o y cinco meses de edad fue encontrado <b>ahogado <\/b>al caer la tarde de este jueves en la poblaci\u00f3n arrocera de Villa La Mata.<\/p>\n<p class=\"paragraph\">El ni\u00f1o, hijo de padres <b>haitianos<\/b>, fue encontrado por vecinos y brigadistas de varias entidades oficiales y de servicios que se unieron a las labores de b\u00fasqueda y rescate.<\/p>\n<p class=\"paragraph\">La jornada inici\u00f3 a eso de las diez de la ma\u00f1ana de hoy, en el sector La B\u00e9rma, cuando parientes del ni\u00f1o, solo identificado como Mendy Israel, notaron que no se encontraba en la humilde vivienda de sus padres.<\/p>\n<p class=\"paragraph\"><b>Los vecinos alertaron a la Defensa Civil, la Polic\u00eda, los Bomberos y la Cruz Roja, inici\u00e1ndose la b\u00fasqueda, que se prolong\u00f3 durante varias horas.<\/b><\/p>\n<p class=\"paragraph\">Pasadas las cinco de la tarde, el cuerpo del menor fue encontrado en el canal de irrigaci\u00f3n arrocera de la localidad de La B\u00e9rma.<\/p>\n<p class=\"paragraph\">Luego llegaron voluntarios del Sistema 9-1-1 y autoridades judiciales, encabezadas por fiscales y una m\u00e9dica legista, quienes procedieron a levantar el cad\u00e1ver del menor.<\/p>\n<p class=\"paragraph\">La m\u00e9dica legista actuante dijo que los primeros indicios apuntan a que el ni\u00f1o falleci\u00f3 ahogado al ser arrastrado por las aguas del canal.<\/p>\n<p class=\"paragraph\">No obstante, el Departamento Policial de <b>S\u00e1nchez Ram\u00edrez<\/b> sostiene que proseguir\u00e1 las investigaciones del caso, a fin de esclarecer la tragedia que enluta a los familiares del menor y a los vecinos del sector La B\u00e9rma, en Villa La Mata.<\/p>\n<div class=\"c-detail__box \">\n<article class=\"c-detail__sumario \">\n<figure class=\"c-detail__sumario__thumb\" style=\"display: block;\">\n            <a href=\"#\" title=\"\">\n                <picture data-size=\"w:140,h:140\" loading=\"lazy\" src=\"https:\/\/imagenes.hoy.com.do\/files\/related_image\/uploads\/2025\/12\/03\/69301d3053c7b.jpeg\" data-full-src=\"https:\/\/imagenes.hoy.com.do\/uploads\/2025\/12\/03\/69301d3053c7b.jpeg\">\n                    <img loading=\"lazy\" decoding=\"async\" width=\"140\" height=\"140\" alt=\"Eduardo Jorge Prats\" src=\"https:\/\/imagenes.hoy.com.do\/uploads\/2025\/12\/03\/69301d3053c7b.jpeg\"\/>\n                <\/picture>\n            <\/a><br \/>\n        <\/figure>\n<\/article>\n<\/div><\/div>\n","protected":false},"excerpt":{"rendered":"Villa La Mata, S\u00e1nchez Ram\u00edrez.\u2014 Un ni\u00f1o de un a\u00f1o y cinco&hellip;\n","protected":false},"author":1,"featured_media":67234,"comment_status":"open","ping_status":"open","sticky":false,"template":"","format":"standard","meta":{"footnotes":""},"categories":[3],"tags":[],"class_list":["post-67233","post","type-post","status-publish","format-standard","has-post-thumbnail","category-internacionales"],"_links":{"self":[{"href":"https:\/\/acronoticias.com\/index.php\/wp-json\/wp\/v2\/posts\/67233","targetHints":{"allow":["GET"]}}],"collection":[{"href":"https:\/\/acronoticias.com\/index.php\/wp-json\/wp\/v2\/posts"}],"about":[{"href":"https:\/\/acronoticias.com\/index.php\/wp-json\/wp\/v2\/types\/post"}],"author":[{"embeddable":true,"href":"https:\/\/acronoticias.com\/index.php\/wp-json\/wp\/v2\/users\/1"}],"replies":[{"embeddable":true,"href":"https:\/\/acronoticias.com\/index.php\/wp-json\/wp\/v2\/comments?post=67233"}],"version-history":[{"count":0,"href":"https:\/\/acronoticias.com\/index.php\/wp-json\/wp\/v2\/posts\/67233\/revisions"}],"wp:featuredmedia":[{"embeddable":true,"href":"https:\/\/acronoticias.com\/index.php\/wp-json\/wp\/v2\/media\/67234"}],"wp:attachment":[{"href":"https:\/\/acronoticias.com\/index.php\/wp-json\/wp\/v2\/media?parent=67233"}],"wp:term":[{"taxonomy":"category","embeddable":true,"href":"https:\/\/acronoticias.com\/index.php\/wp-json\/wp\/v2\/categories?post=67233"},{"taxonomy":"post_tag","embeddable":true,"href":"https:\/\/acronoticias.com\/index.php\/wp-json\/wp\/v2\/tags?post=67233"}],"curies":[{"name":"wp","href":"https:\/\/api.w.org\/{rel}","templated":true}]}}