{"id":67227,"date":"2026-09-04T02:41:34","date_gmt":"2026-09-04T02:41:34","guid":{"rendered":"https:\/\/acronoticias.com\/index.php\/2026\/09\/04\/dominicanos-exploran-en-chile-modelo-universitario-para-personas-con-discapacidad\/"},"modified":"2026-09-04T02:41:34","modified_gmt":"2026-09-04T02:41:34","slug":"dominicanos-exploran-en-chile-modelo-universitario-para-personas-con-discapacidad","status":"publish","type":"post","link":"https:\/\/acronoticias.com\/index.php\/2026\/09\/04\/dominicanos-exploran-en-chile-modelo-universitario-para-personas-con-discapacidad\/","title":{"rendered":"Dominicanos exploran en Chile modelo universitario para personas con discapacidad"},"content":{"rendered":"<p><strong>Santiago<\/strong> de <strong>Chile<\/strong>: empresarios e instituciones dominicanas desarrollaron una agenda de trabajo en <strong>Chile<\/strong> para conocer un modelo de formaci\u00f3n universitaria dirigido a personas con discapacidad y evaluar su posible adaptaci\u00f3n e implementaci\u00f3n en <strong>Rep\u00fablica Dominicana<\/strong>.<\/p>\n<p>La misi\u00f3n estuvo integrada por la empresaria tur\u00edstica <strong>Hayd\u00e9e Kuret de Rainieri<\/strong>, el empresario <strong>Juan Tom\u00e1s D\u00edaz<\/strong> y <strong>Ver\u00f3nica D\u00edaz Rainieri<\/strong>, junto a representantes de la <strong>Universidad Nacional Pedro Henr\u00edquez Ure\u00f1a<\/strong> (<strong>UNPHU<\/strong>), <strong>Save the Children Dominicana<\/strong> y <strong>Fundaci\u00f3n Integra<\/strong>.<\/p>\n<p>Durante su visita, la delegaci\u00f3n conoci\u00f3 los programas de inclusi\u00f3n y formaci\u00f3n universitaria desarrollados por la <strong>Universidad Andr\u00e9s Bello<\/strong> (<strong>UNAB<\/strong>), mediante la observaci\u00f3n de clases y encuentros con los equipos responsables de las iniciativas.<\/p>\n<p>El objetivo fue conocer las metodolog\u00edas aplicadas, sus resultados y experiencias, para analizar la posibilidad de desarrollar en el pa\u00eds un programa especializado de formaci\u00f3n y habilidades laborales para personas con <strong>discapacidad<\/strong>.<\/p>\n<figure class=\"wp-block-image size-full is-resized\"><img decoding=\"async\" src=\"https:\/\/multimedia.noticiassin.com\/wp-content\/uploads\/2026\/09\/borrador-automatico-20260903-215914-TZqq.webp\" alt=\"Delegaci\u00f3n dominicana en actividad sobre inclusi\u00f3n y discapacidad en la Universidad Andr\u00e9s Bello, durante visita acad\u00e9mica en Chile\" class=\"wp-image-2107963\" style=\"aspect-ratio:1.3333589901477831;width:703px;height:auto\" \/><figcaption class=\"wp-element-caption\">Integrantes de una delegaci\u00f3n dominicana participan en una actividad sobre inclusi\u00f3n de personas con discapacidad en la Universidad Andr\u00e9s Bello, en Chile.<\/figcaption><\/figure>\n<h2 id=\"posible-acuerdo-entre-unab-y-unphu\" class=\"wp-block-heading\">Posible acuerdo entre UNAB y UNPHU<\/h2>\n<p>Como parte de la agenda, el \u00e1rea de Cooperaci\u00f3n de la Embajada de <strong>Rep\u00fablica Dominicana<\/strong> en <strong>Chile<\/strong> acompa\u00f1\u00f3 el proceso, con miras a establecer un acuerdo de cooperaci\u00f3n interuniversitaria entre la <strong>UNAB<\/strong> y la <strong>UNPHU<\/strong>.<\/p>\n<p>En ese contexto, la delegaci\u00f3n sostuvo un encuentro con el embajador dominicano en <strong>Chile<\/strong>, <strong>Juan Cohen<\/strong>, mientras avanzaba en la elaboraci\u00f3n de un programa de trabajo que permita dar continuidad a la iniciativa tras su regreso al pa\u00eds.<\/p>\n<p>De concretarse, la propuesta podr\u00eda convertirse en un programa universitario especializado en formaci\u00f3n y habilidades laborales para personas con discapacidad en <strong>Rep\u00fablica Dominicana<\/strong>.<\/p>\n<h2 id=\"buscan-ampliar-acceso-a-educacion-superior\" class=\"wp-block-heading\">Buscan ampliar acceso a educaci\u00f3n superior<\/h2>\n<p>La iniciativa toma como referencia la situaci\u00f3n de las personas con discapacidad en el pa\u00eds. Seg\u00fan los resultados del <strong>Censo Nacional de Poblaci\u00f3n y Vivienda<\/strong> de 2010 de la <strong>Oficina Nacional de Estad\u00edstica<\/strong> (<strong>ONE<\/strong>), m\u00e1s de un mill\u00f3n de personas reportaron alguna discapacidad, equivalente aproximadamente al 12 % de la poblaci\u00f3n.<\/p>\n<p>En el proceso tambi\u00e9n se tom\u00f3 en cuenta la experiencia de <strong>Ver\u00f3nica D\u00edaz Rainieri<\/strong> como embajadora del programa <strong>Escuelas Unificadas<\/strong>, desde donde promovi\u00f3 el liderazgo juvenil y la participaci\u00f3n de personas con discapacidad en espacios educativos y recreativos.<\/p>\n<p><strong>D\u00edaz Rainieri<\/strong>, adem\u00e1s, ha participado como atleta de <strong>Olimpiadas Especiales<\/strong> y curs\u00f3 una licenciatura en Habilidades Laborales en la <strong>Universidad Andr\u00e9s Bello<\/strong>, donde obtuvo una medalla de oro en nataci\u00f3n.<\/p>\n<p>Los impulsores de la iniciativa plantean que un modelo de este tipo permitir\u00eda ampliar las oportunidades de acceso a la educaci\u00f3n superior para personas con discapacidad y fortalecer su preparaci\u00f3n para incorporarse al <strong>\u00e1mbito laboral<\/strong> y participar plenamente en la sociedad.<\/p>\n","protected":false},"excerpt":{"rendered":"Santiago de Chile: empresarios e instituciones dominicanas desarrollaron una agenda de trabajo&hellip;\n","protected":false},"author":1,"featured_media":67228,"comment_status":"open","ping_status":"open","sticky":false,"template":"","format":"standard","meta":{"footnotes":""},"categories":[1],"tags":[],"class_list":["post-67227","post","type-post","status-publish","format-standard","has-post-thumbnail","category-nacionales"],"_links":{"self":[{"href":"https:\/\/acronoticias.com\/index.php\/wp-json\/wp\/v2\/posts\/67227","targetHints":{"allow":["GET"]}}],"collection":[{"href":"https:\/\/acronoticias.com\/index.php\/wp-json\/wp\/v2\/posts"}],"about":[{"href":"https:\/\/acronoticias.com\/index.php\/wp-json\/wp\/v2\/types\/post"}],"author":[{"embeddable":true,"href":"https:\/\/acronoticias.com\/index.php\/wp-json\/wp\/v2\/users\/1"}],"replies":[{"embeddable":true,"href":"https:\/\/acronoticias.com\/index.php\/wp-json\/wp\/v2\/comments?post=67227"}],"version-history":[{"count":0,"href":"https:\/\/acronoticias.com\/index.php\/wp-json\/wp\/v2\/posts\/67227\/revisions"}],"wp:featuredmedia":[{"embeddable":true,"href":"https:\/\/acronoticias.com\/index.php\/wp-json\/wp\/v2\/media\/67228"}],"wp:attachment":[{"href":"https:\/\/acronoticias.com\/index.php\/wp-json\/wp\/v2\/media?parent=67227"}],"wp:term":[{"taxonomy":"category","embeddable":true,"href":"https:\/\/acronoticias.com\/index.php\/wp-json\/wp\/v2\/categories?post=67227"},{"taxonomy":"post_tag","embeddable":true,"href":"https:\/\/acronoticias.com\/index.php\/wp-json\/wp\/v2\/tags?post=67227"}],"curies":[{"name":"wp","href":"https:\/\/api.w.org\/{rel}","templated":true}]}}