{"id":67222,"date":"2026-09-04T02:18:44","date_gmt":"2026-09-04T02:18:44","guid":{"rendered":"https:\/\/acronoticias.com\/index.php\/2026\/09\/04\/mistiqo-llega-por-la-musica-y-confiesa-mi-alma-es-dominicana\/"},"modified":"2026-09-04T02:18:44","modified_gmt":"2026-09-04T02:18:44","slug":"mistiqo-llega-por-la-musica-y-confiesa-mi-alma-es-dominicana","status":"publish","type":"post","link":"https:\/\/acronoticias.com\/index.php\/2026\/09\/04\/mistiqo-llega-por-la-musica-y-confiesa-mi-alma-es-dominicana\/","title":{"rendered":"M\u00edstiqo llega por la m\u00fasica y confiesa: \u201cMi alma es dominicana\u201d"},"content":{"rendered":"<div>\n<div class=\"c-detail__author full\">\n<div>\n<div class=\"c-detail__author__thumb\">\n<figure>\n                                <picture src=\"https:\/\/imagenes.hoy.com.do\/files\/image_square_xs\/uploads\/2025\/11\/10\/6911b3b5d935b.png\" data-size=\"w:40,h:40\">\n                                    <img decoding=\"async\" loading=\"lazy\" alt=\"Hoy .\" width=\"40\" height=\"40\" src=\"https:\/\/imagenes.hoy.com.do\/files\/image_square_xs\/uploads\/2025\/11\/10\/6911b3b5d935b.png\"\/>\n                                <\/picture>\n                                <\/figure>\n<\/div>\n<\/div>\n<\/div>\n<p>                                                                                            <!-- --><\/p>\n<p class=\"paragraph\">Desde <a href=\"https:\/\/x.com\/PeriodicoHoy\">Polonia<\/a> hasta Rep\u00fablica Dominicana, el artista europeo M\u00edstiqo desarrolla una propuesta musical con la que busca abrirse paso en el mercado latino, impulsado por su conexi\u00f3n con la cultura, los ritmos y la energ\u00eda de Rep\u00fablica Dominicana.<\/p>\n<p class=\"paragraph\">El int\u00e9rprete, quien se encuentra nuevamente en el pa\u00eds para disfrutar del verano y continuar trabajando en nuevos proyectos musicales, asegura sentirse especialmente atra\u00eddo por la alegr\u00eda, la espontaneidad y la sensualidad que caracterizan a los dominicanos.<\/p>\n<p class=\"paragraph\">\u201cMe gusta much\u00edsimo. No es mi primera vez en Rep\u00fablica Dominicana, entonces estoy s\u00faper contento de poder disfrutar otra vez de ese pa\u00eds tan lindo\u201d, expres\u00f3.<\/p>\n<p class=\"paragraph\">Con los ojos puestos en Rep\u00fablica Dominicana<\/p>\n<p class=\"paragraph\">Su acercamiento a la m\u00fasica en espa\u00f1ol comenz\u00f3 a fortalecerse despu\u00e9s de sus primeras experiencias profesionales en Madrid, Espa\u00f1a, donde realiz\u00f3 algunos de sus primeros conciertos. Posteriormente, su recorrido musical lo llev\u00f3 a distintos pa\u00edses de Latinoam\u00e9rica, entre ellos Colombia, donde conoci\u00f3 al artista dominicano El Cata \u201cEl Patr\u00f3n\u201d, con quien prepar\u00f3 su primera colaboraci\u00f3n.<\/p>\n<p class=\"paragraph\">La canci\u00f3n, titulada \u201cLa vida es una\u201d, est\u00e1 prevista para estrenarse en noviembre y combinar\u00e1 la propuesta musical del artista polaco con sonidos tropicales y elementos cercanos al merengue.<\/p>\n<p class=\"paragraph\">Con cuatro canciones grabadas en espa\u00f1ol y una nueva colaboraci\u00f3n en camino, M\u00edstiqo apuesta por continuar ampliando su presencia dentro del mercado latino.<\/p>\n<p class=\"paragraph\">Su estancia en Rep\u00fablica Dominicana forma parte de ese proceso de acercamiento a nuevos sonidos, productores y artistas, mientras desarrolla una propuesta que pretende conectar sus ra\u00edces europeas con la cultura musical de Am\u00e9rica Latina.<\/p>\n<p class=\"paragraph\">Adem\u00e1s de su colaboraci\u00f3n con El Cata, el artista manifest\u00f3 su inter\u00e9s por continuar estrechando v\u00ednculos con exponentes dominicanos y revel\u00f3 que espera tener la oportunidad de conocer a Yailin La M\u00e1s Viral, como parte de sus planos de acercamiento a la escena musical dominicana.<\/p>\n<p class=\"paragraph\">\u201cTodo es posible y podemos transformar pr\u00e1cticamente cada parte de nuestra vida si lo queremos de verdad\u201d, concluy\u00f3.<\/p>\n<p class=\"paragraph\"><b>Una conexi\u00f3n con los ritmos latinos.<\/b><\/p>\n<figure class=\"c-detail__media \"><figcaption class=\"c-detail__media__txt\">\n<p class=\"c-detail__media__subtitle\">\n<p>        <span class=\"c-detail__media__credit \">M\u00edstiqo<\/span><\/p>\n<\/figcaption><\/figure>\n<p class=\"paragraph\">M\u00edstiqo reconoce que, aunque naci\u00f3 y creci\u00f3 en Polonia, siente una particular afinidad con la cultura dominicana y latinoamericana.<\/p>\n<p class=\"paragraph\">\u201cMe siento muy bien en Rep\u00fablica Dominicana. Pienso que todo pasa por algo, porque siento que, aunque tengo cuerpo europeo, mi alma es muy dominicana\u201d, manifest\u00f3.<\/p>\n<p class=\"paragraph\">Entre los aspectos que m\u00e1s le han impresionado del pa\u00eds, menciona la gastronom\u00eda, la gente y, especialmente, la energ\u00eda.<\/p>\n<p class=\"paragraph\">\u201cLa comida, la gente, pero, sobre todo, la energ\u00eda. Esa alegr\u00eda, esa sensualidad que es mucho m\u00e1s natural en los latinos que en los europeos\u201d, sostuvo.<\/p>\n<p class=\"paragraph\">El artista tambi\u00e9n destac\u00f3 la manera directa de relacionarse que ha encontrado en Am\u00e9rica Latina y la facilidad para establecer conexiones personales incluso sin necesidad de utilizar demasiadas palabras.<\/p>\n<p class=\"paragraph\">Una m\u00fasica inspirada en la transformaci\u00f3n.<\/p>\n<p class=\"paragraph\">M\u00e1s all\u00e1 de los ritmos, M\u00edstiqo asegura que su propuesta musical est\u00e1 estrechamente vinculada con su historia de vida y con el deseo de transmitir mensajes positivos.<\/p>\n<p class=\"paragraph\">Explica que sus canciones buscan atraer y manifestar las cosas que desea experimentar, por lo que prefiere centrados en historias relacionadas con la felicidad, la intensidad y los aspectos positivos de la existencia.<\/p>\n<p class=\"paragraph\">\u201cNo canto tanto de las cosas tristes o de las cosas que no quiero en mi vida. Prefiero concentrarme en lo que es feliz, lo que es lindo, lo que es intenso, pero de manera muy positiva\u201d, se\u00f1al\u00f3.<\/p>\n<p class=\"paragraph\">Su m\u00fasica tambi\u00e9n pretende transmitir un mensaje de transformaci\u00f3n personal y demostrar que el origen o las circunstancias de una persona no necesariamente determinan hasta d\u00f3nde puede llegar.<\/p>\n<p class=\"paragraph\">\u201cQuiero inspirar a la gente a que no importa de d\u00f3nde eres, no importa de qu\u00e9 tipo de familia t\u00fa eres, que todo es de verdad posible\u201d, afirm\u00f3.<\/p>\n<div class=\"c-detail__box \">\n<article class=\"c-detail__sumario \">\n<figure class=\"c-detail__sumario__thumb\" style=\"display: block;\">\n            <a href=\"#\" title=\"\">\n                <picture data-size=\"w:140,h:140\" loading=\"lazy\" src=\"https:\/\/imagenes.hoy.com.do\/files\/related_image\/uploads\/2026\/09\/03\/6a99d77094671.jpeg\" data-full-src=\"https:\/\/imagenes.hoy.com.do\/uploads\/2026\/09\/03\/6a99d77094671.jpeg\">\n                    <img loading=\"lazy\" decoding=\"async\" width=\"140\" height=\"140\" alt=\"Caroline Aquino en los Premios Juventud\" src=\"https:\/\/imagenes.hoy.com.do\/uploads\/2026\/09\/03\/6a99d77094671.jpeg\"\/>\n                <\/picture>\n            <\/a><br \/>\n        <\/figure>\n<\/article>\n<\/div><\/div>\n","protected":false},"excerpt":{"rendered":"Desde Polonia hasta Rep\u00fablica Dominicana, el artista europeo M\u00edstiqo desarrolla una propuesta&hellip;\n","protected":false},"author":1,"featured_media":67223,"comment_status":"open","ping_status":"open","sticky":false,"template":"","format":"standard","meta":{"footnotes":""},"categories":[3],"tags":[],"class_list":["post-67222","post","type-post","status-publish","format-standard","has-post-thumbnail","category-internacionales"],"_links":{"self":[{"href":"https:\/\/acronoticias.com\/index.php\/wp-json\/wp\/v2\/posts\/67222","targetHints":{"allow":["GET"]}}],"collection":[{"href":"https:\/\/acronoticias.com\/index.php\/wp-json\/wp\/v2\/posts"}],"about":[{"href":"https:\/\/acronoticias.com\/index.php\/wp-json\/wp\/v2\/types\/post"}],"author":[{"embeddable":true,"href":"https:\/\/acronoticias.com\/index.php\/wp-json\/wp\/v2\/users\/1"}],"replies":[{"embeddable":true,"href":"https:\/\/acronoticias.com\/index.php\/wp-json\/wp\/v2\/comments?post=67222"}],"version-history":[{"count":0,"href":"https:\/\/acronoticias.com\/index.php\/wp-json\/wp\/v2\/posts\/67222\/revisions"}],"wp:featuredmedia":[{"embeddable":true,"href":"https:\/\/acronoticias.com\/index.php\/wp-json\/wp\/v2\/media\/67223"}],"wp:attachment":[{"href":"https:\/\/acronoticias.com\/index.php\/wp-json\/wp\/v2\/media?parent=67222"}],"wp:term":[{"taxonomy":"category","embeddable":true,"href":"https:\/\/acronoticias.com\/index.php\/wp-json\/wp\/v2\/categories?post=67222"},{"taxonomy":"post_tag","embeddable":true,"href":"https:\/\/acronoticias.com\/index.php\/wp-json\/wp\/v2\/tags?post=67222"}],"curies":[{"name":"wp","href":"https:\/\/api.w.org\/{rel}","templated":true}]}}