{"id":67220,"date":"2026-09-04T02:07:36","date_gmt":"2026-09-04T02:07:36","guid":{"rendered":"https:\/\/acronoticias.com\/index.php\/2026\/09\/04\/periodista-destaca-aporte-de-senderos-de-la-patria-para-preservar-la-memoria-historica-dominicana\/"},"modified":"2026-09-04T02:07:36","modified_gmt":"2026-09-04T02:07:36","slug":"periodista-destaca-aporte-de-senderos-de-la-patria-para-preservar-la-memoria-historica-dominicana","status":"publish","type":"post","link":"https:\/\/acronoticias.com\/index.php\/2026\/09\/04\/periodista-destaca-aporte-de-senderos-de-la-patria-para-preservar-la-memoria-historica-dominicana\/","title":{"rendered":"Periodista destaca aporte de \u201cSenderos de la Patria\u201d para preservar la memoria hist\u00f3rica dominicana"},"content":{"rendered":"<p><img decoding=\"async\" width=\"355\" height=\"200\" src=\"https:\/\/nuevodiario-assets.s3.us-east-2.amazonaws.com\/wp-content\/uploads\/2026\/09\/068c9fd2-d514-4b62-b2a0-ac37f62d1488-355x200.jpg\" class=\"webfeedsFeaturedVisual wp-post-image\" alt=\"\" style=\"display: block;margin-bottom: 5px;clear:both;max-width: 100%\" loading=\"lazy\" \/><\/p>\n<p>EL NUEVO DIARIO, SANTO DOMINGO. \u2013 La periodista Yicet Bueno destac\u00f3 este jueves el aporte del proyecto \u201cSenderos de la Patria\u201d, una iniciativa del Grupo de Medios Telemicro orientada a llevar contenido de calidad a la televisi\u00f3n y al mismo tiempo acercar a las nuevas generaciones a los principales acontecimientos que marcaron la historia de la Rep\u00fablica Dominicana.<\/p>\n<p>Bueno explic\u00f3 que la propuesta surgi\u00f3 a partir de una inquietud del presidente del Grupo de Medios Telemicro, Juan Ram\u00f3n G\u00f3mez D\u00edaz, quien plante\u00f3 la necesidad de desarrollar contenidos que adem\u00e1s de entretener permitan a la poblaci\u00f3n recordar y conocer los episodios fundamentales de la historia nacional.<\/p>\n<p>\u201cSenderos de la Patria es un proyecto del Grupo de Medios Telemicro que nace de la inquietud del presidente de este grupo, el licenciado Juan Ram\u00f3n G\u00f3mez D\u00edaz de llevar televisi\u00f3n y contenido de calidad y a la vez que la gente pueda recordar los cap\u00edtulos m\u00e1s importantes que han dado vida a la Rep\u00fablica Dominicana en materia hist\u00f3rica\u201d, explic\u00f3 la comunicadora.<\/p>\n<p>La comunicadora ofreci\u00f3 la informaci\u00f3n al ser entrevistada por los comunicadores Julio Samuel Sierra y Mar\u00eda Mar\u00eda en el programa \u201cEl Nuevo Diario en la Tarde\u201d, transmitido a trav\u00e9s de la plataforma digital de \u201cEl Nuevo Diario TV\u201d.<\/p>\n<p>(Ver programa)<\/p>\n<div class=\"jetpack-video-wrapper\"><\/div>\n<p>Yicet Bueno se\u00f1al\u00f3 que el proyecto fue lanzado en febrero de este a\u00f1o con una primera edici\u00f3n dedicada a la Independencia Nacional, mediante la presentaci\u00f3n de contenidos relacionados con los acontecimientos que condujeron a la fundaci\u00f3n de la Rep\u00fablica Dominicana.<\/p>\n<p>Indic\u00f3 que durante ese mes se cont\u00f3 con la participaci\u00f3n de diferentes historiadores, con el prop\u00f3sito de abordar desde distintas perspectivas los acontecimientos vinculados al nacimiento de la naci\u00f3n dominicana y al significado hist\u00f3rico del Altar de la Patria.<\/p>\n<p>Bueno agreg\u00f3 que la producci\u00f3n continu\u00f3 durante marzo con un contenido denominado \u201cMarzo Glorioso\u201d, dedicado, entre otros acontecimientos, a las batallas de Azua y Santiago, como parte del proceso de consolidaci\u00f3n de la Independencia Nacional.<\/p>\n<p>Resalt\u00f3 que \u201cSenderos de la Patria\u201d procura convertir la historia dominicana en un contenido atractivo para la televisi\u00f3n, especialmente para las nuevas generaciones, utilizando testimonios de especialistas e investigaciones hist\u00f3ricas para contribuir al conocimiento y fortalecimiento de la identidad nacional.<\/p>\n<p>A\u00f1adi\u00f3 que la iniciativa busca, adem\u00e1s, que acontecimientos fundamentales de la historia dominicana no queden relegados al \u00e1mbito acad\u00e9mico, sino que puedan ser conocidos y valorados por un p\u00fablico m\u00e1s amplio a trav\u00e9s de los medios de comunicaci\u00f3n.<\/p>\n<p>La entrada <a href=\"https:\/\/elnuevodiario.com.do\/periodista-destaca-aporte-de-senderos-de-la-patria-para-preservar-la-memoria-historica-dominicana\/\">Periodista destaca aporte de \u201cSenderos de la Patria\u201d para preservar la memoria hist\u00f3rica dominicana<\/a> se public\u00f3 primero en <a href=\"https:\/\/elnuevodiario.com.do\">El Nuevo Diario (Rep\u00fablica Dominicana)<\/a>.<\/p>\n","protected":false},"excerpt":{"rendered":"EL NUEVO DIARIO, SANTO DOMINGO. \u2013 La periodista Yicet Bueno destac\u00f3 este&hellip;\n","protected":false},"author":1,"featured_media":67221,"comment_status":"open","ping_status":"open","sticky":false,"template":"","format":"standard","meta":{"footnotes":""},"categories":[1],"tags":[],"class_list":["post-67220","post","type-post","status-publish","format-standard","has-post-thumbnail","category-nacionales"],"_links":{"self":[{"href":"https:\/\/acronoticias.com\/index.php\/wp-json\/wp\/v2\/posts\/67220","targetHints":{"allow":["GET"]}}],"collection":[{"href":"https:\/\/acronoticias.com\/index.php\/wp-json\/wp\/v2\/posts"}],"about":[{"href":"https:\/\/acronoticias.com\/index.php\/wp-json\/wp\/v2\/types\/post"}],"author":[{"embeddable":true,"href":"https:\/\/acronoticias.com\/index.php\/wp-json\/wp\/v2\/users\/1"}],"replies":[{"embeddable":true,"href":"https:\/\/acronoticias.com\/index.php\/wp-json\/wp\/v2\/comments?post=67220"}],"version-history":[{"count":0,"href":"https:\/\/acronoticias.com\/index.php\/wp-json\/wp\/v2\/posts\/67220\/revisions"}],"wp:featuredmedia":[{"embeddable":true,"href":"https:\/\/acronoticias.com\/index.php\/wp-json\/wp\/v2\/media\/67221"}],"wp:attachment":[{"href":"https:\/\/acronoticias.com\/index.php\/wp-json\/wp\/v2\/media?parent=67220"}],"wp:term":[{"taxonomy":"category","embeddable":true,"href":"https:\/\/acronoticias.com\/index.php\/wp-json\/wp\/v2\/categories?post=67220"},{"taxonomy":"post_tag","embeddable":true,"href":"https:\/\/acronoticias.com\/index.php\/wp-json\/wp\/v2\/tags?post=67220"}],"curies":[{"name":"wp","href":"https:\/\/api.w.org\/{rel}","templated":true}]}}