{"id":67212,"date":"2026-09-04T01:19:19","date_gmt":"2026-09-04T01:19:19","guid":{"rendered":"https:\/\/acronoticias.com\/index.php\/2026\/09\/04\/edenorte-coordina-con-autoridades-de-sanchez-ramirez-acciones-para-mejorar-servicio-electrico\/"},"modified":"2026-09-04T01:19:19","modified_gmt":"2026-09-04T01:19:19","slug":"edenorte-coordina-con-autoridades-de-sanchez-ramirez-acciones-para-mejorar-servicio-electrico","status":"publish","type":"post","link":"https:\/\/acronoticias.com\/index.php\/2026\/09\/04\/edenorte-coordina-con-autoridades-de-sanchez-ramirez-acciones-para-mejorar-servicio-electrico\/","title":{"rendered":"Edenorte coordina con autoridades de S\u00e1nchez Ram\u00edrez acciones para mejorar servicio el\u00e9ctrico"},"content":{"rendered":"<p><img loading=\"lazy\" decoding=\"async\" width=\"355\" height=\"200\" src=\"https:\/\/nuevodiario-assets.s3.us-east-2.amazonaws.com\/wp-content\/uploads\/2026\/09\/EDENORTE-355x200.jpeg\" class=\"webfeedsFeaturedVisual wp-post-image\" alt=\"\" style=\"display: block;margin-bottom: 5px;clear:both;max-width: 100%\" \/><\/p>\n<p class=\"isSelectedEnd\">EL NUEVO DIARIO, COTU\u00cd<strong>.\u2013<\/strong> Edenorte Dominicana y autoridades de S\u00e1nchez Ram\u00edrez coordinaron acciones para atender las principales dificultades del servicio el\u00e9ctrico en distintos sectores de la provincia, entre ellas interrupciones, luminarias fuera de servicio y la falta de tendido el\u00e9ctrico en algunas comunidades.<\/p>\n<p class=\"isSelectedEnd\">La reuni\u00f3n, realizada en la Alcald\u00eda de Cotu\u00ed, estuvo encabezada por la gobernadora provincial, Cristiana Rodr\u00edguez de Alba, y el alcalde de Cotu\u00ed, Jos\u00e9 Eugenio Montilla. Por Edenorte participaron Gregorio Contreras y Pascual Zapata, en representaci\u00f3n del gerente general de la empresa, Gustavo Mart\u00ednez.<\/p>\n<p class=\"isSelectedEnd\">Durante el encuentro fueron identificadas como prioridades. la reparaci\u00f3n y reactivaci\u00f3n de luminarias apagadas, la instalaci\u00f3n o ampliaci\u00f3n del tendido el\u00e9ctrico donde sea necesario y la atenci\u00f3n de las interrupciones reportadas por residentes.<\/p>\n<p class=\"isSelectedEnd\">El alcalde de Cotu\u00ed solicit\u00f3 adem\u00e1s la electrificaci\u00f3n del cementerio municipal, debido a que actualmente carece de iluminaci\u00f3n adecuada, situaci\u00f3n que, seg\u00fan explic\u00f3, aumenta la vulnerabilidad de quienes transitan por el lugar durante la noche.<\/p>\n<p class=\"isSelectedEnd\">Las autoridades y dirigentes comunitarios expusieron las necesidades de los sectores afectados y plantearon la importancia de recibir respuestas oportunas para garantizar la continuidad y mejorar la calidad del suministro el\u00e9ctrico.<\/p>\n<p class=\"isSelectedEnd\">Como parte de los acuerdos de trabajo, se plante\u00f3 realizar levantamientos t\u00e9cnicos en las comunidades para determinar las luminarias que necesitan reparaci\u00f3n o sustituci\u00f3n, establecer los puntos donde debe ampliarse el tendido el\u00e9ctrico y verificar las causas de las interrupciones denunciadas.<\/p>\n<p class=\"isSelectedEnd\">Las autoridades destacaron que la iluminaci\u00f3n de calles y espacios p\u00fablicos contribuye a la seguridad ciudadana, facilita la movilidad nocturna y mejora las condiciones de vida de los residentes.<\/p>\n<p class=\"isSelectedEnd\">En el encuentro tambi\u00e9n participaron la magistrada Juana Mar\u00eda Hern\u00e1ndez; Arqu\u00edmedes Mat\u00edas, presidente del Consejo Provincial para la Administraci\u00f3n de los Fondos Mineros; Manuel Jos\u00e9, presidente de la Uni\u00f3n de Juntas de Vecinos; adem\u00e1s de regidores, alcaldes de distritos municipales y representantes de otras instituciones.<\/p>\n<p>Edenorte inform\u00f3 que dar\u00e1 seguimiento a los requerimientos planteados y mantendr\u00e1 la coordinaci\u00f3n con las autoridades y organizaciones comunitarias para evaluar los avances de las acciones que sean programadas en la provincia.<\/p>\n<p>La entrada <a href=\"https:\/\/elnuevodiario.com.do\/edenorte-coordina-con-autoridades-de-sanchez-ramirez-acciones-para-mejorar-servicio-electrico\/\">Edenorte coordina con autoridades de S\u00e1nchez Ram\u00edrez acciones para mejorar servicio el\u00e9ctrico<\/a> se public\u00f3 primero en <a href=\"https:\/\/elnuevodiario.com.do\">El Nuevo Diario (Rep\u00fablica Dominicana)<\/a>.<\/p>\n","protected":false},"excerpt":{"rendered":"EL NUEVO DIARIO, COTU\u00cd.\u2013 Edenorte Dominicana y autoridades de S\u00e1nchez Ram\u00edrez coordinaron&hellip;\n","protected":false},"author":1,"featured_media":67213,"comment_status":"open","ping_status":"open","sticky":false,"template":"","format":"standard","meta":{"footnotes":""},"categories":[1],"tags":[],"class_list":["post-67212","post","type-post","status-publish","format-standard","has-post-thumbnail","category-nacionales"],"_links":{"self":[{"href":"https:\/\/acronoticias.com\/index.php\/wp-json\/wp\/v2\/posts\/67212","targetHints":{"allow":["GET"]}}],"collection":[{"href":"https:\/\/acronoticias.com\/index.php\/wp-json\/wp\/v2\/posts"}],"about":[{"href":"https:\/\/acronoticias.com\/index.php\/wp-json\/wp\/v2\/types\/post"}],"author":[{"embeddable":true,"href":"https:\/\/acronoticias.com\/index.php\/wp-json\/wp\/v2\/users\/1"}],"replies":[{"embeddable":true,"href":"https:\/\/acronoticias.com\/index.php\/wp-json\/wp\/v2\/comments?post=67212"}],"version-history":[{"count":0,"href":"https:\/\/acronoticias.com\/index.php\/wp-json\/wp\/v2\/posts\/67212\/revisions"}],"wp:featuredmedia":[{"embeddable":true,"href":"https:\/\/acronoticias.com\/index.php\/wp-json\/wp\/v2\/media\/67213"}],"wp:attachment":[{"href":"https:\/\/acronoticias.com\/index.php\/wp-json\/wp\/v2\/media?parent=67212"}],"wp:term":[{"taxonomy":"category","embeddable":true,"href":"https:\/\/acronoticias.com\/index.php\/wp-json\/wp\/v2\/categories?post=67212"},{"taxonomy":"post_tag","embeddable":true,"href":"https:\/\/acronoticias.com\/index.php\/wp-json\/wp\/v2\/tags?post=67212"}],"curies":[{"name":"wp","href":"https:\/\/api.w.org\/{rel}","templated":true}]}}