{"id":67210,"date":"2026-09-04T01:17:29","date_gmt":"2026-09-04T01:17:29","guid":{"rendered":"https:\/\/acronoticias.com\/index.php\/2026\/09\/04\/quien-es-fidel-ernesto-castro-calis-el-nieto-de-raul-castro-sancionado-por-eeuu\/"},"modified":"2026-09-04T01:17:29","modified_gmt":"2026-09-04T01:17:29","slug":"quien-es-fidel-ernesto-castro-calis-el-nieto-de-raul-castro-sancionado-por-eeuu","status":"publish","type":"post","link":"https:\/\/acronoticias.com\/index.php\/2026\/09\/04\/quien-es-fidel-ernesto-castro-calis-el-nieto-de-raul-castro-sancionado-por-eeuu\/","title":{"rendered":"Qui\u00e9n es Fidel Ernesto Castro Calis, el nieto de Ra\u00fal Castro sancionado por EEUU"},"content":{"rendered":"<div>\n<div class=\"c-detail__author full\">\n<div>\n<div class=\"c-detail__author__thumb\">\n<figure>\n                                <picture src=\"https:\/\/imagenes.hoy.com.do\/files\/image_square_xs\/uploads\/2025\/11\/10\/6911b3b5d935b.png\" data-size=\"w:40,h:40\">\n                                    <img decoding=\"async\" loading=\"lazy\" alt=\"Hoy .\" width=\"40\" height=\"40\" src=\"https:\/\/imagenes.hoy.com.do\/files\/image_square_xs\/uploads\/2025\/11\/10\/6911b3b5d935b.png\"\/>\n                                <\/picture>\n                                <\/figure>\n<\/div>\n<\/div>\n<\/div>\n<p>                                                                                            <!-- --><\/p>\n<p class=\"paragraph\">El Gobierno de <b>Estados Unidos <\/b>ampli\u00f3 este 2026 su lista de sancionados vinculados al r\u00e9gimen cubano con la inclusi\u00f3n de<b> Fidel Ernesto Castro Calis<\/b>, nieto del expresidente<b> Ra\u00fal Castro <\/b>y segundo integrante de esa generaci\u00f3n de la familia en ser alcanzado por las medidas estadounidenses este a\u00f1o.<\/p>\n<p class=\"paragraph\">Castro Calis, de 31 a\u00f1os y graduado de Sociolog\u00eda, es hijo de Alejandro Castro Esp\u00edn, general de brigada <b>cubano <\/b>se\u00f1alado como una de las figuras relacionadas con el aparato de inteligencia de la isla y quien tambi\u00e9n figura entre los sancionados por Estados Unidos.<\/p>\n<p class=\"paragraph\">El Departamento de Estado identific\u00f3 a <b>Fidel Ernesto<\/b> como un \u201cfamiliar adulto\u201d de Castro Esp\u00edn. Su designaci\u00f3n se produce bajo la Orden Ejecutiva 14404, firmada por el presidente Donald Trump, que contempla la posibilidad de imponer sanciones a familiares adultos de personas previamente incluidas en la lista.<\/p>\n<p class=\"paragraph\">En junio de 2026, Estados Unidos hab\u00eda sancionado a Alejandro Castro Esp\u00edn y a su otro hijo, Ra\u00fal Alejandro Castro Calis, quienes fueron incorporados a la lista de la Oficina de Control de Activos Extranjeros (OFAC), dependiente del Departamento del Tesoro.<\/p>\n<p class=\"paragraph\"><b>A diferencia de ellos, Ra\u00fal Guillermo Rodr\u00edguez Castro, conocido como \u201cEl Cangrejo\u201d y primo de Fidel Ernesto, no aparece entre los sancionados, pese a su influencia dentro de la estructura de poder cubana.<\/b><\/p>\n<p class=\"paragraph\">Tras el anuncio, el secretario de Estado estadounidense, Marco Rubio, defendi\u00f3 las nuevas medidas y acus\u00f3 a las \u00e9lites del r\u00e9gimen cubano de enriquecerse mientras la poblaci\u00f3n enfrenta dificultades econ\u00f3micas.<\/p>\n<p class=\"paragraph\">Rubio sostuvo que integrantes de la familia Castro y otros allegados al Gobierno de Cuba se benefician de mecanismos destinados a evadir las sanciones estadounidenses y de otros esquemas que Washington considera il\u00edcitos.<\/p>\n<p class=\"paragraph\">El funcionario tambi\u00e9n acus\u00f3 a esas \u00e9lites de intentar promover una ideolog\u00eda marxista en Estados Unidos y otros pa\u00edses del hemisferio occidental, al tiempo que reiter\u00f3 el compromiso de la administraci\u00f3n Trump con la promoci\u00f3n de una Cuba libre.<\/p>\n<div class=\"c-detail__box \">\n<article class=\"c-detail__sumario \">\n<figure class=\"c-detail__sumario__thumb\" style=\"display: block;\">\n            <a href=\"#\" title=\"\">\n                <picture data-size=\"w:140,h:140\" loading=\"lazy\" src=\"https:\/\/imagenes.hoy.com.do\/files\/related_image\/uploads\/2026\/08\/11\/6a7b5d22a5bbd.webp\" data-full-src=\"https:\/\/imagenes.hoy.com.do\/uploads\/2026\/08\/11\/6a7b5d22a5bbd.webp\">\n                    <img loading=\"lazy\" decoding=\"async\" width=\"140\" height=\"140\" alt=\"Nieto de Ra\u00fal Castro se\u00f1alado por presuntos v\u00ednculos con red de tr\u00e1fico en M\u00e9xico\" src=\"https:\/\/imagenes.hoy.com.do\/uploads\/2026\/08\/11\/6a7b5d22a5bbd.webp\"\/>\n                <\/picture>\n            <\/a><br \/>\n        <\/figure>\n<\/article>\n<\/div><\/div>\n","protected":false},"excerpt":{"rendered":"El Gobierno de Estados Unidos ampli\u00f3 este 2026 su lista de sancionados&hellip;\n","protected":false},"author":1,"featured_media":67211,"comment_status":"open","ping_status":"open","sticky":false,"template":"","format":"standard","meta":{"footnotes":""},"categories":[3],"tags":[],"class_list":["post-67210","post","type-post","status-publish","format-standard","has-post-thumbnail","category-internacionales"],"_links":{"self":[{"href":"https:\/\/acronoticias.com\/index.php\/wp-json\/wp\/v2\/posts\/67210","targetHints":{"allow":["GET"]}}],"collection":[{"href":"https:\/\/acronoticias.com\/index.php\/wp-json\/wp\/v2\/posts"}],"about":[{"href":"https:\/\/acronoticias.com\/index.php\/wp-json\/wp\/v2\/types\/post"}],"author":[{"embeddable":true,"href":"https:\/\/acronoticias.com\/index.php\/wp-json\/wp\/v2\/users\/1"}],"replies":[{"embeddable":true,"href":"https:\/\/acronoticias.com\/index.php\/wp-json\/wp\/v2\/comments?post=67210"}],"version-history":[{"count":0,"href":"https:\/\/acronoticias.com\/index.php\/wp-json\/wp\/v2\/posts\/67210\/revisions"}],"wp:featuredmedia":[{"embeddable":true,"href":"https:\/\/acronoticias.com\/index.php\/wp-json\/wp\/v2\/media\/67211"}],"wp:attachment":[{"href":"https:\/\/acronoticias.com\/index.php\/wp-json\/wp\/v2\/media?parent=67210"}],"wp:term":[{"taxonomy":"category","embeddable":true,"href":"https:\/\/acronoticias.com\/index.php\/wp-json\/wp\/v2\/categories?post=67210"},{"taxonomy":"post_tag","embeddable":true,"href":"https:\/\/acronoticias.com\/index.php\/wp-json\/wp\/v2\/tags?post=67210"}],"curies":[{"name":"wp","href":"https:\/\/api.w.org\/{rel}","templated":true}]}}