{"id":67208,"date":"2026-09-04T01:00:42","date_gmt":"2026-09-04T01:00:42","guid":{"rendered":"https:\/\/acronoticias.com\/index.php\/2026\/09\/04\/abinader-designa-nuevos-viceministros-y-embajador-en-el-servicio-interno-del-mirex\/"},"modified":"2026-09-04T01:00:42","modified_gmt":"2026-09-04T01:00:42","slug":"abinader-designa-nuevos-viceministros-y-embajador-en-el-servicio-interno-del-mirex","status":"publish","type":"post","link":"https:\/\/acronoticias.com\/index.php\/2026\/09\/04\/abinader-designa-nuevos-viceministros-y-embajador-en-el-servicio-interno-del-mirex\/","title":{"rendered":"Abinader designa nuevos viceministros y embajador en el servicio interno del Mirex"},"content":{"rendered":"<p><img loading=\"lazy\" decoding=\"async\" width=\"355\" height=\"200\" src=\"https:\/\/nuevodiario-assets.s3.us-east-2.amazonaws.com\/wp-content\/uploads\/2024\/07\/28095645\/Mirex-355x200.avif\" class=\"webfeedsFeaturedVisual wp-post-image\" alt=\"\" style=\"display: block;margin-bottom: 5px;clear:both;max-width: 100%\" \/><\/p>\n<p class=\"s8\">EL NUEVO DIARIO, SANTO DOMINGO.-<span class=\"s7\"><span class=\"bumpedFont15\">El presidente Luis Abinader dispuso nuevas designaciones<\/span><\/span><span class=\"s7\"><span class=\"bumpedFont15\"> a lo interno del Ministerio de Relaciones Exteriores (Mirex) <\/span><\/span><span class=\"s7\"><span class=\"bumpedFont15\">que contempla<\/span><\/span><span class=\"s7\"><span class=\"bumpedFont15\">n<\/span><\/span><span class=\"s7\"><span class=\"bumpedFont15\">\u00a0el<\/span><\/span><span class=\"s7\"><span class=\"bumpedFont15\">\u00a0nombramiento\u00a0<\/span><\/span><span class=\"s7\"><span class=\"bumpedFont15\">de <\/span><\/span><span class=\"s7\"><span class=\"bumpedFont15\">dos viceminist<\/span><\/span><span class=\"s7\"><span class=\"bumpedFont15\">ros<\/span><\/span><span class=\"s7\"><span class=\"bumpedFont15\">\u00a0y\u00a0<\/span><\/span><span class=\"s7\"><span class=\"bumpedFont15\">un embajador\u00a0<\/span><\/span><span class=\"s7\"><span class=\"bumpedFont15\">en el servicio interno<\/span><\/span><span class=\"s7\"><span class=\"bumpedFont15\">.<\/span><\/span><\/p>\n<p class=\"s8\"><span class=\"s7\"><span class=\"bumpedFont15\">M<\/span><\/span><span class=\"s7\"><span class=\"bumpedFont15\">ediante el Decreto n\u00fam. 604-26<\/span><\/span><span class=\"s7\"><span class=\"bumpedFont15\">, el mandatario\u00a0<\/span><\/span><span class=\"s7\"><span class=\"bumpedFont15\">design<\/span><\/span><span class=\"s7\"><span class=\"bumpedFont15\">\u00f3<\/span><\/span><span class=\"s7\"><span class=\"bumpedFont15\">\u00a0a<\/span><\/span><span class=\"s7\"><span class=\"bumpedFont15\">\u00a0la se\u00f1ora<\/span><\/span><span class=\"s7\"><span class=\"bumpedFont15\">\u00a0Vilma Inmaculada\u00a0<\/span><\/span><span class=\"s7\"><span class=\"bumpedFont15\">Arbaje<\/span><\/span><span class=\"s7\"><span class=\"bumpedFont15\"> de Contreras como viceministra de Asuntos Econ\u00f3micos y Cooperaci\u00f3n Internacional del Mirex, con rango de embajadora mientras permanezca en sus funciones.<\/span><\/span><\/p>\n<p class=\"s8\"><span class=\"s7\"><span class=\"bumpedFont15\">Asimismo, Ram\u00f3n Antonio P\u00e9rez Ferm\u00edn fue designado viceministro de Gesti\u00f3n y Operaciones del Servicio Exterior, con rango de embajador durante el ejercicio de sus funciones.<\/span><\/span><\/p>\n<p class=\"s8\"><span class=\"s7\"><span class=\"bumpedFont15\">El decreto\u00a0<\/span><\/span><span class=\"s7\"><span class=\"bumpedFont15\">conti<\/span><\/span><span class=\"s7\"><span class=\"bumpedFont15\">e<\/span><\/span><span class=\"s7\"><span class=\"bumpedFont15\">ne,\u00a0<\/span><\/span><span class=\"s7\"><span class=\"bumpedFont15\">adem\u00e1s<\/span><\/span><span class=\"s7\"><span class=\"bumpedFont15\">,<\/span><\/span><span class=\"s7\"><span class=\"bumpedFont15\">\u00a0la designaci\u00f3n de Hugo Rivera Fern\u00e1ndez como embajador en el servicio interno de<\/span><\/span><span class=\"s7\"><span class=\"bumpedFont15\">\u00a0la Canciller\u00eda<\/span><\/span><span class=\"s7\"><span class=\"bumpedFont15\">.<\/span><\/span><\/p>\n<p class=\"s8\"><strong><span class=\"s9\"><span class=\"bumpedFont15\">Sobre los nuevos designados<\/span><\/span><\/strong><\/p>\n<p class=\"s8\"><span class=\"s7\"><span class=\"bumpedFont15\">Vilma Inmaculada\u00a0<\/span><\/span><span class=\"s7\"><span class=\"bumpedFont15\">Arbaje<\/span><\/span><span class=\"s7\"><span class=\"bumpedFont15\">\u00a0de Contreras es abogada especializada en relaciones internacionales, cooperaci\u00f3n y comercio exterior, con 28 a\u00f1os de experiencia en el Estado.\u00a0<\/span><\/span><span class=\"s7\"><span class=\"bumpedFont15\">Previo a su designaci\u00f3n se desempe\u00f1\u00f3 como\u00a0<\/span><\/span><span class=\"s7\"><span class=\"bumpedFont15\">viceministra de<\/span><\/span><span class=\"s7\"><span class=\"bumpedFont15\">\u00a0Cooperaci\u00f3n<\/span><\/span><span class=\"s7\"><span class=\"bumpedFont15\">\u00a0y Relaciones Internacionales del Ministerio de Vivienda y Edificaciones,\u00a0<\/span><\/span><span class=\"s7\"><span class=\"bumpedFont15\">viceministra de Comercio Exterior del\u00a0<\/span><\/span><span class=\"s7\"><span class=\"bumpedFont15\">Ministerio de Industria, Comercio y\u00a0<\/span><\/span><span class=\"s7\"><span class=\"bumpedFont15\">Mipymes<\/span><\/span><span class=\"s7\"><span class=\"bumpedFont15\">\u00a0(MICM)<\/span><\/span><span class=\"s7\"><span class=\"bumpedFont15\">,<\/span><\/span><span class=\"s7\"><span class=\"bumpedFont15\">\u00a0fue\u00a0<\/span><\/span><span class=\"s7\"><span class=\"bumpedFont15\">directora de Relaciones Internacionales y de Cooperaci\u00f3n del Ministerio de Energ\u00eda y Minas, coordinadora nacional de la\u00a0<\/span><\/span><span class=\"s7\"><span class=\"bumpedFont15\">i<\/span><\/span><span class=\"s7\"><span class=\"bumpedFont15\">niciativa EITI-RD y embajadora encargada de Relaciones Bilaterales en Pol\u00edtica Exterior<\/span><\/span><span class=\"s7\"><span class=\"bumpedFont15\"> del Mirex<\/span><\/span><span class=\"s7\"><span class=\"bumpedFont15\">.<\/span><\/span><\/p>\n<p class=\"s8\"><span class=\"s7\"><span class=\"bumpedFont15\">Ram\u00f3n Antonio P\u00e9rez Ferm\u00edn es abogado y consultor especializado en mercados financieros, regulaci\u00f3n, energ\u00eda y gesti\u00f3n p\u00fablica. Entre 2020 y 2026 se desempe\u00f1\u00f3 como viceministro de Comercio Interno del MICM, con responsabilidades en comercio interno, mercados, abastecimiento, precios, protecci\u00f3n al consumidor, hidrocarburos y garant\u00edas mobiliarias. Durante esa etapa presidi\u00f3 el Consejo Directivo de\u00a0<\/span><\/span><span class=\"s7\"><span class=\"bumpedFont15\">ProConsumidor<\/span><\/span><span class=\"s7\"><span class=\"bumpedFont15\">, integr\u00f3 la Comisi\u00f3n Nacional de Energ\u00eda y particip\u00f3 como veedor del Pacto Nacional para la Reforma del Sector El\u00e9ctrico.<\/span><\/span><\/p>\n<p class=\"s8\"><span class=\"s7\"><span class=\"bumpedFont15\">Hugo Rivera Fern\u00e1ndez<\/span><\/span>\u00a0<span class=\"s7\"><span class=\"bumpedFont15\">es\u00a0<\/span><\/span><span class=\"s7\"><span class=\"bumpedFont15\">l<\/span><\/span><span class=\"s7\"><span class=\"bumpedFont15\">icenciado en\u00a0<\/span><\/span><span class=\"s7\"><span class=\"bumpedFont15\">d<\/span><\/span><span class=\"s7\"><span class=\"bumpedFont15\">erecho<\/span><\/span><span class=\"s7\"><span class=\"bumpedFont15\">\u00a0con\u00a0<\/span><\/span><span class=\"s7\"><span class=\"bumpedFont15\">un posgrado en comercio exterior<\/span><\/span><span class=\"s7\"><span class=\"bumpedFont15\">. Entre el\u00a0<\/span><\/span><span class=\"s7\"><span class=\"bumpedFont15\">2000<\/span><\/span><span class=\"s7\"><span class=\"bumpedFont15\">\u00a0y\u00a0<\/span><\/span><span class=\"s7\"><span class=\"bumpedFont15\">2004<\/span><\/span><span class=\"s7\"><span class=\"bumpedFont15\">\u00a0se\u00a0<\/span><\/span><span class=\"s7\"><span class=\"bumpedFont15\">desempe\u00f1\u00f3<\/span><\/span><span class=\"s7\"><span class=\"bumpedFont15\">\u00a0como\u00a0<\/span><\/span><span class=\"s7\"><span class=\"bumpedFont15\">v<\/span><\/span><span class=\"s7\"><span class=\"bumpedFont15\">iceministro<\/span><\/span><span class=\"s7\"><span class=\"bumpedFont15\">\u00a0de Estado de Industria y Comercio y\u00a0<\/span><\/span><span class=\"s7\"><span class=\"bumpedFont15\">e<\/span><\/span><span class=\"s7\"><span class=\"bumpedFont15\">ncargado de Comercio Exterior<\/span><\/span><span class=\"s7\"><span class=\"bumpedFont15\">. Posteriormente, trabaj\u00f3 en el\u00a0<\/span><\/span><span class=\"s7\"><span class=\"bumpedFont15\">sector privado como\u00a0<\/span><\/span><span class=\"s7\"><span class=\"bumpedFont15\">c<\/span><\/span><span class=\"s7\"><span class=\"bumpedFont15\">oordinador\u00a0<\/span><\/span><span class=\"s7\"><span class=\"bumpedFont15\">t<\/span><\/span><span class=\"s7\"><span class=\"bumpedFont15\">\u00e9cnico de la Coalici\u00f3n\u00a0<\/span><\/span><span class=\"s7\"><span class=\"bumpedFont15\">E<\/span><\/span><span class=\"s7\"><span class=\"bumpedFont15\">mpresarial de Apoyo al Tratado de Libre Comercio con los Estados Unidos DR-CAFTA<\/span><\/span><span class=\"s7\"><span class=\"bumpedFont15\">, y desde\u00a0<\/span><\/span><span class=\"s7\"><span class=\"bumpedFont15\">2016 a la fecha se desempe\u00f1<\/span><\/span><span class=\"s7\"><span class=\"bumpedFont15\">\u00f3<\/span><\/span><span class=\"s7\"><span class=\"bumpedFont15\">\u00a0como\u00a0<\/span><\/span><span class=\"s7\"><span class=\"bumpedFont15\">V<\/span><\/span><span class=\"s7\"><span class=\"bumpedFont15\">iceministro<\/span><\/span><span class=\"s7\"><span class=\"bumpedFont15\">\u00a0de Relaciones Exteriores para Asuntos Econ\u00f3micos y Cooperaci\u00f3n Internacional.<\/span><\/span><\/p>\n<p class=\"s8\"><span class=\"s7\">\u00a0<\/span><\/p>\n<p class=\"s8\"><span class=\"s10\">\u00a0<\/span><\/p>\n<p>La entrada <a href=\"https:\/\/elnuevodiario.com.do\/abinader-designa-nuevos-viceministros-y-embajador-en-el-servicio-interno-del-mirex\/\">Abinader designa nuevos viceministros y embajador en el servicio interno del Mirex<\/a> se public\u00f3 primero en <a href=\"https:\/\/elnuevodiario.com.do\">El Nuevo Diario (Rep\u00fablica Dominicana)<\/a>.<\/p>\n","protected":false},"excerpt":{"rendered":"EL NUEVO DIARIO, SANTO DOMINGO.-El presidente Luis Abinader dispuso nuevas designaciones a&hellip;\n","protected":false},"author":1,"featured_media":67209,"comment_status":"open","ping_status":"open","sticky":false,"template":"","format":"standard","meta":{"footnotes":""},"categories":[1],"tags":[],"class_list":["post-67208","post","type-post","status-publish","format-standard","has-post-thumbnail","category-nacionales"],"_links":{"self":[{"href":"https:\/\/acronoticias.com\/index.php\/wp-json\/wp\/v2\/posts\/67208","targetHints":{"allow":["GET"]}}],"collection":[{"href":"https:\/\/acronoticias.com\/index.php\/wp-json\/wp\/v2\/posts"}],"about":[{"href":"https:\/\/acronoticias.com\/index.php\/wp-json\/wp\/v2\/types\/post"}],"author":[{"embeddable":true,"href":"https:\/\/acronoticias.com\/index.php\/wp-json\/wp\/v2\/users\/1"}],"replies":[{"embeddable":true,"href":"https:\/\/acronoticias.com\/index.php\/wp-json\/wp\/v2\/comments?post=67208"}],"version-history":[{"count":0,"href":"https:\/\/acronoticias.com\/index.php\/wp-json\/wp\/v2\/posts\/67208\/revisions"}],"wp:featuredmedia":[{"embeddable":true,"href":"https:\/\/acronoticias.com\/index.php\/wp-json\/wp\/v2\/media\/67209"}],"wp:attachment":[{"href":"https:\/\/acronoticias.com\/index.php\/wp-json\/wp\/v2\/media?parent=67208"}],"wp:term":[{"taxonomy":"category","embeddable":true,"href":"https:\/\/acronoticias.com\/index.php\/wp-json\/wp\/v2\/categories?post=67208"},{"taxonomy":"post_tag","embeddable":true,"href":"https:\/\/acronoticias.com\/index.php\/wp-json\/wp\/v2\/tags?post=67208"}],"curies":[{"name":"wp","href":"https:\/\/api.w.org\/{rel}","templated":true}]}}