{"id":67204,"date":"2026-09-04T00:28:39","date_gmt":"2026-09-04T00:28:39","guid":{"rendered":"https:\/\/acronoticias.com\/index.php\/2026\/09\/04\/policia-nacional-y-ministerio-de-la-mujer-movilizan-a-300-hombres-para-prevenir-violencia-contra-las-mujeres\/"},"modified":"2026-09-04T00:28:39","modified_gmt":"2026-09-04T00:28:39","slug":"policia-nacional-y-ministerio-de-la-mujer-movilizan-a-300-hombres-para-prevenir-violencia-contra-las-mujeres","status":"publish","type":"post","link":"https:\/\/acronoticias.com\/index.php\/2026\/09\/04\/policia-nacional-y-ministerio-de-la-mujer-movilizan-a-300-hombres-para-prevenir-violencia-contra-las-mujeres\/","title":{"rendered":"Polic\u00eda Nacional y Ministerio de la Mujer movilizan a 300 hombres para prevenir violencia contra las mujeres"},"content":{"rendered":"<p><img decoding=\"async\" width=\"355\" height=\"200\" src=\"https:\/\/nuevodiario-assets.s3.us-east-2.amazonaws.com\/wp-content\/uploads\/2026\/09\/Policia-Nacional-y-Ministerio-de-la-Mujer-movilizan-a-300-hombres-para-prevenir-violencia-contra-las-mujeres-8-355x200.jpeg\" class=\"webfeedsFeaturedVisual wp-post-image\" alt=\"\" style=\"display: block;margin-bottom: 5px;clear:both;max-width: 100%\" loading=\"lazy\" \/><\/p>\n<p>EL NUEVO DIARIO, SANTO DOMINGO.- La Polic\u00eda Nacional y el Ministerio de la Mujer reforzaron sus acciones de prevenci\u00f3n de la violencia contra las mujeres mediante un espacio de di\u00e1logo que reuni\u00f3 a 300 hombres de la instituci\u00f3n del orden, con el prop\u00f3sito de promover nuevas formas de masculinidad, relaciones basadas en el respeto y una cultura de convivencia pac\u00edfica.<\/p>\n<p>La iniciativa, desarrollada por la Direcci\u00f3n Especializada de Atenci\u00f3n a la Mujer y Violencia Intrafamiliar (Deamvi), se realiz\u00f3 en el marco de la Consulta Nacional para la Reducci\u00f3n de Riesgos de Violencia hacia las Mujeres, a trav\u00e9s del Panel de Di\u00e1logo Interinstitucional \u201cVoces que aportan soluciones desde la poblaci\u00f3n masculina\u201d.<\/p>\n<p><a href=\"https:\/\/elnuevodiario.com.do\/policia-nacional-y-ministerio-de-la-mujer-movilizan-a-300-hombres-para-prevenir-violencia-contra-las-mujeres\/policia-nacional-y-ministerio-de-la-mujer-movilizan-a-300-hombres-para-prevenir-violencia-contra-las-mujeres-9\/\"><img loading=\"lazy\" decoding=\"async\" data-recalc-dims=\"1\" width=\"640\" height=\"426\" src=\"https:\/\/i0.wp.com\/nuevodiario-assets.s3.us-east-2.amazonaws.com\/wp-content\/uploads\/2026\/09\/Policia-Nacional-y-Ministerio-de-la-Mujer-movilizan-a-300-hombres-para-prevenir-violencia-contra-las-mujeres-9.jpeg?resize=640%2C426&quality=100&ssl=1\" class=\"attachment-full size-full\" alt=\"\" \/><\/a><br \/>\n<a href=\"https:\/\/elnuevodiario.com.do\/policia-nacional-y-ministerio-de-la-mujer-movilizan-a-300-hombres-para-prevenir-violencia-contra-las-mujeres\/policia-nacional-y-ministerio-de-la-mujer-movilizan-a-300-hombres-para-prevenir-violencia-contra-las-mujeres-10\/\"><img loading=\"lazy\" decoding=\"async\" data-recalc-dims=\"1\" width=\"640\" height=\"426\" src=\"https:\/\/i0.wp.com\/nuevodiario-assets.s3.us-east-2.amazonaws.com\/wp-content\/uploads\/2026\/09\/Policia-Nacional-y-Ministerio-de-la-Mujer-movilizan-a-300-hombres-para-prevenir-violencia-contra-las-mujeres-10.jpeg?resize=640%2C426&quality=100&ssl=1\" class=\"attachment-full size-full\" alt=\"\" \/><\/a><br \/>\n<a href=\"https:\/\/elnuevodiario.com.do\/policia-nacional-y-ministerio-de-la-mujer-movilizan-a-300-hombres-para-prevenir-violencia-contra-las-mujeres\/policia-nacional-y-ministerio-de-la-mujer-movilizan-a-300-hombres-para-prevenir-violencia-contra-las-mujeres-7-2\/\"><img decoding=\"async\" data-recalc-dims=\"1\" loading=\"lazy\" width=\"640\" height=\"426\" src=\"https:\/\/i0.wp.com\/nuevodiario-assets.s3.us-east-2.amazonaws.com\/wp-content\/uploads\/2026\/09\/Policia-Nacional-y-Ministerio-de-la-Mujer-movilizan-a-300-hombres-para-prevenir-violencia-contra-las-mujeres-7-1.jpeg?resize=640%2C426&quality=100&ssl=1\" class=\"attachment-full size-full\" alt=\"\" \/><\/a><\/p>\n<p>La jornada fue encabezada por el subdirector general de la Polic\u00eda Nacional, general Esteban Figuereo Garc\u00eda, junto a la ministra de la Mujer, Gloria Reyes y la directora de Deamvi, generala Celeste Yanet Jim\u00e9nez Cabral.<\/p>\n<p>Durante su intervenci\u00f3n, Figuereo Garc\u00eda reafirm\u00f3 el compromiso de la instituci\u00f3n con la protecci\u00f3n de las mujeres y advirti\u00f3 que quienes incurran en actos de violencia ser\u00e1n perseguidos conforme a la ley.<\/p>\n<p>\u201cTodo hombre que cometa abuso o violencia contra una mujer ser\u00e1 declarado objetivo policial\u201d, afirm\u00f3 el subdirector general.<\/p>\n<p><a href=\"https:\/\/elnuevodiario.com.do\/policia-nacional-y-ministerio-de-la-mujer-movilizan-a-300-hombres-para-prevenir-violencia-contra-las-mujeres\/policia-nacional-y-ministerio-de-la-mujer-movilizan-a-300-hombres-para-prevenir-violencia-contra-las-mujeres-11\/\"><img decoding=\"async\" data-recalc-dims=\"1\" loading=\"lazy\" width=\"640\" height=\"426\" src=\"https:\/\/i0.wp.com\/nuevodiario-assets.s3.us-east-2.amazonaws.com\/wp-content\/uploads\/2026\/09\/Policia-Nacional-y-Ministerio-de-la-Mujer-movilizan-a-300-hombres-para-prevenir-violencia-contra-las-mujeres-11.jpeg?resize=640%2C426&quality=100&ssl=1\" class=\"attachment-full size-full\" alt=\"\" \/><\/a><br \/>\n<a href=\"https:\/\/elnuevodiario.com.do\/policia-nacional-y-ministerio-de-la-mujer-movilizan-a-300-hombres-para-prevenir-violencia-contra-las-mujeres\/policia-nacional-y-ministerio-de-la-mujer-movilizan-a-300-hombres-para-prevenir-violencia-contra-las-mujeres-12\/\"><img decoding=\"async\" data-recalc-dims=\"1\" loading=\"lazy\" width=\"640\" height=\"426\" src=\"https:\/\/i0.wp.com\/nuevodiario-assets.s3.us-east-2.amazonaws.com\/wp-content\/uploads\/2026\/09\/Policia-Nacional-y-Ministerio-de-la-Mujer-movilizan-a-300-hombres-para-prevenir-violencia-contra-las-mujeres-12.jpeg?resize=640%2C426&quality=100&ssl=1\" class=\"attachment-full size-full\" alt=\"\" \/><\/a><br \/>\n<a href=\"https:\/\/elnuevodiario.com.do\/policia-nacional-y-ministerio-de-la-mujer-movilizan-a-300-hombres-para-prevenir-violencia-contra-las-mujeres\/policia-nacional-y-ministerio-de-la-mujer-movilizan-a-300-hombres-para-prevenir-violencia-contra-las-mujeres-13\/\"><img decoding=\"async\" data-recalc-dims=\"1\" loading=\"lazy\" width=\"640\" height=\"426\" src=\"https:\/\/i0.wp.com\/nuevodiario-assets.s3.us-east-2.amazonaws.com\/wp-content\/uploads\/2026\/09\/Policia-Nacional-y-Ministerio-de-la-Mujer-movilizan-a-300-hombres-para-prevenir-violencia-contra-las-mujeres-13.jpeg?resize=640%2C426&quality=100&ssl=1\" class=\"attachment-full size-full\" alt=\"\" \/><\/a><\/p>\n<p>Asimismo, destac\u00f3 que los miembros de la Polic\u00eda Nacional tienen la responsabilidad de actuar conforme a la Constituci\u00f3n y las leyes, tanto en la persecuci\u00f3n de los agresores como en la protecci\u00f3n de las v\u00edctimas.<\/p>\n<p>La ministra Gloria Reyes valor\u00f3 la participaci\u00f3n de los agentes policiales y resalt\u00f3 que los hombres que integran la instituci\u00f3n pueden convertirse en agentes multiplicadores de una cultura de respeto e igualdad, al contribuir desde sus hogares, comunidades y espacios de trabajo a prevenir conductas violentas.<\/p>\n<p><a href=\"https:\/\/elnuevodiario.com.do\/policia-nacional-y-ministerio-de-la-mujer-movilizan-a-300-hombres-para-prevenir-violencia-contra-las-mujeres\/policia-nacional-y-ministerio-de-la-mujer-movilizan-a-300-hombres-para-prevenir-violencia-contra-las-mujeres-4\/\"><img decoding=\"async\" data-recalc-dims=\"1\" loading=\"lazy\" width=\"640\" height=\"426\" src=\"https:\/\/i0.wp.com\/nuevodiario-assets.s3.us-east-2.amazonaws.com\/wp-content\/uploads\/2026\/09\/Policia-Nacional-y-Ministerio-de-la-Mujer-movilizan-a-300-hombres-para-prevenir-violencia-contra-las-mujeres-4.jpeg?resize=640%2C426&quality=100&ssl=1\" class=\"attachment-full size-full\" alt=\"\" \/><\/a><br \/>\n<a href=\"https:\/\/elnuevodiario.com.do\/policia-nacional-y-ministerio-de-la-mujer-movilizan-a-300-hombres-para-prevenir-violencia-contra-las-mujeres\/policia-nacional-y-ministerio-de-la-mujer-movilizan-a-300-hombres-para-prevenir-violencia-contra-las-mujeres-5\/\"><img decoding=\"async\" data-recalc-dims=\"1\" loading=\"lazy\" width=\"640\" height=\"426\" src=\"https:\/\/i0.wp.com\/nuevodiario-assets.s3.us-east-2.amazonaws.com\/wp-content\/uploads\/2026\/09\/Policia-Nacional-y-Ministerio-de-la-Mujer-movilizan-a-300-hombres-para-prevenir-violencia-contra-las-mujeres-5.jpeg?resize=640%2C426&quality=100&ssl=1\" class=\"attachment-full size-full\" alt=\"\" \/><\/a><br \/>\n<a href=\"https:\/\/elnuevodiario.com.do\/policia-nacional-y-ministerio-de-la-mujer-movilizan-a-300-hombres-para-prevenir-violencia-contra-las-mujeres\/policia-nacional-y-ministerio-de-la-mujer-movilizan-a-300-hombres-para-prevenir-violencia-contra-las-mujeres-6\/\"><img decoding=\"async\" data-recalc-dims=\"1\" loading=\"lazy\" width=\"640\" height=\"426\" src=\"https:\/\/i0.wp.com\/nuevodiario-assets.s3.us-east-2.amazonaws.com\/wp-content\/uploads\/2026\/09\/Policia-Nacional-y-Ministerio-de-la-Mujer-movilizan-a-300-hombres-para-prevenir-violencia-contra-las-mujeres-6.jpeg?resize=640%2C426&quality=100&ssl=1\" class=\"attachment-full size-full\" alt=\"\" \/><\/a><\/p>\n<p>La actividad tambi\u00e9n cont\u00f3 con la presencia del inspector general de la Polic\u00eda Nacional, general Mart\u00edn Tapia S\u00e1nchez; el rector del Instituto Policial de Educaci\u00f3n Superior (IPES), general Juan Hilario Guzm\u00e1n Bad\u00eda; las viceministras Rosa Mej\u00eda, de Planificaci\u00f3n y Desarrollo y Lily Luciano, de Cultura e Igualdad, adem\u00e1s de otros oficiales generales y superiores.<\/p>\n<p>El panel fue moderado por Lily Luciano y cont\u00f3 con las intervenciones de Rosa Mej\u00eda, Ana Andrea Villa Camacho, Celeste Yanet Jim\u00e9nez Cabral y Luis Verg\u00e9s, quienes abordaron propuestas para reducir los factores de riesgo de violencia y fomentar una participaci\u00f3n masculina activa en su prevenci\u00f3n.<\/p>\n<p><a href=\"https:\/\/elnuevodiario.com.do\/policia-nacional-y-ministerio-de-la-mujer-movilizan-a-300-hombres-para-prevenir-violencia-contra-las-mujeres\/policia-nacional-y-ministerio-de-la-mujer-movilizan-a-300-hombres-para-prevenir-violencia-contra-las-mujeres-1\/\"><img decoding=\"async\" data-recalc-dims=\"1\" loading=\"lazy\" width=\"640\" height=\"426\" src=\"https:\/\/i0.wp.com\/nuevodiario-assets.s3.us-east-2.amazonaws.com\/wp-content\/uploads\/2026\/09\/Policia-Nacional-y-Ministerio-de-la-Mujer-movilizan-a-300-hombres-para-prevenir-violencia-contra-las-mujeres-1.jpeg?resize=640%2C426&quality=100&ssl=1\" class=\"attachment-full size-full\" alt=\"\" \/><\/a><br \/>\n<a href=\"https:\/\/elnuevodiario.com.do\/policia-nacional-y-ministerio-de-la-mujer-movilizan-a-300-hombres-para-prevenir-violencia-contra-las-mujeres\/policia-nacional-y-ministerio-de-la-mujer-movilizan-a-300-hombres-para-prevenir-violencia-contra-las-mujeres-2\/\"><img decoding=\"async\" data-recalc-dims=\"1\" loading=\"lazy\" width=\"640\" height=\"426\" src=\"https:\/\/i0.wp.com\/nuevodiario-assets.s3.us-east-2.amazonaws.com\/wp-content\/uploads\/2026\/09\/Policia-Nacional-y-Ministerio-de-la-Mujer-movilizan-a-300-hombres-para-prevenir-violencia-contra-las-mujeres-2.jpeg?resize=640%2C426&quality=100&ssl=1\" class=\"attachment-full size-full\" alt=\"\" \/><\/a><br \/>\n<a href=\"https:\/\/elnuevodiario.com.do\/policia-nacional-y-ministerio-de-la-mujer-movilizan-a-300-hombres-para-prevenir-violencia-contra-las-mujeres\/policia-nacional-y-ministerio-de-la-mujer-movilizan-a-300-hombres-para-prevenir-violencia-contra-las-mujeres-3\/\"><img decoding=\"async\" data-recalc-dims=\"1\" loading=\"lazy\" width=\"640\" height=\"426\" src=\"https:\/\/i0.wp.com\/nuevodiario-assets.s3.us-east-2.amazonaws.com\/wp-content\/uploads\/2026\/09\/Policia-Nacional-y-Ministerio-de-la-Mujer-movilizan-a-300-hombres-para-prevenir-violencia-contra-las-mujeres-3.jpeg?resize=640%2C426&quality=100&ssl=1\" class=\"attachment-full size-full\" alt=\"\" \/><\/a><\/p>\n<p>Con esta jornada, la Polic\u00eda Nacional y el Ministerio de la Mujer fortalecen la coordinaci\u00f3n interinstitucional y ampl\u00edan el enfoque preventivo, apostando a que los hombres sean parte activa de la transformaci\u00f3n social necesaria para construir una sociedad libre de violencia contra las mujeres.<\/p>\n<p>La entrada <a href=\"https:\/\/elnuevodiario.com.do\/policia-nacional-y-ministerio-de-la-mujer-movilizan-a-300-hombres-para-prevenir-violencia-contra-las-mujeres\/\">Polic\u00eda Nacional y Ministerio de la Mujer movilizan a 300 hombres para prevenir violencia contra las mujeres<\/a> se public\u00f3 primero en <a href=\"https:\/\/elnuevodiario.com.do\">El Nuevo Diario (Rep\u00fablica Dominicana)<\/a>.<\/p>\n","protected":false},"excerpt":{"rendered":"EL NUEVO DIARIO, SANTO DOMINGO.- La Polic\u00eda Nacional y el Ministerio de&hellip;\n","protected":false},"author":1,"featured_media":67205,"comment_status":"open","ping_status":"open","sticky":false,"template":"","format":"standard","meta":{"footnotes":""},"categories":[1],"tags":[],"class_list":["post-67204","post","type-post","status-publish","format-standard","has-post-thumbnail","category-nacionales"],"_links":{"self":[{"href":"https:\/\/acronoticias.com\/index.php\/wp-json\/wp\/v2\/posts\/67204","targetHints":{"allow":["GET"]}}],"collection":[{"href":"https:\/\/acronoticias.com\/index.php\/wp-json\/wp\/v2\/posts"}],"about":[{"href":"https:\/\/acronoticias.com\/index.php\/wp-json\/wp\/v2\/types\/post"}],"author":[{"embeddable":true,"href":"https:\/\/acronoticias.com\/index.php\/wp-json\/wp\/v2\/users\/1"}],"replies":[{"embeddable":true,"href":"https:\/\/acronoticias.com\/index.php\/wp-json\/wp\/v2\/comments?post=67204"}],"version-history":[{"count":0,"href":"https:\/\/acronoticias.com\/index.php\/wp-json\/wp\/v2\/posts\/67204\/revisions"}],"wp:featuredmedia":[{"embeddable":true,"href":"https:\/\/acronoticias.com\/index.php\/wp-json\/wp\/v2\/media\/67205"}],"wp:attachment":[{"href":"https:\/\/acronoticias.com\/index.php\/wp-json\/wp\/v2\/media?parent=67204"}],"wp:term":[{"taxonomy":"category","embeddable":true,"href":"https:\/\/acronoticias.com\/index.php\/wp-json\/wp\/v2\/categories?post=67204"},{"taxonomy":"post_tag","embeddable":true,"href":"https:\/\/acronoticias.com\/index.php\/wp-json\/wp\/v2\/tags?post=67204"}],"curies":[{"name":"wp","href":"https:\/\/api.w.org\/{rel}","templated":true}]}}