{"id":67196,"date":"2026-09-03T23:40:47","date_gmt":"2026-09-03T23:40:47","guid":{"rendered":"https:\/\/acronoticias.com\/index.php\/2026\/09\/03\/decreto-ambiental-sacude-proyecto-engavetado-en-la-camara-de-diputados\/"},"modified":"2026-09-03T23:40:47","modified_gmt":"2026-09-03T23:40:47","slug":"decreto-ambiental-sacude-proyecto-engavetado-en-la-camara-de-diputados","status":"publish","type":"post","link":"https:\/\/acronoticias.com\/index.php\/2026\/09\/03\/decreto-ambiental-sacude-proyecto-engavetado-en-la-camara-de-diputados\/","title":{"rendered":"Decreto ambiental sacude proyecto engavetado en la C\u00e1mara de Diputados"},"content":{"rendered":"<p><img loading=\"lazy\" decoding=\"async\" width=\"355\" height=\"200\" src=\"https:\/\/nuevodiario-assets.s3.us-east-2.amazonaws.com\/wp-content\/uploads\/2026\/09\/IMG_3633-355x200.webp\" class=\"webfeedsFeaturedVisual wp-post-image\" alt=\"\" style=\"display: block;margin-bottom: 5px;clear:both;max-width: 100%\" \/><\/p>\n<p>EL NUEVO DIARIO, SANTO DOMINGO.- A prop\u00f3sito de la emisi\u00f3n del decreto del Poder Ejecutivo que califica como \u00abterrorismo medioambiental\u00bb a los actos dolosos y graves contra los recursos naturales, \u00e1reas protegidas, cuencas hidrogr\u00e1ficas y bosques, en la C\u00e1mara de Diputados reposa desde hace varias legislaturas un proyecto de ley que va en la misma direcci\u00f3n.<\/p>\n<p>La iniciativa fue sometida por la diputada del partido Fuerza del Pueblo, Llaniris Espinal. El proyecto busca tipificar los da\u00f1os graves, extensos, duraderos o irreversibles al medioambiente, la biodiversidad, los ecosistemas y los recursos naturales con penas de hasta 20 a\u00f1os de prisi\u00f3n para quienes provoquen.<\/p>\n<p>La iniciativa, denominada \u201cProyecto de Ley que tipifica el Ecocidio y establece medidas para la prevenci\u00f3n y reparaci\u00f3n del da\u00f1o ambiental grave\u201d, busca establecer un r\u00e9gimen penal espec\u00edfico para enfrentar acciones que ocasionen da\u00f1os ambientales de gran magnitud y que comprometan la capacidad de recuperaci\u00f3n de los ecosistemas.<\/p>\n<p>La propuesta define el ecocidio como el da\u00f1o que afecte severamente la biodiversidad, los ecosistemas o los recursos naturales; amenace los ciclos vitales de la naturaleza; comprometa la capacidad de regeneraci\u00f3n de los ecosistemas o impida su recuperaci\u00f3n natural en un plazo razonable.<\/p>\n<p>El proyecto distingue entre da\u00f1os graves, extensos y duraderos. Estos \u00faltimos comprender\u00edan aquellos que sean irreversibles o que no puedan ser reparados mediante la regeneraci\u00f3n natural en un per\u00edodo de dos a\u00f1os.<\/p>\n<p>Uno de los aspectos m\u00e1s relevantes de la iniciativa legislativa es el que establece penas de 10 a 20 a\u00f1os de prisi\u00f3n para quienes ocasionen un da\u00f1o ambiental que re\u00fana las condiciones establecidas para configurar el delito de ecocidio.<\/p>\n<p>Adem\u00e1s de la responsabilidad penal, los culpables podr\u00edan enfrentar consecuencias civiles y ambientales por los da\u00f1os ocasionados.<\/p>\n<p>La normativa tambi\u00e9n crea el delito de \u201cpuesta en peligro\u201d, que permitir\u00eda sancionar aquellas actuaciones que aun cuando el da\u00f1o no se haya materializado hayan creado una probabilidad sustancial de producir un perjuicio grave, extenso o duradero al medio ambiente. Para estos casos se plantea una pena de cinco a 10 a\u00f1os de prisi\u00f3n.<\/p>\n<p>El proyecto contempla circunstancias agravantes que permitir\u00edan aplicar el m\u00e1ximo de las penas previstas cuando los da\u00f1os afecten \u00e1reas protegidas o comunidades.<\/p>\n<p>Entre ellas figuran que el hecho sea cometido por un funcionario p\u00fablico, ocurra dentro de \u00e1reas protegidas, reservas naturales, sitios de Patrimonio Natural o sitios RAMSAR, provoque desplazamientos de poblaci\u00f3n, muerte o lesiones graves a numerosas personas, afecte los medios de vida de comunidades o produzca da\u00f1os irreversibles.<\/p>\n<p>Tambi\u00e9n se consideraran agravantes los da\u00f1os graves a la salud humana o a la seguridad alimentaria, los ataques contra defensores del medioambiente o comunidades vulnerables y aquellos hechos cometidos deliberadamente.<\/p>\n<p>La iniciativa contempla adem\u00e1s el ecocidio culposo, de manera que los da\u00f1os provocados por imprudencia, negligencia, impericia profesional o incumplimiento de deberes tambi\u00e9n puedan generar responsabilidad penal, aplic\u00e1ndose el m\u00ednimo de la pena correspondiente.<\/p>\n<p>Espinal propone que las obras, actividades y proyectos susceptibles de provocar da\u00f1os graves al ambiente deban contar obligatoriamente con un Estudio de Evaluaci\u00f3n de Impacto Ambiental, sin posibilidad de ser eximidos de este requisito.<\/p>\n<p>Entre las actividades se\u00f1aladas se encuentran la construcci\u00f3n, desarrollo de terrenos, hidrocarburos, miner\u00eda, actividades agropecuarias y forestales e infraestructura, entre otras que puedan generar impactos ambientales significativos.<\/p>\n<p>El proyecto tambi\u00e9n fortalece la participaci\u00f3n de las comunidades, estableciendo mecanismos de informaci\u00f3n y consultas p\u00fablicas cuando una actividad pueda afectar gravemente a una poblaci\u00f3n o sus medios de vida.<\/p>\n<p>Asimismo, reconoce la posibilidad de que personas y asociaciones denuncien hechos que est\u00e9n causando o puedan causar da\u00f1os ambientales.<\/p>\n<p>Otro de los elementos centrales de la propuesta es la posibilidad de acudir ante los tribunales para solicitar que se detengan actividades, obras o proyectos cuando existan fundamentos para considerar que podr\u00edan provocar da\u00f1os ambientales graves.<\/p>\n<p>Los jueces tambi\u00e9n podr\u00edan adoptar medidas cautelares para prevenir un da\u00f1o grave e inminente o hacer cesar uno que ya se est\u00e9 produciendo.<\/p>\n<p>La legislaci\u00f3n establece, adem\u00e1s, que una sentencia deber\u00e1 determinar el da\u00f1o ambiental ocasionado, los derechos colectivos vulnerados, los responsables y las medidas necesarias para reparar, rehabilitar o restaurar los ecosistemas afectados.<\/p>\n<p>Cuando el da\u00f1o alcance bienes p\u00fablicos, privados o afecte directamente a comunidades, tambi\u00e9n podr\u00edan establecerse indemnizaciones por da\u00f1os y perjuicios.<\/p>\n<p>La propuesta establece que la responsabilidad civil, penal y ambiental podr\u00e1 recaer tanto sobre personas f\u00edsicas como jur\u00eddicas, de acuerdo con las condiciones establecidas en el proyecto y en la legislaci\u00f3n ambiental vigente.<\/p>\n<p>Tambi\u00e9n plantea fortalecer la preparaci\u00f3n de fiscales, jueces y servidores p\u00fablicos en materia de delitos ambientales, adem\u00e1s de contemplar la creaci\u00f3n de unidades especializadas para perseguir delitos contra el medio ambiente y los recursos naturales.<\/p>\n<p>La propuesta tambi\u00e9n contempla la adecuaci\u00f3n de los instrumentos regulatorios del Ministerio de Medio Ambiente y plantea que posteriormente sean revisadas las disposiciones del C\u00f3digo Penal y de la Ley 64-00 sobre delitos ambientales, a fin de garantizar coherencia entre las distintas normas.<\/p>\n<p>La entrada <a href=\"https:\/\/elnuevodiario.com.do\/decreto-ambiental-sacude-proyecto-engavetado-en-la-camara-de-diputados\/\">Decreto ambiental sacude proyecto engavetado en la C\u00e1mara de Diputados<\/a> se public\u00f3 primero en <a href=\"https:\/\/elnuevodiario.com.do\">El Nuevo Diario (Rep\u00fablica Dominicana)<\/a>.<\/p>\n","protected":false},"excerpt":{"rendered":"EL NUEVO DIARIO, SANTO DOMINGO.- A prop\u00f3sito de la emisi\u00f3n del decreto&hellip;\n","protected":false},"author":1,"featured_media":67197,"comment_status":"open","ping_status":"open","sticky":false,"template":"","format":"standard","meta":{"footnotes":""},"categories":[1],"tags":[],"class_list":["post-67196","post","type-post","status-publish","format-standard","has-post-thumbnail","category-nacionales"],"_links":{"self":[{"href":"https:\/\/acronoticias.com\/index.php\/wp-json\/wp\/v2\/posts\/67196","targetHints":{"allow":["GET"]}}],"collection":[{"href":"https:\/\/acronoticias.com\/index.php\/wp-json\/wp\/v2\/posts"}],"about":[{"href":"https:\/\/acronoticias.com\/index.php\/wp-json\/wp\/v2\/types\/post"}],"author":[{"embeddable":true,"href":"https:\/\/acronoticias.com\/index.php\/wp-json\/wp\/v2\/users\/1"}],"replies":[{"embeddable":true,"href":"https:\/\/acronoticias.com\/index.php\/wp-json\/wp\/v2\/comments?post=67196"}],"version-history":[{"count":0,"href":"https:\/\/acronoticias.com\/index.php\/wp-json\/wp\/v2\/posts\/67196\/revisions"}],"wp:featuredmedia":[{"embeddable":true,"href":"https:\/\/acronoticias.com\/index.php\/wp-json\/wp\/v2\/media\/67197"}],"wp:attachment":[{"href":"https:\/\/acronoticias.com\/index.php\/wp-json\/wp\/v2\/media?parent=67196"}],"wp:term":[{"taxonomy":"category","embeddable":true,"href":"https:\/\/acronoticias.com\/index.php\/wp-json\/wp\/v2\/categories?post=67196"},{"taxonomy":"post_tag","embeddable":true,"href":"https:\/\/acronoticias.com\/index.php\/wp-json\/wp\/v2\/tags?post=67196"}],"curies":[{"name":"wp","href":"https:\/\/api.w.org\/{rel}","templated":true}]}}