{"id":67194,"date":"2026-09-03T23:24:37","date_gmt":"2026-09-03T23:24:37","guid":{"rendered":"https:\/\/acronoticias.com\/index.php\/2026\/09\/03\/santos-badia-llama-a-empresas-a-financiar-becas-la-mejor-inversion-que-se-puede-hacer-en-rd-es-la-educacion\/"},"modified":"2026-09-03T23:24:37","modified_gmt":"2026-09-03T23:24:37","slug":"santos-badia-llama-a-empresas-a-financiar-becas-la-mejor-inversion-que-se-puede-hacer-en-rd-es-la-educacion","status":"publish","type":"post","link":"https:\/\/acronoticias.com\/index.php\/2026\/09\/03\/santos-badia-llama-a-empresas-a-financiar-becas-la-mejor-inversion-que-se-puede-hacer-en-rd-es-la-educacion\/","title":{"rendered":"Santos Bad\u00eda llama a empresas a financiar becas: \u201cLa mejor inversi\u00f3n que se puede hacer en RD es la educaci\u00f3n\u201d"},"content":{"rendered":"<p><img loading=\"lazy\" decoding=\"async\" width=\"355\" height=\"200\" src=\"https:\/\/nuevodiario-assets.s3.us-east-2.amazonaws.com\/wp-content\/uploads\/2026\/09\/WhatsApp-Image-2026-09-03-at-2.59.50-PM-1-355x200.jpeg\" class=\"webfeedsFeaturedVisual wp-post-image\" alt=\"\" style=\"display: block;margin-bottom: 5px;clear:both;max-width: 100%\" \/><\/p>\n<p>EL NUEVO DIARIO, SANTO DOMINGO. \u2013 El ministro de Educaci\u00f3n Superior, Ciencia y Tecnolog\u00eda (MESCyT), Rafael Santos Bad\u00eda, llam\u00f3 al sector empresarial dominicano a incrementar su inversi\u00f3n en la formaci\u00f3n de capital humano mediante el financiamiento de becas, programas de investigaci\u00f3n e iniciativas de innovaci\u00f3n, al considerar que una educaci\u00f3n de mayor calidad constituye una de las principales v\u00edas para impulsar el desarrollo econ\u00f3mico y social de la Rep\u00fablica Dominicana.<\/p>\n<p>El funcionario formul\u00f3 el llamado al valorar el aporte de Humano Seguros, empresa que otorg\u00f3 20 becas a estudiantes de excelencia para cursar carreras vinculadas con \u00e1reas de alta demanda y proyecci\u00f3n de futuro en cinco universidades: INTEC, UNAPEC, PUCMM, UNIBE y UNPHU, instituciones integrantes de la Red Universitaria por el Avance de la Educaci\u00f3n Dominicana (RUNED).<\/p>\n<p>Santos Bad\u00eda sostuvo que una mayor participaci\u00f3n del sector privado puede contribuir significativamente a ampliar las oportunidades de acceso a la educaci\u00f3n superior y, al mismo tiempo, fortalecer la preparaci\u00f3n de profesionales capaces de responder a las nuevas demandas del mercado laboral, productivo y tecnol\u00f3gico.<\/p>\n<p>\u201cLa mejor inversi\u00f3n que se puede hacer en un pa\u00eds es la educaci\u00f3n. La inversi\u00f3n en educaci\u00f3n es la que m\u00e1s devuelve, la que m\u00e1s multiplica sus frutos y la que da oportunidades a todos los sectores sociales para subir de nivel socioecon\u00f3mico\u201d, afirm\u00f3.<\/p>\n<p>El titular del MESCyT enfatiz\u00f3 que la educaci\u00f3n no debe ser concebida como un gasto, sino como una inversi\u00f3n estrat\u00e9gica de largo plazo, cuyos beneficios se traducen en una poblaci\u00f3n mejor preparada, mayores oportunidades de movilidad social y una econom\u00eda con profesionales capaces de generar conocimiento, innovaci\u00f3n y productividad.<\/p>\n<h3 id=\"santos-badia-llama-a-multiplicar-las-becas-desde-el-sector-privado\">Santos Bad\u00eda llama a multiplicar las becas desde el sector privado<\/h3>\n<p>Al referirse a las 20 becas otorgadas por Humano Seguros, Santos Bad\u00eda destac\u00f3 el impacto que tendr\u00eda una participaci\u00f3n m\u00e1s amplia del empresariado en la formaci\u00f3n de los j\u00f3venes y plante\u00f3 como ejemplo la posibilidad de que miles de compa\u00f1\u00edas se sumen a este tipo de iniciativas.<\/p>\n<p>\u201cImag\u00ednese usted que 2,000 empresas entreguen 20 becas. Ser\u00eda un paquete importante que pr\u00e1cticamente se igualar\u00eda con lo que entrega el Gobierno\u201d, expres\u00f3.<\/p>\n<p>El ministro destac\u00f3 que la iniciativa de Humano Seguros constituye un ejemplo de c\u00f3mo el sector privado puede complementar los esfuerzos del Estado para ampliar las oportunidades educativas y contribuir a la formaci\u00f3n de profesionales de excelencia.<\/p>\n<p>Santos Bad\u00eda tambi\u00e9n felicit\u00f3 a Humano Seguros y a la familia Cruz por su respaldo a los j\u00f3venes beneficiarios, y manifest\u00f3 su esperanza de que estos estudiantes puedan continuar posteriormente su formaci\u00f3n mediante estudios de maestr\u00eda y doctorado.<\/p>\n<h3 id=\"educacion-investigacion-e-innovacion-para-elevar-la-calidad\">Educaci\u00f3n, investigaci\u00f3n e innovaci\u00f3n para elevar la calidad<\/h3>\n<p>El ministro insisti\u00f3 en que elevar la calidad de la educaci\u00f3n superior requiere una visi\u00f3n compartida entre el Gobierno, las universidades y el sector empresarial, especialmente ante los acelerados cambios tecnol\u00f3gicos que est\u00e1n transformando el mercado laboral.<\/p>\n<p>En ese contexto, explic\u00f3 que las empresas tienen un papel fundamental en el fortalecimiento de las capacidades de las universidades, particularmente mediante el apoyo a programas de investigaci\u00f3n, laboratorios, talleres y procesos de actualizaci\u00f3n tecnol\u00f3gica.<\/p>\n<p>Como ejemplo, cit\u00f3 el desarrollo de los veh\u00edculos el\u00e9ctricos y la necesidad de contar con profesionales especializados capaces de responder a las nuevas demandas que genera este sector.<\/p>\n<p>\u201cEs muy dif\u00edcil que la gente compre un veh\u00edculo el\u00e9ctrico si no sabe que hay mecatr\u00f3nicos formados en las universidades y si no est\u00e1n los recursos para poder darle el servicio cuando lo necesiten\u201d, explic\u00f3.<\/p>\n<p>Santos Bad\u00eda sostuvo que las universidades deben ser espacios no solo para la docencia, sino tambi\u00e9n para la investigaci\u00f3n, la innovaci\u00f3n y el desarrollo tecnol\u00f3gico, \u00e1reas que requieren mayores niveles de articulaci\u00f3n entre la academia y el sector productivo.<\/p>\n<p>En ese sentido, reiter\u00f3 que una mayor inversi\u00f3n empresarial en educaci\u00f3n superior puede contribuir a elevar la calidad de la formaci\u00f3n profesional, fortalecer la capacidad cient\u00edfica y tecnol\u00f3gica del pa\u00eds y generar el talento humano que demanda el desarrollo econ\u00f3mico de la Rep\u00fablica Dominicana.<\/p>\n<p>La entrada <a href=\"https:\/\/elnuevodiario.com.do\/santos-badia-llama-a-empresas-a-financiar-becas-la-mejor-inversion-que-se-puede-hacer-en-rd-es-la-educacion\/\">Santos Bad\u00eda llama a empresas a financiar becas: \u201cLa mejor inversi\u00f3n que se puede hacer en RD es la educaci\u00f3n\u201d<\/a> se public\u00f3 primero en <a href=\"https:\/\/elnuevodiario.com.do\">El Nuevo Diario (Rep\u00fablica Dominicana)<\/a>.<\/p>\n","protected":false},"excerpt":{"rendered":"EL NUEVO DIARIO, SANTO DOMINGO. \u2013 El ministro de Educaci\u00f3n Superior, Ciencia&hellip;\n","protected":false},"author":1,"featured_media":67195,"comment_status":"open","ping_status":"open","sticky":false,"template":"","format":"standard","meta":{"footnotes":""},"categories":[1],"tags":[],"class_list":["post-67194","post","type-post","status-publish","format-standard","has-post-thumbnail","category-nacionales"],"_links":{"self":[{"href":"https:\/\/acronoticias.com\/index.php\/wp-json\/wp\/v2\/posts\/67194","targetHints":{"allow":["GET"]}}],"collection":[{"href":"https:\/\/acronoticias.com\/index.php\/wp-json\/wp\/v2\/posts"}],"about":[{"href":"https:\/\/acronoticias.com\/index.php\/wp-json\/wp\/v2\/types\/post"}],"author":[{"embeddable":true,"href":"https:\/\/acronoticias.com\/index.php\/wp-json\/wp\/v2\/users\/1"}],"replies":[{"embeddable":true,"href":"https:\/\/acronoticias.com\/index.php\/wp-json\/wp\/v2\/comments?post=67194"}],"version-history":[{"count":0,"href":"https:\/\/acronoticias.com\/index.php\/wp-json\/wp\/v2\/posts\/67194\/revisions"}],"wp:featuredmedia":[{"embeddable":true,"href":"https:\/\/acronoticias.com\/index.php\/wp-json\/wp\/v2\/media\/67195"}],"wp:attachment":[{"href":"https:\/\/acronoticias.com\/index.php\/wp-json\/wp\/v2\/media?parent=67194"}],"wp:term":[{"taxonomy":"category","embeddable":true,"href":"https:\/\/acronoticias.com\/index.php\/wp-json\/wp\/v2\/categories?post=67194"},{"taxonomy":"post_tag","embeddable":true,"href":"https:\/\/acronoticias.com\/index.php\/wp-json\/wp\/v2\/tags?post=67194"}],"curies":[{"name":"wp","href":"https:\/\/api.w.org\/{rel}","templated":true}]}}