{"id":67189,"date":"2026-09-03T23:08:35","date_gmt":"2026-09-03T23:08:35","guid":{"rendered":"https:\/\/acronoticias.com\/index.php\/2026\/09\/03\/videos-habitantes-de-residencial-en-bella-vista-denuncian-mas-de-48-horas-sin-luz\/"},"modified":"2026-09-03T23:08:35","modified_gmt":"2026-09-03T23:08:35","slug":"videos-habitantes-de-residencial-en-bella-vista-denuncian-mas-de-48-horas-sin-luz","status":"publish","type":"post","link":"https:\/\/acronoticias.com\/index.php\/2026\/09\/03\/videos-habitantes-de-residencial-en-bella-vista-denuncian-mas-de-48-horas-sin-luz\/","title":{"rendered":"(VIDEOS) Habitantes de residencial en Bella Vista denuncian m\u00e1s de 48 horas sin luz"},"content":{"rendered":"<p><img decoding=\"async\" width=\"355\" height=\"200\" src=\"https:\/\/nuevodiario-assets.s3.us-east-2.amazonaws.com\/wp-content\/uploads\/2026\/09\/Residentes-de-residencial-en-Bella-Vista-denuncian-mas-de-48-horas-sin-luz.jpg-355x200.jpeg\" class=\"webfeedsFeaturedVisual wp-post-image\" alt=\"\" style=\"display: block;margin-bottom: 5px;clear:both;max-width: 100%\" loading=\"lazy\" \/><\/p>\n<p class=\"isSelectedEnd\">EL NUEVO DIARIO, SANTO DOMINGO.<strong>\u2013<\/strong> Vecinos del residencial Di Massimo 2, ubicado en Bella Vista, en el Distrito Nacional denunciaron este jueves que llevan m\u00e1s de 48 horas sin energ\u00eda el\u00e9ctrica debido a una aver\u00eda en el transformador que abastece el edificio, luego de que el equipo se incendiara hace aproximadamente dos semanas.<\/p>\n<p class=\"isSelectedEnd\">Los moradores explicaron que el transformador fue sustituido despu\u00e9s del incendio, pero volvi\u00f3 a presentar problemas y actualmente muestra una fuga de aceite, situaci\u00f3n que seg\u00fan afirmaron ha dejado sin servicio el\u00e9ctrico a unas 12 familias.<\/p>\n<p class=\"isSelectedEnd\">\u201cCogi\u00f3 fuego hace dos semanas. Lo cambiaron y se volvi\u00f3 a da\u00f1ar. No tenemos luz desde hace 48 horas\u201d, expres\u00f3 uno de los residentes mientras mostraba las condiciones en que se encuentra el equipo.<\/p>\n<p class=\"isSelectedEnd\">Los afectados se\u00f1alaron que han comunicado la situaci\u00f3n a unidades de Edesur Dominicana, pero aseguran que han recibido distintas respuestas sobre el estado de la aver\u00eda.<\/p>\n<p class=\"isSelectedEnd\">\u201cPrimero dicen que no hab\u00eda reporte, despu\u00e9s que s\u00ed hab\u00eda reporte y ahora que no hay transformador\u201d, relat\u00f3 el residente, quien cuestion\u00f3 la respuesta de la empresa ante la interrupci\u00f3n del servicio.<\/p>\n<p class=\"isSelectedEnd\">Manifestaron preocupaci\u00f3n por el tiempo que llevan sin electricidad y reclamaron una soluci\u00f3n a la aver\u00eda, debido a que necesitan el servicio para realizar sus actividades cotidianas y laborales.<\/p>\n<p class=\"isSelectedEnd\">\u201c\u00bfQu\u00e9 hacemos los que pagamos la luz? Los que tenemos que trabajar d\u00eda por d\u00eda para recibir un servicio\u201d, cuestion\u00f3.<\/p>\n<p class=\"isSelectedEnd\">El residencial est\u00e1 ubicado en la calle Recodo n\u00famero 60B, en Bella Vista. Los residentes pidieron a Edesur atender la situaci\u00f3n y restablecer el suministro el\u00e9ctrico.<\/p>\n<p>Hasta el momento, los moradores aseguran que permanecen a la espera de una respuesta y de la reparaci\u00f3n o sustituci\u00f3n del transformador que abastece al edificio.<\/p>\n<p><a href=\"https:\/\/nuevodiario-assets.s3.us-east-2.amazonaws.com\/wp-content\/uploads\/2026\/09\/Residentes-de-residencial-en-Bella-Vista-denuncian-mas-de-48-horas-sin-luz-1.mp4\">Residentes de residencial en Bella Vista denuncian m\u00e1s de 48 horas sin luz (1)<\/a><br \/>\n<a href=\"https:\/\/nuevodiario-assets.s3.us-east-2.amazonaws.com\/wp-content\/uploads\/2026\/09\/Residentes-de-residencial-en-Bella-Vista-denuncian-mas-de-48-horas-sin-luz-2.mp4\">Residentes de residencial en Bella Vista denuncian m\u00e1s de 48 horas sin luz (2)<\/a><br \/>\n<a href=\"https:\/\/nuevodiario-assets.s3.us-east-2.amazonaws.com\/wp-content\/uploads\/2026\/09\/Residentes-de-residencial-en-Bella-Vista-denuncian-mas-de-48-horas-sin-luz-3.mp4\">Residentes de residencial en Bella Vista denuncian m\u00e1s de 48 horas sin luz (3)<\/a><\/p>\n<p>La entrada <a href=\"https:\/\/elnuevodiario.com.do\/videos-habitantes-de-residencial-en-bella-vista-denuncian-mas-de-48-horas-sin-luz\/\">(VIDEOS) Habitantes de residencial en Bella Vista denuncian m\u00e1s de 48 horas sin luz<\/a> se public\u00f3 primero en <a href=\"https:\/\/elnuevodiario.com.do\">El Nuevo Diario (Rep\u00fablica Dominicana)<\/a>.<\/p>\n","protected":false},"excerpt":{"rendered":"EL NUEVO DIARIO, SANTO DOMINGO.\u2013 Vecinos del residencial Di Massimo 2, ubicado&hellip;\n","protected":false},"author":1,"featured_media":67186,"comment_status":"open","ping_status":"open","sticky":false,"template":"","format":"standard","meta":{"footnotes":""},"categories":[1],"tags":[],"class_list":["post-67189","post","type-post","status-publish","format-standard","has-post-thumbnail","category-nacionales"],"_links":{"self":[{"href":"https:\/\/acronoticias.com\/index.php\/wp-json\/wp\/v2\/posts\/67189","targetHints":{"allow":["GET"]}}],"collection":[{"href":"https:\/\/acronoticias.com\/index.php\/wp-json\/wp\/v2\/posts"}],"about":[{"href":"https:\/\/acronoticias.com\/index.php\/wp-json\/wp\/v2\/types\/post"}],"author":[{"embeddable":true,"href":"https:\/\/acronoticias.com\/index.php\/wp-json\/wp\/v2\/users\/1"}],"replies":[{"embeddable":true,"href":"https:\/\/acronoticias.com\/index.php\/wp-json\/wp\/v2\/comments?post=67189"}],"version-history":[{"count":0,"href":"https:\/\/acronoticias.com\/index.php\/wp-json\/wp\/v2\/posts\/67189\/revisions"}],"wp:featuredmedia":[{"embeddable":true,"href":"https:\/\/acronoticias.com\/index.php\/wp-json\/wp\/v2\/media\/67186"}],"wp:attachment":[{"href":"https:\/\/acronoticias.com\/index.php\/wp-json\/wp\/v2\/media?parent=67189"}],"wp:term":[{"taxonomy":"category","embeddable":true,"href":"https:\/\/acronoticias.com\/index.php\/wp-json\/wp\/v2\/categories?post=67189"},{"taxonomy":"post_tag","embeddable":true,"href":"https:\/\/acronoticias.com\/index.php\/wp-json\/wp\/v2\/tags?post=67189"}],"curies":[{"name":"wp","href":"https:\/\/api.w.org\/{rel}","templated":true}]}}