{"id":67187,"date":"2026-09-03T22:52:33","date_gmt":"2026-09-03T22:52:33","guid":{"rendered":"https:\/\/acronoticias.com\/index.php\/2026\/09\/03\/ligia-bonetti-propone-mas-formacion-practica-para-preparar-el-talento-que-necesita-el-pais\/"},"modified":"2026-09-03T22:52:33","modified_gmt":"2026-09-03T22:52:33","slug":"ligia-bonetti-propone-mas-formacion-practica-para-preparar-el-talento-que-necesita-el-pais","status":"publish","type":"post","link":"https:\/\/acronoticias.com\/index.php\/2026\/09\/03\/ligia-bonetti-propone-mas-formacion-practica-para-preparar-el-talento-que-necesita-el-pais\/","title":{"rendered":"Ligia Bonetti propone m\u00e1s formaci\u00f3n pr\u00e1ctica para preparar el talento que necesita el pa\u00eds"},"content":{"rendered":"<p><img decoding=\"async\" width=\"355\" height=\"200\" src=\"https:\/\/nuevodiario-assets.s3.us-east-2.amazonaws.com\/wp-content\/uploads\/2026\/09\/Panel-JAD-Ligia-Bonetti-355x200.jpeg\" class=\"webfeedsFeaturedVisual wp-post-image\" alt=\"\" style=\"display: block;margin-bottom: 5px;clear:both;max-width: 100%\" loading=\"lazy\" \/><\/p>\n<p>EL NUEVO DIARIO, PUNTA CANA. \u2013 La capacidad de la Rep\u00fablica Dominicana para sostener su transformaci\u00f3n productiva y elevar su competitividad depender\u00e1, en buena medida, de las personas que sea capaz de formar. Pero el desaf\u00edo, advirti\u00f3 Ligia Bonetti, presidenta ejecutiva de Grupo SID, va m\u00e1s all\u00e1 de preparar t\u00e9cnicos con conocimientos espec\u00edficos: exige desarrollar profesionales con capacidad de aprender continuamente, criterio para tomar decisiones y disposici\u00f3n para actuar.<\/p>\n<p>Bonetti particip\u00f3 en el panel \u201cLa Agroindustria y el Comercio en el Desarrollo Nacional: \u00bfCu\u00e1les son las Competencias Clave del Profesional T\u00e9cnico y Gerencial que Necesitamos?\u201d, junto a Mercedes Ramos, presidenta del Consejo de Grupo Ramos, en el marco del XXVIII Encuentro de L\u00edderes del Sector Agropecuario.<\/p>\n<p>Durante su intervenci\u00f3n, abord\u00f3 uno de los principales desaf\u00edos del sector productivo: la creciente distancia entre la velocidad a la que cambian las empresas y la capacidad de formaci\u00f3n y adaptaci\u00f3n del talento que necesitan.<\/p>\n<p>Para Bonetti, las organizaciones ya no pueden concentrarse \u00fanicamente en lo que una persona sabe en un momento determinado. El conocimiento t\u00e9cnico, se\u00f1al\u00f3, tiene una vida \u00fatil cada vez m\u00e1s corta frente a la velocidad de los cambios.<\/p>\n<p><img loading=\"lazy\" decoding=\"async\" data-recalc-dims=\"1\" class=\"alignnone size-full wp-image-3264374\" src=\"https:\/\/i0.wp.com\/nuevodiario-assets.s3.us-east-2.amazonaws.com\/wp-content\/uploads\/2026\/09\/Ligia-Bonetti-Osmar-Benitez-y-Mercedes-Ramos.jpeg?resize=640%2C404&quality=100&ssl=1\" alt=\"\" width=\"640\" height=\"404\" \/>\u201cCada vez me interesa menos contratar solamente conocimiento. Me interesa contratar capacidad de aprender, criterio para decidir y voluntad para actuar\u201d, afirm\u00f3.<\/p>\n<p>La presidenta ejecutiva de Grupo SID destac\u00f3, adem\u00e1s, que algunas de las brechas m\u00e1s importantes que enfrenta el sector productivo no son exclusivamente t\u00e9cnicas. La concentraci\u00f3n, la atenci\u00f3n al detalle, la capacidad para establecer prioridades, la disciplina y la consistencia se han convertido en factores determinantes para el desempe\u00f1o de las operaciones.<\/p>\n<p>\u201cTenemos que recuperar el valor de hacer bien las cosas peque\u00f1as\u201d, se\u00f1al\u00f3 al referirse a la importancia de estas capacidades en sectores como la agroindustria, la manufactura y las operaciones.<\/p>\n<p>Bonetti sostuvo tambi\u00e9n que persiste una distancia importante entre la teor\u00eda y la pr\u00e1ctica. Por esta raz\u00f3n, destac\u00f3 la necesidad de ampliar los modelos de formaci\u00f3n dual, las pr\u00e1cticas profesionales y las experiencias que permitan una exposici\u00f3n temprana a la realidad del mundo laboral.<\/p>\n<p><img loading=\"lazy\" decoding=\"async\" data-recalc-dims=\"1\" class=\"alignnone size-full wp-image-3264375\" src=\"https:\/\/i0.wp.com\/nuevodiario-assets.s3.us-east-2.amazonaws.com\/wp-content\/uploads\/2026\/09\/Panel-JAD.jpeg?resize=640%2C427&quality=100&ssl=1\" alt=\"\" width=\"640\" height=\"427\" \/><\/p>\n<p>\u201cEl gran desaf\u00edo no es solamente formar m\u00e1s personas, sino formar las personas que el aparato productivo realmente necesita. Academia y empresa no pueden trabajar a velocidades diferentes\u201d, afirm\u00f3.<\/p>\n<p>En Grupo SID, esta visi\u00f3n se traduce en una inversi\u00f3n sostenida en el desarrollo de sus colaboradores. Solo en 2025, la organizaci\u00f3n imparti\u00f3 m\u00e1s de 98 mil horas de capacitaci\u00f3n en \u00e1reas que abarcan liderazgo, inteligencia artificial, sostenibilidad y conocimiento del negocio. En los \u00faltimos cinco a\u00f1os, la inversi\u00f3n en formaci\u00f3n y desarrollo ha superado los RD$395 millones.<\/p>\n<p>Bonetti subray\u00f3 que la capacitaci\u00f3n debe ser entendida como una inversi\u00f3n y no como un gasto, particularmente en un entorno donde las empresas no pueden controlar todos los cambios que impactan sus operaciones, pero s\u00ed pueden decidir c\u00f3mo preparar a sus equipos para enfrentarlos.<\/p>\n<p>\u201cNo necesitamos que todos sepan de todo; necesitamos que cada uno entienda c\u00f3mo lo que hace impacta el todo\u201d, expres\u00f3.<\/p>\n<p>Desde su perspectiva, comprender la relaci\u00f3n entre el campo, la industria, la operaci\u00f3n, los costos y el consumidor es fundamental para tomar mejores decisiones y elevar la productividad.<\/p>\n<p>Bonetti llam\u00f3 a fortalecer la colaboraci\u00f3n entre las empresas, la academia y el Estado para anticipar las competencias que demandar\u00e1 el mercado laboral y acercar la formaci\u00f3n a la realidad del trabajo.<\/p>\n<p>La entrada <a href=\"https:\/\/elnuevodiario.com.do\/ligia-bonetti-propone-mas-formacion-practica-para-preparar-el-talento-que-necesita-el-pais\/\">Ligia Bonetti propone m\u00e1s formaci\u00f3n pr\u00e1ctica para preparar el talento que necesita el pa\u00eds<\/a> se public\u00f3 primero en <a href=\"https:\/\/elnuevodiario.com.do\">El Nuevo Diario (Rep\u00fablica Dominicana)<\/a>.<\/p>\n","protected":false},"excerpt":{"rendered":"EL NUEVO DIARIO, PUNTA CANA. \u2013 La capacidad de la Rep\u00fablica Dominicana&hellip;\n","protected":false},"author":1,"featured_media":67188,"comment_status":"open","ping_status":"open","sticky":false,"template":"","format":"standard","meta":{"footnotes":""},"categories":[1],"tags":[],"class_list":["post-67187","post","type-post","status-publish","format-standard","has-post-thumbnail","category-nacionales"],"_links":{"self":[{"href":"https:\/\/acronoticias.com\/index.php\/wp-json\/wp\/v2\/posts\/67187","targetHints":{"allow":["GET"]}}],"collection":[{"href":"https:\/\/acronoticias.com\/index.php\/wp-json\/wp\/v2\/posts"}],"about":[{"href":"https:\/\/acronoticias.com\/index.php\/wp-json\/wp\/v2\/types\/post"}],"author":[{"embeddable":true,"href":"https:\/\/acronoticias.com\/index.php\/wp-json\/wp\/v2\/users\/1"}],"replies":[{"embeddable":true,"href":"https:\/\/acronoticias.com\/index.php\/wp-json\/wp\/v2\/comments?post=67187"}],"version-history":[{"count":0,"href":"https:\/\/acronoticias.com\/index.php\/wp-json\/wp\/v2\/posts\/67187\/revisions"}],"wp:featuredmedia":[{"embeddable":true,"href":"https:\/\/acronoticias.com\/index.php\/wp-json\/wp\/v2\/media\/67188"}],"wp:attachment":[{"href":"https:\/\/acronoticias.com\/index.php\/wp-json\/wp\/v2\/media?parent=67187"}],"wp:term":[{"taxonomy":"category","embeddable":true,"href":"https:\/\/acronoticias.com\/index.php\/wp-json\/wp\/v2\/categories?post=67187"},{"taxonomy":"post_tag","embeddable":true,"href":"https:\/\/acronoticias.com\/index.php\/wp-json\/wp\/v2\/tags?post=67187"}],"curies":[{"name":"wp","href":"https:\/\/api.w.org\/{rel}","templated":true}]}}