{"id":67175,"date":"2026-09-03T21:46:46","date_gmt":"2026-09-03T21:46:46","guid":{"rendered":"https:\/\/acronoticias.com\/index.php\/2026\/09\/03\/inaugura-en-santiago-aula-de-psicomotricidad-numero-12-en-el-pais\/"},"modified":"2026-09-03T21:46:46","modified_gmt":"2026-09-03T21:46:46","slug":"inaugura-en-santiago-aula-de-psicomotricidad-numero-12-en-el-pais","status":"publish","type":"post","link":"https:\/\/acronoticias.com\/index.php\/2026\/09\/03\/inaugura-en-santiago-aula-de-psicomotricidad-numero-12-en-el-pais\/","title":{"rendered":"Inaugura en Santiago aula de psicomotricidad n\u00famero 12 en el pa\u00eds"},"content":{"rendered":"<p><img decoding=\"async\" width=\"355\" height=\"200\" src=\"https:\/\/nuevodiario-assets.s3.us-east-2.amazonaws.com\/wp-content\/uploads\/2026\/09\/Inaugura-en-Santiago-aula-de-psicomotricidad-numero-12-en-el-pais-355x200.jpg\" class=\"webfeedsFeaturedVisual wp-post-image\" alt=\"\" style=\"display: block;margin-bottom: 5px;clear:both;max-width: 100%\" loading=\"lazy\" \/><\/p>\n<p>EL NUEVO DIARIO, SANTIAGO DE LOS CABALLEROS.\u2014 El Instituto Nacional de Educaci\u00f3n F\u00edsica (Inefi) inaugur\u00f3 el aula de motricidad n\u00famero 12 en el Instituto Polit\u00e9cnico Nuestra Se\u00f1ora de las Mercedes, ubicado en la Circunscripci\u00f3n 1 del municipio de Santiago de los Caballeros.<\/p>\n<p>El acto estuvo encabezado por el director ejecutivo del Inefi, Alberto Rodr\u00edguez Mella, quien destac\u00f3 que las aulas de motricidad est\u00e1n destinadas a ni\u00f1os de entre 3 y 6 a\u00f1os de edad y disponen de equipamientos y recursos dise\u00f1ados para favorecer el desarrollo de habilidades relacionadas con la movilidad, el equilibrio, la coordinaci\u00f3n y la percepci\u00f3n corporal.<\/p>\n<p>Rodr\u00edguez Mella estuvo acompa\u00f1ado por la gobernadora de la \u201cCiudad Coraz\u00f3n\u201d, Rosa Santos, quien resalt\u00f3 la importancia de impulsar iniciativas que contribuyan al bienestar y desarrollo de los estudiantes desde sus primeros a\u00f1os de formaci\u00f3n. Santos estuvo acompa\u00f1ada por varias autoridades educativas, representantes de la comunidad escolar e invitados especiales.<\/p>\n<figure id=\"attachment_3264301\" aria-describedby=\"caption-attachment-3264301\" style=\"width: 400px\" class=\"wp-caption alignnone\"><img loading=\"lazy\" decoding=\"async\" data-recalc-dims=\"1\" class=\"size-medium wp-image-3264301\" src=\"https:\/\/i0.wp.com\/nuevodiario-assets.s3.us-east-2.amazonaws.com\/wp-content\/uploads\/2026\/09\/Inaugura-en-Santiago-aula-de-psicomotricidad-numero-12-en-el-pais-3-400x225.jpg?resize=400%2C225&quality=100&ssl=1\" alt=\"\" width=\"400\" height=\"225\" \/><figcaption id=\"caption-attachment-3264301\" class=\"wp-caption-text\">Foto: Fuente externa<\/figcaption><\/figure>\n<p>Durante la actividad, las palabras de exhortaci\u00f3n estuvieron a cargo de la directora de los Niveles Inicial y Primario, Dulce Mar\u00eda Collado Dur\u00e1n, quien destac\u00f3 la importancia de contar con espacios adecuados para estimular las capacidades f\u00edsicas, cognitivas y motrices de los ni\u00f1os en la etapa inicial.<\/p>\n<p>Las palabras t\u00e9cnicas fueron ofrecidas por el profesor Jacobo Moquete Guzm\u00e1n, encargado de Proyectos Pedag\u00f3gicos del Nivel Inicial del Inefi e impulsor de las salas de motricidad, quien explic\u00f3 la importancia de estos espacios para el desarrollo de competencias fundamentales durante los primeros a\u00f1os de escolaridad.<\/p>\n<p>En tanto, las palabras centrales estuvieron a cargo del director ejecutivo del Inefi, Alberto Rodr\u00edguez, quien destac\u00f3 el compromiso de la instituci\u00f3n con la creaci\u00f3n de espacios y programas que promuevan una educaci\u00f3n f\u00edsica y un deporte escolar de calidad.<\/p>\n<p style=\"text-align: left\">\u201cEstas aulas aseguran que los ni\u00f1os del nivel inicial tengan acceso a ambientes especializados que les permitan fortalecer, mediante actividades f\u00edsicas y pedag\u00f3gicas, destrezas esenciales para su crecimiento, aprendizaje y desarrollo integral\u201d, afirm\u00f3.<\/p>\n<figure id=\"attachment_3264304\" aria-describedby=\"caption-attachment-3264304\" style=\"width: 400px\" class=\"wp-caption alignnone\"><img loading=\"lazy\" decoding=\"async\" data-recalc-dims=\"1\" class=\"size-medium wp-image-3264304\" src=\"https:\/\/i0.wp.com\/nuevodiario-assets.s3.us-east-2.amazonaws.com\/wp-content\/uploads\/2026\/09\/Inaugura-en-Santiago-aula-de-psicomotricidad-numero-12-en-el-pais-2-400x225.jpg?resize=400%2C225&quality=100&ssl=1\" alt=\"\" width=\"400\" height=\"225\" \/><figcaption id=\"caption-attachment-3264304\" class=\"wp-caption-text\">Foto: Fuente externa<\/figcaption><\/figure>\n<p>Supervisi\u00f3n de obra<\/p>\n<p>Posteriormente, el director ejecutivo del Inefi, Alberto Rodr\u00edguez, se traslad\u00f3 al Liceo Escuela Santo Hermano Miguel de La Salle, tambi\u00e9n en Santiago, donde el Inefi construye un techado destinado a fortalecer las condiciones para la pr\u00e1ctica de actividades f\u00edsicas y deportivas de los estudiantes.<\/p>\n<p>Durante el recorrido, Rodr\u00edguez supervis\u00f3 los avances de la obra y reafirm\u00f3 el compromiso del Inefi de continuar desarrollando infraestructuras deportivas y educativas que contribuyan al bienestar y la formaci\u00f3n integral de la comunidad estudiantil de Santiago de los Caballeros.<\/p>\n<figure id=\"attachment_3264303\" aria-describedby=\"caption-attachment-3264303\" style=\"width: 400px\" class=\"wp-caption alignnone\"><img decoding=\"async\" data-recalc-dims=\"1\" loading=\"lazy\" class=\"size-medium wp-image-3264303\" src=\"https:\/\/i0.wp.com\/nuevodiario-assets.s3.us-east-2.amazonaws.com\/wp-content\/uploads\/2026\/09\/Inaugura-en-Santiago-aula-de-psicomotricidad-numero-12-en-el-pais-4-400x225.jpg?resize=400%2C225&quality=100&ssl=1\" alt=\"\" width=\"400\" height=\"225\" \/><figcaption id=\"caption-attachment-3264303\" class=\"wp-caption-text\">Foto: Fuente externa<\/figcaption><\/figure>\n<p>\u00a0<\/p>\n<p>La entrada <a href=\"https:\/\/elnuevodiario.com.do\/inaugura-en-santiago-aula-de-psicomotricidad-numero-12-en-el-pais\/\">Inaugura en Santiago aula de psicomotricidad n\u00famero 12 en el pa\u00eds<\/a> se public\u00f3 primero en <a href=\"https:\/\/elnuevodiario.com.do\">El Nuevo Diario (Rep\u00fablica Dominicana)<\/a>.<\/p>\n","protected":false},"excerpt":{"rendered":"EL NUEVO DIARIO, SANTIAGO DE LOS CABALLEROS.\u2014 El Instituto Nacional de Educaci\u00f3n&hellip;\n","protected":false},"author":1,"featured_media":67176,"comment_status":"open","ping_status":"open","sticky":false,"template":"","format":"standard","meta":{"footnotes":""},"categories":[1],"tags":[],"class_list":["post-67175","post","type-post","status-publish","format-standard","has-post-thumbnail","category-nacionales"],"_links":{"self":[{"href":"https:\/\/acronoticias.com\/index.php\/wp-json\/wp\/v2\/posts\/67175","targetHints":{"allow":["GET"]}}],"collection":[{"href":"https:\/\/acronoticias.com\/index.php\/wp-json\/wp\/v2\/posts"}],"about":[{"href":"https:\/\/acronoticias.com\/index.php\/wp-json\/wp\/v2\/types\/post"}],"author":[{"embeddable":true,"href":"https:\/\/acronoticias.com\/index.php\/wp-json\/wp\/v2\/users\/1"}],"replies":[{"embeddable":true,"href":"https:\/\/acronoticias.com\/index.php\/wp-json\/wp\/v2\/comments?post=67175"}],"version-history":[{"count":0,"href":"https:\/\/acronoticias.com\/index.php\/wp-json\/wp\/v2\/posts\/67175\/revisions"}],"wp:featuredmedia":[{"embeddable":true,"href":"https:\/\/acronoticias.com\/index.php\/wp-json\/wp\/v2\/media\/67176"}],"wp:attachment":[{"href":"https:\/\/acronoticias.com\/index.php\/wp-json\/wp\/v2\/media?parent=67175"}],"wp:term":[{"taxonomy":"category","embeddable":true,"href":"https:\/\/acronoticias.com\/index.php\/wp-json\/wp\/v2\/categories?post=67175"},{"taxonomy":"post_tag","embeddable":true,"href":"https:\/\/acronoticias.com\/index.php\/wp-json\/wp\/v2\/tags?post=67175"}],"curies":[{"name":"wp","href":"https:\/\/api.w.org\/{rel}","templated":true}]}}