{"id":67173,"date":"2026-09-03T21:30:43","date_gmt":"2026-09-03T21:30:43","guid":{"rendered":"https:\/\/acronoticias.com\/index.php\/2026\/09\/03\/mopc-anuncia-desvio-temporal-este-sabado-en-la-entrada-a-jarabacoa\/"},"modified":"2026-09-03T21:30:43","modified_gmt":"2026-09-03T21:30:43","slug":"mopc-anuncia-desvio-temporal-este-sabado-en-la-entrada-a-jarabacoa","status":"publish","type":"post","link":"https:\/\/acronoticias.com\/index.php\/2026\/09\/03\/mopc-anuncia-desvio-temporal-este-sabado-en-la-entrada-a-jarabacoa\/","title":{"rendered":"MOPC anuncia desv\u00edo temporal este s\u00e1bado en la entrada a Jarabacoa"},"content":{"rendered":"<p><img decoding=\"async\" width=\"355\" height=\"200\" src=\"https:\/\/nuevodiario-assets.s3.us-east-2.amazonaws.com\/wp-content\/uploads\/2026\/09\/MOPC-anuncia-desvio-temporal-este-sabado-en-la-entrada-a-Jarabacoa.jpg-355x200.jpeg\" class=\"webfeedsFeaturedVisual wp-post-image\" alt=\"\" style=\"display: block;margin-bottom: 5px;clear:both;max-width: 100%\" loading=\"lazy\" \/><\/p>\n<p>EL NUEVO DIARIO, SANTO DOMINGO.\u2013 El Ministerio de Obras P\u00fablicas y Comunicaciones (MOPC) inform\u00f3 que el pr\u00f3ximo s\u00e1bado 5 de septiembre se implementar\u00e1 un desv\u00edo temporal del tr\u00e1nsito en la autopista Duarte con la v\u00eda Federico Basilis, entrada a Jarabacoa, debido a los trabajos de colocaci\u00f3n de vigas del nuevo puente.<\/p>\n<p>Para el montaje se ejecutar\u00e1 un operativo de desv\u00edo del tr\u00e1nsito en la autopista Duarte, sentido Norte-Sur, donde los veh\u00edculos ser\u00e1n derivados hacia la marginal que conecta con La Vega, Jarabacoa y la Zona Franca, incorpor\u00e1ndose m\u00e1s adelante a la autopista en direcci\u00f3n a Santo Domingo.<\/p>\n<p>En el sentido Sur-Norte de la autopista Duarte, el tr\u00e1nsito continuar\u00e1 circulando sobre el puente; sin embargo, permanecer\u00e1 cerrado el acceso directo hacia Jarabacoa, la Zona Franca y La Vega, por lo que los conductores deber\u00e1n continuar su ruta hasta el retorno ubicado pr\u00f3ximo al Pie del Santo Cerro.<\/p>\n<p>De acuerdo a un comunicado, los usuarios que transiten por la v\u00eda Federico Basilis con destino a Santiago y Santo Domingo ser\u00e1n desviados por la avenida Pedro A. Rivera, utilizando como rutas alternas la carretera Profesor Juan Bosch, el puente de Arenoso y la antigua carretera de Soto.<\/p>\n<p>La circulaci\u00f3n debajo del puente permanecer\u00e1 cerrada durante cada maniobra. Las vigas llegar\u00e1n en grupos de dos unidades y, una vez colocadas sobre los capiteles y confirmadas las condiciones de seguridad, se reabrir\u00e1 el paso hasta la llegada del siguiente grupo.<\/p>\n<p>El plan de desv\u00edo se implementa en coordinaci\u00f3n de la Direcci\u00f3n General de Seguridad de Tr\u00e1nsito y Transporte Terrestre (Digesett) y la Comisi\u00f3n Militar y Policial (Comipol), con la finalidad de mantener la fluidez y seguridad en la zona.<\/p>\n<p>Agradecemos la comprensi\u00f3n de la ciudadan\u00eda y pedimos disculpas por los inconvenientes que estos trabajos puedan causar. Exhortamos a los conductores a transitar con precauci\u00f3n, respetar las se\u00f1alizaciones y atender las orientaciones de las autoridades para mantener una movilidad segura para todos.<\/p>\n<p>La entrada <a href=\"https:\/\/elnuevodiario.com.do\/mopc-anuncia-desvio-temporal-este-sabado-en-la-entrada-a-jarabacoa\/\">MOPC anuncia desv\u00edo temporal este s\u00e1bado en la entrada a Jarabacoa<\/a> se public\u00f3 primero en <a href=\"https:\/\/elnuevodiario.com.do\">El Nuevo Diario (Rep\u00fablica Dominicana)<\/a>.<\/p>\n","protected":false},"excerpt":{"rendered":"EL NUEVO DIARIO, SANTO DOMINGO.\u2013 El Ministerio de Obras P\u00fablicas y Comunicaciones&hellip;\n","protected":false},"author":1,"featured_media":67174,"comment_status":"open","ping_status":"open","sticky":false,"template":"","format":"standard","meta":{"footnotes":""},"categories":[1],"tags":[],"class_list":["post-67173","post","type-post","status-publish","format-standard","has-post-thumbnail","category-nacionales"],"_links":{"self":[{"href":"https:\/\/acronoticias.com\/index.php\/wp-json\/wp\/v2\/posts\/67173","targetHints":{"allow":["GET"]}}],"collection":[{"href":"https:\/\/acronoticias.com\/index.php\/wp-json\/wp\/v2\/posts"}],"about":[{"href":"https:\/\/acronoticias.com\/index.php\/wp-json\/wp\/v2\/types\/post"}],"author":[{"embeddable":true,"href":"https:\/\/acronoticias.com\/index.php\/wp-json\/wp\/v2\/users\/1"}],"replies":[{"embeddable":true,"href":"https:\/\/acronoticias.com\/index.php\/wp-json\/wp\/v2\/comments?post=67173"}],"version-history":[{"count":0,"href":"https:\/\/acronoticias.com\/index.php\/wp-json\/wp\/v2\/posts\/67173\/revisions"}],"wp:featuredmedia":[{"embeddable":true,"href":"https:\/\/acronoticias.com\/index.php\/wp-json\/wp\/v2\/media\/67174"}],"wp:attachment":[{"href":"https:\/\/acronoticias.com\/index.php\/wp-json\/wp\/v2\/media?parent=67173"}],"wp:term":[{"taxonomy":"category","embeddable":true,"href":"https:\/\/acronoticias.com\/index.php\/wp-json\/wp\/v2\/categories?post=67173"},{"taxonomy":"post_tag","embeddable":true,"href":"https:\/\/acronoticias.com\/index.php\/wp-json\/wp\/v2\/tags?post=67173"}],"curies":[{"name":"wp","href":"https:\/\/api.w.org\/{rel}","templated":true}]}}