{"id":67169,"date":"2026-09-03T21:14:07","date_gmt":"2026-09-03T21:14:07","guid":{"rendered":"https:\/\/acronoticias.com\/index.php\/2026\/09\/03\/william-wall-revive-los-acontecimientos-de-la-guerra-de-abril-y-la-batalla-de-matum\/"},"modified":"2026-09-03T21:14:07","modified_gmt":"2026-09-03T21:14:07","slug":"william-wall-revive-los-acontecimientos-de-la-guerra-de-abril-y-la-batalla-de-matum","status":"publish","type":"post","link":"https:\/\/acronoticias.com\/index.php\/2026\/09\/03\/william-wall-revive-los-acontecimientos-de-la-guerra-de-abril-y-la-batalla-de-matum\/","title":{"rendered":"William Wall revive los acontecimientos de la Guerra de Abril y la Batalla de Matum"},"content":{"rendered":"<p><img loading=\"lazy\" decoding=\"async\" width=\"355\" height=\"200\" src=\"https:\/\/nuevodiario-assets.s3.us-east-2.amazonaws.com\/wp-content\/uploads\/2026\/09\/8999-Jacinto-Pichardo-Wilson-Gomez-Jose-G.-Guerrero-Sanchez-Joan-Ferrer-William-V.-Wall-Bill-Wall-Tony-Raful-y-Juan-Pablo-Uribe.-1-355x200.jpg\" class=\"webfeedsFeaturedVisual wp-post-image\" alt=\"\" style=\"display: block;margin-bottom: 5px;clear:both;max-width: 100%\" \/><\/p>\n<p>EL NUEVO DIARIO, SANTO DOMINGO.\u2013 El Museo Nacional de Historia y Geograf\u00eda (MNHG) present\u00f3 la conferencia \u00abFin de la Guerra de Abril y la Batalla de Matum\u00bb, a cargo de William Wall, quien abord\u00f3 el per\u00edodo comprendido entre la Batalla del Puente Duarte y el Acto Institucional de Entrega del Poder del Gobierno Constitucionalista, realizado en la Fortaleza Ozama el 3 de septiembre de ese a\u00f1o, cuyo 61 aniversario se conmemora en esta fecha.<\/p>\n<p>Las palabras de bienvenida estuvieron a cargo del historiador, catedr\u00e1tico y director del MNHG, Jos\u00e9 G. Guerrero S\u00e1nchez, quien destac\u00f3 la importancia del programa educativo que desarrolla la instituci\u00f3n muse\u00edstica.<\/p>\n<p>La exposici\u00f3n tuvo como eje la Batalla del Hotel Matum, ocurrida el 19 de diciembre de 1965, y estuvo acompa\u00f1ada de fotograf\u00edas hist\u00f3ricas del hotel desde su inauguraci\u00f3n en 1954, as\u00ed como im\u00e1genes del enfrentamiento, la participaci\u00f3n de tropas estadounidenses transportadas en helic\u00f3pteros y las consecuencias del combate.<\/p>\n<figure id=\"attachment_3264260\" aria-describedby=\"caption-attachment-3264260\" style=\"width: 2104px\" class=\"wp-caption alignnone\"><img loading=\"lazy\" decoding=\"async\" data-recalc-dims=\"1\" class=\"size-full wp-image-3264260\" src=\"https:\/\/i0.wp.com\/nuevodiario-assets.s3.us-east-2.amazonaws.com\/wp-content\/uploads\/2026\/09\/William-Wall-revive-los-acontecimientos-de-la-Guerra-de-Abril-y-la-Batalla-de-Matum-1-scaled.jpg?resize=640%2C779&quality=100&ssl=1\" alt=\"\" width=\"640\" height=\"779\" \/><figcaption id=\"caption-attachment-3264260\" class=\"wp-caption-text\"><em><strong>William Wall revive los acontecimientos de la Guerra de Abril y la Batalla de Matum. (Foto: Relaciones P\u00fablicas Museo Nacional de Historia y Geograf\u00eda)<\/strong><\/em><\/figcaption><\/figure>\n<p>Wall tambi\u00e9n comparti\u00f3 sus vivencias durante aquellos acontecimientos, particularmente su permanencia en el Hotel Matum y el contacto con funcionarios del Gobierno Constitucionalista. Su formaci\u00f3n militar previa en el Ej\u00e9rcito brit\u00e1nico le permiti\u00f3 valorar la gravedad de la situaci\u00f3n y advertir el riesgo de un desenlace de mayores proporciones.<\/p>\n<p>De acuerdo a una nota de prensa, la actividad forma parte del programa del MNHG orientado a preservar y divulgar la memoria hist\u00f3rica dominicana mediante conferencias y testimonios sobre acontecimientos relevantes del pa\u00eds.<\/p>\n<p>El encuentro se realiz\u00f3 en la Sala de Conferencias Vetilio Alfau Dur\u00e1n del Museo Nacional de Historia y Geograf\u00eda, ubicado en la Plaza de la Cultura Juan Pablo Duarte, en Santo Domingo. Para m\u00e1s informaci\u00f3n, puede consultarse el perfil de Instagram @museohistoriaygeografiard o comunicarse al 809-687-6452.<\/p>\n<p><strong>Sobre el conferencista<\/strong><\/p>\n<p>William V. Wall (Bill Wall) es banquero retirado, con estudios en finanzas, banca y mercado de valores en Canad\u00e1. Durante 35 a\u00f1os fue funcionario de una prestigiosa instituci\u00f3n bancaria canadiense de amplia presencia internacional, desarrollando gran parte de su carrera profesional en Am\u00e9rica Latina y el Caribe.<\/p>\n<p>Fue miembro del Steering Committee de las negociaciones de la deuda externa de Brasil (1982-1983) y culmin\u00f3 su carrera bancaria como ejecutivo de riesgos, responsable de la cartera de pr\u00e9stamos para Am\u00e9rica Latina y el Caribe.<\/p>\n<p>Reside en Rep\u00fablica Dominicana desde hace 30 a\u00f1os, donde se ha dedicado a consultor\u00edas bancarias y empresariales, ha impartido cursos en diversos centros educativos y participado en iniciativas vinculadas al sector financiero. Fue miembro del grupo de apoyo de las negociaciones del DR-CAFTA, de la Comisi\u00f3n Administradora de Baninter y, recientemente, miembro independiente del Consejo Nacional del Mercado de Valores. Tambi\u00e9n incursion\u00f3 en la televisi\u00f3n con programas educativos.<\/p>\n<p>Actualmente es productor y conductor del programa \u201cBill Wall Inversiones y Finanzas\u201d, transmitido por Carivisi\u00f3n.<\/p>\n<p>La entrada <a href=\"https:\/\/elnuevodiario.com.do\/william-wall-revive-los-acontecimientos-de-la-guerra-de-abril-y-la-batalla-de-matum\/\">William Wall revive los acontecimientos de la Guerra de Abril y la Batalla de Matum<\/a> se public\u00f3 primero en <a href=\"https:\/\/elnuevodiario.com.do\">El Nuevo Diario (Rep\u00fablica Dominicana)<\/a>.<\/p>\n","protected":false},"excerpt":{"rendered":"EL NUEVO DIARIO, SANTO DOMINGO.\u2013 El Museo Nacional de Historia y Geograf\u00eda&hellip;\n","protected":false},"author":1,"featured_media":67170,"comment_status":"open","ping_status":"open","sticky":false,"template":"","format":"standard","meta":{"footnotes":""},"categories":[1],"tags":[],"class_list":["post-67169","post","type-post","status-publish","format-standard","has-post-thumbnail","category-nacionales"],"_links":{"self":[{"href":"https:\/\/acronoticias.com\/index.php\/wp-json\/wp\/v2\/posts\/67169","targetHints":{"allow":["GET"]}}],"collection":[{"href":"https:\/\/acronoticias.com\/index.php\/wp-json\/wp\/v2\/posts"}],"about":[{"href":"https:\/\/acronoticias.com\/index.php\/wp-json\/wp\/v2\/types\/post"}],"author":[{"embeddable":true,"href":"https:\/\/acronoticias.com\/index.php\/wp-json\/wp\/v2\/users\/1"}],"replies":[{"embeddable":true,"href":"https:\/\/acronoticias.com\/index.php\/wp-json\/wp\/v2\/comments?post=67169"}],"version-history":[{"count":0,"href":"https:\/\/acronoticias.com\/index.php\/wp-json\/wp\/v2\/posts\/67169\/revisions"}],"wp:featuredmedia":[{"embeddable":true,"href":"https:\/\/acronoticias.com\/index.php\/wp-json\/wp\/v2\/media\/67170"}],"wp:attachment":[{"href":"https:\/\/acronoticias.com\/index.php\/wp-json\/wp\/v2\/media?parent=67169"}],"wp:term":[{"taxonomy":"category","embeddable":true,"href":"https:\/\/acronoticias.com\/index.php\/wp-json\/wp\/v2\/categories?post=67169"},{"taxonomy":"post_tag","embeddable":true,"href":"https:\/\/acronoticias.com\/index.php\/wp-json\/wp\/v2\/tags?post=67169"}],"curies":[{"name":"wp","href":"https:\/\/api.w.org\/{rel}","templated":true}]}}