{"id":67165,"date":"2026-09-03T20:58:34","date_gmt":"2026-09-03T20:58:34","guid":{"rendered":"https:\/\/acronoticias.com\/index.php\/2026\/09\/03\/infotep-afirma-impulsa-transformacion-del-sector-agropecuario-mediante-formacion-tecnico-profesional\/"},"modified":"2026-09-03T20:58:34","modified_gmt":"2026-09-03T20:58:34","slug":"infotep-afirma-impulsa-transformacion-del-sector-agropecuario-mediante-formacion-tecnico-profesional","status":"publish","type":"post","link":"https:\/\/acronoticias.com\/index.php\/2026\/09\/03\/infotep-afirma-impulsa-transformacion-del-sector-agropecuario-mediante-formacion-tecnico-profesional\/","title":{"rendered":"Infotep afirma impulsa transformaci\u00f3n del sector agropecuario mediante formaci\u00f3n t\u00e9cnico profesional"},"content":{"rendered":"<p><img loading=\"lazy\" decoding=\"async\" width=\"355\" height=\"200\" src=\"https:\/\/nuevodiario-assets.s3.us-east-2.amazonaws.com\/wp-content\/uploads\/2026\/09\/Maira-Morla-Pineda-directora-general-del-Infotep-2-355x200.jpeg\" class=\"webfeedsFeaturedVisual wp-post-image\" alt=\"\" style=\"display: block;margin-bottom: 5px;clear:both;max-width: 100%\" \/><\/p>\n<p>EL NUEVO DIARIO, SANTO DOMINGO.- La directora general del Instituto Nacional de Formaci\u00f3n T\u00e9cnico Profesional (Infotep), Maira Morla, afirm\u00f3 este jueves que impulsa la transformaci\u00f3n y competitividad del sector agropecuario dominicano mediante una oferta de formaci\u00f3n especializada que incorpora nuevas tecnolog\u00edas y responde a las necesidades de productores y empresas.<\/p>\n<p>Al participar en el XXVIII Encuentro Nacional de L\u00edderes del Sector Agropecuario, organizado por la Junta Agroempresarial Dominicana (JAD), Morla Pineda declar\u00f3 que el Infotep dispone actualmente de 94 programas formativos dise\u00f1ados espec\u00edficamente para el sector agropecuario y la agroindustria, de los cuales 75 corresponden a ofertas tradicionales y 19 son nuevas especialidades vinculadas con la alta tecnolog\u00eda y la Industria 4.0, seg\u00fan detalla un comunicado.<\/p>\n<p>En ese sentido, explic\u00f3 que esta oferta incluye formaci\u00f3n en agricultura de precisi\u00f3n, agrom\u00e1tica, agrob\u00f3tica, uso de drones, riego por goteo automatizado, sensores de humedad del suelo, GPS agr\u00edcola, estaciones meteorol\u00f3gicas digitales y software de monitoreo, entre otras herramientas aplicadas a la producci\u00f3n.<\/p>\n<figure id=\"attachment_3264222\" aria-describedby=\"caption-attachment-3264222\" style=\"width: 1600px\" class=\"wp-caption alignnone\"><img loading=\"lazy\" decoding=\"async\" data-recalc-dims=\"1\" class=\"size-full wp-image-3264222\" src=\"https:\/\/i0.wp.com\/nuevodiario-assets.s3.us-east-2.amazonaws.com\/wp-content\/uploads\/2026\/09\/Maira-Morla-Pineda-directora-general-del-Infotep-1.jpeg?resize=640%2C426&quality=100&ssl=1\" alt=\"\" width=\"640\" height=\"426\" \/><figcaption id=\"caption-attachment-3264222\" class=\"wp-caption-text\"><strong>Maira Morla Pineda, directora general del Infotep. (Foto: Infotep).<\/strong><\/figcaption><\/figure>\n<p>\u201cEstas nuevas ofertas formativas responden directamente a los acuerdos con el sector agropecuario y a las necesidades que ustedes mismos han planteado\u201d, sostuvo la directora general.<\/p>\n<p>Morla Pineda resalt\u00f3 que la formaci\u00f3n tambi\u00e9n abarca la agroindustria y el valor agregado, con programas sobre procesamiento de alimentos, manejo de postcosecha, empaque y clasificaci\u00f3n para exportaci\u00f3n, gesti\u00f3n de la cadena de fr\u00edo y administraci\u00f3n de agronegocios, incluyendo costos de producci\u00f3n y emprendimiento rural.<\/p>\n<p>\u201cFormamos para que el productor tambi\u00e9n sea un buen empresario\u201d, afirm\u00f3.<\/p>\n<p><strong>M\u00e1s de 27 mil egresados<\/strong><\/p>\n<p>Morla Pineda destac\u00f3 que esta oferta se traduce en resultados concretos, afirmando que, entre 2020 y julio de 2026, 27,751 participantes egresaron de programas vinculados con el sector agr\u00edcola a nivel nacional, mediante 1,657 acciones formativas.<\/p>\n<p>La mayor cantidad de egresados corresponde a programas de agricultura en general y producci\u00f3n agr\u00edcola, mientras que entre las acciones formativas de mayor demanda figuran producci\u00f3n de hortalizas, injerto de plantas frutales, producci\u00f3n de huertos urbanos ecol\u00f3gicos, acuicultura en peque\u00f1a escala, conservaci\u00f3n de recursos naturales y producci\u00f3n de cultivos y abonos org\u00e1nicos.<\/p>\n<p>Asimismo, sostuvo que estos resultados permiten al Infotep identificar, junto con los productores, hacia d\u00f3nde debe orientarse la inversi\u00f3n en formaci\u00f3n t\u00e9cnico profesional.<\/p>\n<p>\u201cEstas son cifras que representan gente real form\u00e1ndose para trabajar en sus empresas\u201d, expres\u00f3.<\/p>\n<p><strong>Formaci\u00f3n para los j\u00f3venes rurales<\/strong><\/p>\n<p>Como parte de esta visi\u00f3n, la directora general destac\u00f3 el acompa\u00f1amiento del Infotep al programa Prorural Joven, iniciativa que contempla la capacitaci\u00f3n de 13,600 j\u00f3venes rurales, con \u00e9nfasis en mejorar su inserci\u00f3n laboral y promover empleos y emprendimientos dignos.<\/p>\n<p>Asimismo, invit\u00f3 a las empresas agr\u00edcolas y pecuarias a convertirse en aliadas del Infotep, especialmente mediante la formaci\u00f3n dual, para contribuir a preparar el recurso humano que requiere el sector.<\/p>\n<p>\u201cCada una de las empresas agr\u00edcolas y pecuarias que ustedes representan puede ser aliada del Infotep en la formaci\u00f3n del recurso humano que requiere\u201d, afirm\u00f3 Morla Pineda.<\/p>\n<p>La funcionaria destac\u00f3 adem\u00e1s la expansi\u00f3n de la infraestructura tecnol\u00f3gica de la entidad, al se\u00f1alar que la instituci\u00f3n pas\u00f3 de contar con ocho centros propios en agosto de 2020 a 69 centros tecnol\u00f3gicos, acerc\u00e1ndose a la meta de 70 establecida para el per\u00edodo 2025-2028.<\/p>\n<p>Morla Pineda afirm\u00f3 que el reto es continuar articulando la formaci\u00f3n con las necesidades del sector productivo para que el agro dominicano disponga del talento humano capaz de asumir los cambios tecnol\u00f3gicos, elevar la productividad y generar mayor valor agregado.<\/p>\n<p>NLP\/<\/p>\n<p>La entrada <a href=\"https:\/\/elnuevodiario.com.do\/infotep-afirma-impulsa-transformacion-del-sector-agropecuario-mediante-formacion-tecnico-profesional\/\">Infotep afirma impulsa transformaci\u00f3n del sector agropecuario mediante formaci\u00f3n t\u00e9cnico profesional<\/a> se public\u00f3 primero en <a href=\"https:\/\/elnuevodiario.com.do\">El Nuevo Diario (Rep\u00fablica Dominicana)<\/a>.<\/p>\n","protected":false},"excerpt":{"rendered":"EL NUEVO DIARIO, SANTO DOMINGO.- La directora general del Instituto Nacional de&hellip;\n","protected":false},"author":1,"featured_media":67166,"comment_status":"open","ping_status":"open","sticky":false,"template":"","format":"standard","meta":{"footnotes":""},"categories":[1],"tags":[],"class_list":["post-67165","post","type-post","status-publish","format-standard","has-post-thumbnail","category-nacionales"],"_links":{"self":[{"href":"https:\/\/acronoticias.com\/index.php\/wp-json\/wp\/v2\/posts\/67165","targetHints":{"allow":["GET"]}}],"collection":[{"href":"https:\/\/acronoticias.com\/index.php\/wp-json\/wp\/v2\/posts"}],"about":[{"href":"https:\/\/acronoticias.com\/index.php\/wp-json\/wp\/v2\/types\/post"}],"author":[{"embeddable":true,"href":"https:\/\/acronoticias.com\/index.php\/wp-json\/wp\/v2\/users\/1"}],"replies":[{"embeddable":true,"href":"https:\/\/acronoticias.com\/index.php\/wp-json\/wp\/v2\/comments?post=67165"}],"version-history":[{"count":0,"href":"https:\/\/acronoticias.com\/index.php\/wp-json\/wp\/v2\/posts\/67165\/revisions"}],"wp:featuredmedia":[{"embeddable":true,"href":"https:\/\/acronoticias.com\/index.php\/wp-json\/wp\/v2\/media\/67166"}],"wp:attachment":[{"href":"https:\/\/acronoticias.com\/index.php\/wp-json\/wp\/v2\/media?parent=67165"}],"wp:term":[{"taxonomy":"category","embeddable":true,"href":"https:\/\/acronoticias.com\/index.php\/wp-json\/wp\/v2\/categories?post=67165"},{"taxonomy":"post_tag","embeddable":true,"href":"https:\/\/acronoticias.com\/index.php\/wp-json\/wp\/v2\/tags?post=67165"}],"curies":[{"name":"wp","href":"https:\/\/api.w.org\/{rel}","templated":true}]}}