{"id":67163,"date":"2026-09-03T20:42:37","date_gmt":"2026-09-03T20:42:37","guid":{"rendered":"https:\/\/acronoticias.com\/index.php\/2026\/09\/03\/juan-garrigo-renuncia-como-viceministro-y-se-concentra-en-fortalecer-las-estructuras-del-prm\/"},"modified":"2026-09-03T20:42:37","modified_gmt":"2026-09-03T20:42:37","slug":"juan-garrigo-renuncia-como-viceministro-y-se-concentra-en-fortalecer-las-estructuras-del-prm","status":"publish","type":"post","link":"https:\/\/acronoticias.com\/index.php\/2026\/09\/03\/juan-garrigo-renuncia-como-viceministro-y-se-concentra-en-fortalecer-las-estructuras-del-prm\/","title":{"rendered":"Juan Garrig\u00f3 renuncia como viceministro y se concentra \u00aben fortalecer\u00bb las estructuras del PRM"},"content":{"rendered":"<p><img loading=\"lazy\" decoding=\"async\" width=\"355\" height=\"200\" src=\"https:\/\/nuevodiario-assets.s3.us-east-2.amazonaws.com\/wp-content\/uploads\/2026\/09\/Garrigo-355x200.png\" class=\"webfeedsFeaturedVisual wp-post-image\" alt=\"\" style=\"display: block;margin-bottom: 5px;clear:both;max-width: 100%\" \/><\/p>\n<p>EL NUEVO DIARIO, SANTO DOMINGO.\u2013 Juan Garrig\u00f3 Mej\u00eda present\u00f3 formalmente su renuncia al cargo de viceministro de Gesti\u00f3n Social y Comunitaria, con el prop\u00f3sito de dedicarse plenamente a las responsabilidades que asumir\u00e1 como secretario general del Partido Revolucionario Moderno (PRM).<\/p>\n<p>Garrig\u00f3 Mej\u00eda explic\u00f3 que tom\u00f3 la decisi\u00f3n con sentido de responsabilidad y coherencia institucional, consciente de que la Secretar\u00eda General demanda entrega, presencia territorial y una agenda permanente de trabajo junto a la dirigencia y la militancia del partido.<\/p>\n<p>\u201cHay responsabilidades que se dejan, pero hay compromisos que no terminan: servir al pa\u00eds es uno de ellos\u201d, expres\u00f3 Garrig\u00f3 Mej\u00eda.<\/p>\n<figure id=\"attachment_3264212\" aria-describedby=\"caption-attachment-3264212\" style=\"width: 1208px\" class=\"wp-caption alignnone\"><img loading=\"lazy\" decoding=\"async\" data-recalc-dims=\"1\" class=\"wp-image-3264212 size-full\" src=\"https:\/\/i0.wp.com\/nuevodiario-assets.s3.us-east-2.amazonaws.com\/wp-content\/uploads\/2026\/09\/Carta-de-renuncia.jpeg?resize=640%2C848&quality=100&ssl=1\" alt=\"\" width=\"640\" height=\"848\" \/><figcaption id=\"caption-attachment-3264212\" class=\"wp-caption-text\"><strong><em>Carta de renuncia de Garrig\u00f3<\/em><\/strong><\/figcaption><\/figure>\n<p>El dirigente agradeci\u00f3 al presidente Luis Abinader la confianza depositada en \u00e9l y la oportunidad de servir al pa\u00eds desde el Gobierno, experiencia que, afirm\u00f3, fortaleci\u00f3 su vocaci\u00f3n de servicio y su compromiso con una pol\u00edtica cercana a la gente.<\/p>\n<p>Asimismo, se\u00f1al\u00f3 que concentrar\u00e1 sus esfuerzos en escuchar a la militancia, organizar y fortalecer las estructuras partidarias, abrir oportunidades de participaci\u00f3n y modernizar el funcionamiento pol\u00edtico del PRM mediante nuevas herramientas y mecanismos de comunicaci\u00f3n.<\/p>\n<p>Garrig\u00f3 Mej\u00eda afirm\u00f3 que trabajar\u00e1 en coordinaci\u00f3n con el presidente del PRM, Luis Abinader; el presidente ejecutivo, Deligne Ascenci\u00f3n; la secretaria de Organizaci\u00f3n, Gloria Reyes, y los dem\u00e1s integrantes de la direcci\u00f3n nacional.<\/p>\n<p>Tambi\u00e9n reiter\u00f3 que la Secretar\u00eda General ser\u00e1 un espacio de puertas abiertas, orientado al di\u00e1logo, la organizaci\u00f3n, el reconocimiento de quienes trabajan por el partido y la b\u00fasqueda de soluciones a las inquietudes de la militancia.<\/p>\n<p>\u201cM\u00e1s que un cargo, asumo un compromiso. Porque quien no es cercano, no es pol\u00edtico, y la mejor manera de agradecer la confianza recibida es trabajando\u201d, concluy\u00f3.<\/p>\n<p>La entrada <a href=\"https:\/\/elnuevodiario.com.do\/juan-garrigo-renuncia-como-viceministro-y-se-concentra-en-fortalecer-las-estructuras-del-prm\/\">Juan Garrig\u00f3 renuncia como viceministro y se concentra \u00aben fortalecer\u00bb las estructuras del PRM<\/a> se public\u00f3 primero en <a href=\"https:\/\/elnuevodiario.com.do\">El Nuevo Diario (Rep\u00fablica Dominicana)<\/a>.<\/p>\n","protected":false},"excerpt":{"rendered":"EL NUEVO DIARIO, SANTO DOMINGO.\u2013 Juan Garrig\u00f3 Mej\u00eda present\u00f3 formalmente su renuncia&hellip;\n","protected":false},"author":1,"featured_media":67164,"comment_status":"open","ping_status":"open","sticky":false,"template":"","format":"standard","meta":{"footnotes":""},"categories":[1],"tags":[],"class_list":["post-67163","post","type-post","status-publish","format-standard","has-post-thumbnail","category-nacionales"],"_links":{"self":[{"href":"https:\/\/acronoticias.com\/index.php\/wp-json\/wp\/v2\/posts\/67163","targetHints":{"allow":["GET"]}}],"collection":[{"href":"https:\/\/acronoticias.com\/index.php\/wp-json\/wp\/v2\/posts"}],"about":[{"href":"https:\/\/acronoticias.com\/index.php\/wp-json\/wp\/v2\/types\/post"}],"author":[{"embeddable":true,"href":"https:\/\/acronoticias.com\/index.php\/wp-json\/wp\/v2\/users\/1"}],"replies":[{"embeddable":true,"href":"https:\/\/acronoticias.com\/index.php\/wp-json\/wp\/v2\/comments?post=67163"}],"version-history":[{"count":0,"href":"https:\/\/acronoticias.com\/index.php\/wp-json\/wp\/v2\/posts\/67163\/revisions"}],"wp:featuredmedia":[{"embeddable":true,"href":"https:\/\/acronoticias.com\/index.php\/wp-json\/wp\/v2\/media\/67164"}],"wp:attachment":[{"href":"https:\/\/acronoticias.com\/index.php\/wp-json\/wp\/v2\/media?parent=67163"}],"wp:term":[{"taxonomy":"category","embeddable":true,"href":"https:\/\/acronoticias.com\/index.php\/wp-json\/wp\/v2\/categories?post=67163"},{"taxonomy":"post_tag","embeddable":true,"href":"https:\/\/acronoticias.com\/index.php\/wp-json\/wp\/v2\/tags?post=67163"}],"curies":[{"name":"wp","href":"https:\/\/api.w.org\/{rel}","templated":true}]}}