{"id":67155,"date":"2026-09-03T20:10:40","date_gmt":"2026-09-03T20:10:40","guid":{"rendered":"https:\/\/acronoticias.com\/index.php\/2026\/09\/03\/photoimagen-presenta-exposicion-fotografica-dedicada-a-las-aves-migratorias-de-rd\/"},"modified":"2026-09-03T20:10:40","modified_gmt":"2026-09-03T20:10:40","slug":"photoimagen-presenta-exposicion-fotografica-dedicada-a-las-aves-migratorias-de-rd","status":"publish","type":"post","link":"https:\/\/acronoticias.com\/index.php\/2026\/09\/03\/photoimagen-presenta-exposicion-fotografica-dedicada-a-las-aves-migratorias-de-rd\/","title":{"rendered":"Photoimagen presenta exposici\u00f3n fotogr\u00e1fica dedicada a las aves migratorias de RD"},"content":{"rendered":"<p><img loading=\"lazy\" decoding=\"async\" width=\"355\" height=\"200\" src=\"https:\/\/nuevodiario-assets.s3.us-east-2.amazonaws.com\/wp-content\/uploads\/2026\/09\/Pedro-Genaro-355x200.jpeg\" class=\"webfeedsFeaturedVisual wp-post-image\" alt=\"\" style=\"display: block;margin-bottom: 5px;clear:both;max-width: 100%\" \/><\/p>\n<p>EL NUEVO DIARIO, SANTO DOMINGO.- Dentro de su programa de 20 exposiciones y 19 actividades paralelas, Photoimagen 2026 presenta este s\u00e1bado 5 de septiembre la muestra \u201cVolver. Alas del Caribe, un puente natural\u201d, del grupo Fotoguardianes de la Naturaleza, bajo la coordinaci\u00f3n del artista del lente Pedro Genaro.<\/p>\n<p>Dedicada a las aves migratorias que visitan Rep\u00fablica Dominicana desde diferentes \u00e1reas geogr\u00e1ficas, la exhibici\u00f3n fotogr\u00e1fica tendr\u00e1 lugar en el Museo de Historia Natural, en la Plaza de la Cultura, Santo Domingo, a las 10:00 a. m.<\/p>\n<p>\u201cVolver. Alas del Caribe, un puente natural\u201d, cuenta con el patrocinio del Banco Popular Dominicano, la Fundaci\u00f3n Propagas y el Grupo Propagas; as\u00ed como con el apoyo de la Fundaci\u00f3n Imagen \u201983.<\/p>\n<p>De acuerdo a una nota de prensa, la muestra busca visibilizar las aves migratorias, viajeras incansables cuya presencia sostiene el equilibrio ecol\u00f3gico de la regi\u00f3n.<\/p>\n<p>\u201cRevelar su mundo es el aporte del grupo fotogr\u00e1fico a la educaci\u00f3n ambiental, al ecoturismo y a la conservaci\u00f3n de los h\u00e1bitats compartidos\u201d, explic\u00f3 Pedro Genaro.<\/p>\n<p>Fotoguardianes de la Naturaleza entiende que \u201cel arte y la educaci\u00f3n son herramientas transformadoras. Informan a quienes toman las decisiones pol\u00edticas y empoderan a los ciudadanos de hoy y a las generaciones futuras, a quienes aspiramos a heredar un rol activo como vigilantes del patrimonio natural de nuestro pa\u00eds\u201d, concluy\u00f3.<\/p>\n<p>La entrada <a href=\"https:\/\/elnuevodiario.com.do\/photoimagen-presenta-exposicion-fotografica-dedicada-a-las-aves-migratorias-de-rd\/\">Photoimagen presenta exposici\u00f3n fotogr\u00e1fica dedicada a las aves migratorias de RD<\/a> se public\u00f3 primero en <a href=\"https:\/\/elnuevodiario.com.do\">El Nuevo Diario (Rep\u00fablica Dominicana)<\/a>.<\/p>\n","protected":false},"excerpt":{"rendered":"EL NUEVO DIARIO, SANTO DOMINGO.- Dentro de su programa de 20 exposiciones&hellip;\n","protected":false},"author":1,"featured_media":67156,"comment_status":"open","ping_status":"open","sticky":false,"template":"","format":"standard","meta":{"footnotes":""},"categories":[1],"tags":[],"class_list":["post-67155","post","type-post","status-publish","format-standard","has-post-thumbnail","category-nacionales"],"_links":{"self":[{"href":"https:\/\/acronoticias.com\/index.php\/wp-json\/wp\/v2\/posts\/67155","targetHints":{"allow":["GET"]}}],"collection":[{"href":"https:\/\/acronoticias.com\/index.php\/wp-json\/wp\/v2\/posts"}],"about":[{"href":"https:\/\/acronoticias.com\/index.php\/wp-json\/wp\/v2\/types\/post"}],"author":[{"embeddable":true,"href":"https:\/\/acronoticias.com\/index.php\/wp-json\/wp\/v2\/users\/1"}],"replies":[{"embeddable":true,"href":"https:\/\/acronoticias.com\/index.php\/wp-json\/wp\/v2\/comments?post=67155"}],"version-history":[{"count":0,"href":"https:\/\/acronoticias.com\/index.php\/wp-json\/wp\/v2\/posts\/67155\/revisions"}],"wp:featuredmedia":[{"embeddable":true,"href":"https:\/\/acronoticias.com\/index.php\/wp-json\/wp\/v2\/media\/67156"}],"wp:attachment":[{"href":"https:\/\/acronoticias.com\/index.php\/wp-json\/wp\/v2\/media?parent=67155"}],"wp:term":[{"taxonomy":"category","embeddable":true,"href":"https:\/\/acronoticias.com\/index.php\/wp-json\/wp\/v2\/categories?post=67155"},{"taxonomy":"post_tag","embeddable":true,"href":"https:\/\/acronoticias.com\/index.php\/wp-json\/wp\/v2\/tags?post=67155"}],"curies":[{"name":"wp","href":"https:\/\/api.w.org\/{rel}","templated":true}]}}