{"id":67153,"date":"2026-09-03T19:54:47","date_gmt":"2026-09-03T19:54:47","guid":{"rendered":"https:\/\/acronoticias.com\/index.php\/2026\/09\/03\/exministra-de-salud-publica-cuestiona-la-vigilancia-epidemiologica-actual\/"},"modified":"2026-09-03T19:54:47","modified_gmt":"2026-09-03T19:54:47","slug":"exministra-de-salud-publica-cuestiona-la-vigilancia-epidemiologica-actual","status":"publish","type":"post","link":"https:\/\/acronoticias.com\/index.php\/2026\/09\/03\/exministra-de-salud-publica-cuestiona-la-vigilancia-epidemiologica-actual\/","title":{"rendered":"Exministra de Salud P\u00fablica cuestiona la vigilancia epidemiol\u00f3gica actual"},"content":{"rendered":"<p><img loading=\"lazy\" decoding=\"async\" width=\"355\" height=\"200\" src=\"https:\/\/nuevodiario-assets.s3.us-east-2.amazonaws.com\/wp-content\/uploads\/2023\/11\/09082024\/Altagracia-Guzman-Ministerio-y-Procuraduria-03-e1699546854349.jpg\" class=\"webfeedsFeaturedVisual wp-post-image\" alt=\"\" style=\"display: block;margin-bottom: 5px;clear:both;max-width: 100%\" \/><\/p>\n<p>EL NUEVO DIARIO, SANTO DOMINGO.- La exministra de Salud P\u00fablica y miembro del Comit\u00e9 Central del Partido de la Liberaci\u00f3n Dominicana (PLD), Altagracia Guzm\u00e1n Marcelino, mostr\u00f3 su preocupaci\u00f3n y escepticismo ante el incremento de muertes materna e infantil en el pa\u00eds generando las alarmas de diversos sectores de la sociedad.<\/p>\n<p>Entrevistada en el programa Despierta con CDN, Guzm\u00e1n Marcelino reiter\u00f3 sus cuestionamientos a la vigilancia epidemiol\u00f3gica actual respecto a la efectividad y rigor de los procedimientos.<\/p>\n<p>Calific\u00f3 la situaci\u00f3n de \u201cgrave\u201d, se\u00f1alando que la p\u00e9rdida de vidas de reci\u00e9n nacidos y gestantes por causas evitables representa una falla inaceptable en los par\u00e1metros que miden la calidad de vida y la atenci\u00f3n m\u00e9dica de la poblaci\u00f3n.<\/p>\n<p>La doctora Guzm\u00e1n Marcelino aclar\u00f3 que, pesar de que las muertes maternas e infantiles son de notificaci\u00f3n obligatoria en el sistema epidemiol\u00f3gico nacional desde 1997, especialistas expresan una creciente desconfianza en los reportes y boletines oficiales actuales, citando irregularidades en la periodicidad de la informaci\u00f3n y falta de transparencia en el reporte de casos desde los centros de salud.<\/p>\n<p>Entre los factores clave que inciden en el deterioro de los indicadores de salud neonatal destac\u00f3: el incumplimiento severo de las normas elementales de higiene y desinfecci\u00f3n en \u00e1reas cr\u00edticas \u2014como la manipulaci\u00f3n inadecuada de instrumental, aspiradores y equipos de cuidado neonatal\u2014 que incrementa el riesgo de proliferaci\u00f3n de bacterias como la Klebsiella, derivando en brotes infecciosos letales.<\/p>\n<p>Asimismo, refiri\u00f3 el uso excesivo e inducci\u00f3n de ces\u00e1reas, cuyo porcentaje alcanza niveles alarmantes en el pa\u00eds (cercano al 90 % en el sector privado y superando el 50 % en el sector p\u00fablico).<\/p>\n<p>\u201cEsta pr\u00e1ctica incrementa las complicaciones respiratorias en los reci\u00e9n nacidos en comparaci\u00f3n con el parto vaginal, adem\u00e1s de responder en muchos casos a la falta de insumos para la inducci\u00f3n del parto o a la carencia de equipos de diagn\u00f3stico como son\u00f3grafos fetales en los hospitales p\u00fablicos\u201d, agreg\u00f3.<\/p>\n<p>Igualmente, debilidad en el primer nivel de atenci\u00f3n donde se evidencian fallas en el seguimiento a las gestantes en la consulta prenatal peri\u00f3dica, el control de la hipertensi\u00f3n arterial y la prevenci\u00f3n de partos prematuros o neonatos con bajo peso al nacer.<\/p>\n<p>Dijo que el temor a ser deportadas o la falta de apoyo familiar ha alejado a parturientas de nacionalidad extranjera de la atenci\u00f3n hospitalaria oportuna, derivando en partos sin asistencia m\u00e9dica y en condiciones desfavorables que agravan la estad\u00edstica de mortalidad.<\/p>\n<p>Frente a esta crisis, la ex ministra de Salud P\u00fablica enfatiz\u00f3 que la fiscalizaci\u00f3n e investigaci\u00f3n de estos decesos debe recaer estrictamente en el Ministerio de Salud P\u00fablica como ente rector, regulador y fiscalizador del sistema, y no en las entidades operadoras de la red p\u00fablica, a fin de evitar situaciones donde el evaluador sea juez y parte.<\/p>\n<p>La entrada <a href=\"https:\/\/elnuevodiario.com.do\/exministra-de-salud-publica-cuestiona-la-vigilancia-epidemiologica-actual\/\">Exministra de Salud P\u00fablica cuestiona la vigilancia epidemiol\u00f3gica actual<\/a> se public\u00f3 primero en <a href=\"https:\/\/elnuevodiario.com.do\">El Nuevo Diario (Rep\u00fablica Dominicana)<\/a>.<\/p>\n","protected":false},"excerpt":{"rendered":"EL NUEVO DIARIO, SANTO DOMINGO.- La exministra de Salud P\u00fablica y miembro&hellip;\n","protected":false},"author":1,"featured_media":67154,"comment_status":"open","ping_status":"open","sticky":false,"template":"","format":"standard","meta":{"footnotes":""},"categories":[1],"tags":[],"class_list":["post-67153","post","type-post","status-publish","format-standard","has-post-thumbnail","category-nacionales"],"_links":{"self":[{"href":"https:\/\/acronoticias.com\/index.php\/wp-json\/wp\/v2\/posts\/67153","targetHints":{"allow":["GET"]}}],"collection":[{"href":"https:\/\/acronoticias.com\/index.php\/wp-json\/wp\/v2\/posts"}],"about":[{"href":"https:\/\/acronoticias.com\/index.php\/wp-json\/wp\/v2\/types\/post"}],"author":[{"embeddable":true,"href":"https:\/\/acronoticias.com\/index.php\/wp-json\/wp\/v2\/users\/1"}],"replies":[{"embeddable":true,"href":"https:\/\/acronoticias.com\/index.php\/wp-json\/wp\/v2\/comments?post=67153"}],"version-history":[{"count":0,"href":"https:\/\/acronoticias.com\/index.php\/wp-json\/wp\/v2\/posts\/67153\/revisions"}],"wp:featuredmedia":[{"embeddable":true,"href":"https:\/\/acronoticias.com\/index.php\/wp-json\/wp\/v2\/media\/67154"}],"wp:attachment":[{"href":"https:\/\/acronoticias.com\/index.php\/wp-json\/wp\/v2\/media?parent=67153"}],"wp:term":[{"taxonomy":"category","embeddable":true,"href":"https:\/\/acronoticias.com\/index.php\/wp-json\/wp\/v2\/categories?post=67153"},{"taxonomy":"post_tag","embeddable":true,"href":"https:\/\/acronoticias.com\/index.php\/wp-json\/wp\/v2\/tags?post=67153"}],"curies":[{"name":"wp","href":"https:\/\/api.w.org\/{rel}","templated":true}]}}