{"id":67151,"date":"2026-09-03T19:38:38","date_gmt":"2026-09-03T19:38:38","guid":{"rendered":"https:\/\/acronoticias.com\/index.php\/2026\/09\/03\/abinader-recibe-campeones-dominicanos-de-fuerza-comando-paraguay-2026-y-anuncia-seran-ascendidos\/"},"modified":"2026-09-03T19:38:38","modified_gmt":"2026-09-03T19:38:38","slug":"abinader-recibe-campeones-dominicanos-de-fuerza-comando-paraguay-2026-y-anuncia-seran-ascendidos","status":"publish","type":"post","link":"https:\/\/acronoticias.com\/index.php\/2026\/09\/03\/abinader-recibe-campeones-dominicanos-de-fuerza-comando-paraguay-2026-y-anuncia-seran-ascendidos\/","title":{"rendered":"Abinader recibe campeones dominicanos de Fuerza Comando Paraguay 2026 y anuncia ser\u00e1n ascendidos"},"content":{"rendered":"<p><img decoding=\"async\" width=\"355\" height=\"200\" src=\"https:\/\/nuevodiario-assets.s3.us-east-2.amazonaws.com\/wp-content\/uploads\/2026\/09\/Abinader-recibe-campeones-dominicanos-de-Fuerza-Comando-Paraguay-2026-y-anuncia-seran-acendidos-10-355x200.jpeg\" class=\"webfeedsFeaturedVisual wp-post-image\" alt=\"\" style=\"display: block;margin-bottom: 5px;clear:both;max-width: 100%\" loading=\"lazy\" \/><\/p>\n<p>EL NUEVO DIARIO, SANTO DOMINGO.- El presidente de la Rep\u00fablica, Luis Abinader, recibi\u00f3 este jueves en el Palacio Nacional a los integrantes del equipo dominicano de Fuerzas Especiales que conquist\u00f3 el primer lugar en la competencia internacional Fuerza Comando Paraguay 2026, por lo que el mandatario prometi\u00f3 que ser\u00e1n ascendidos el pr\u00f3ximo 27 de febrero, como reconocimiento a su desempe\u00f1o en el evento internacional.<\/p>\n<p>Durante el encuentro, celebrado en el Sal\u00f3n Embajadores, el jefe de Estado felicit\u00f3 personalmente a los miembros del equipo y asegur\u00f3 que hoy puede decirse que el \u201cpa\u00eds pas\u00f3 de la retaguardia a la vanguardia\u201d, seg\u00fan detalla un comunicado de prensa.<\/p>\n<p>\u201cNuestras Fuerzas Armadas, este peque\u00f1o pa\u00eds, pero grande en deseo de progresar, de innovar, gana entonces la competencia de las Fuerzas \u00c9lites\u201d, expres\u00f3 el mandatario.<\/p>\n<p><a href=\"https:\/\/nuevodiario-assets.s3.us-east-2.amazonaws.com\/wp-content\/uploads\/2026\/09\/Abinader-recibe-campeones-dominicanos-de-Fuerza-Comando-Paraguay-2026-y-anuncia-seran-acendidos-1.mp4\">Abinader recibe campeones dominicanos de Fuerza Comando Paraguay 2026 y anuncia ser\u00e1n acendidos. (Video: Prensa Presidencia).<\/a><\/p>\n<p>Asimismo, el gobernante destac\u00f3 el proceso de transformaci\u00f3n y fortalecimiento que han experimentado las Fuerzas Armadas dominicanas, al resaltar que el pa\u00eds alcanz\u00f3, por primera vez, el primer lugar en una competencia internacional de Fuerzas de Comando, por encima de Colombia y Estados Unidos.<\/p>\n<p><img decoding=\"async\" data-recalc-dims=\"1\" loading=\"lazy\" class=\"alignnone wp-image-3263903\" src=\"https:\/\/i0.wp.com\/nuevodiario-assets.s3.us-east-2.amazonaws.com\/wp-content\/uploads\/2026\/09\/Abinader-recibe-campeones-dominicanos-de-Fuerza-Comando-Paraguay-2026-y-anuncia-seran-acendidos-4.jpeg?resize=640%2C427&quality=100&ssl=1\" alt=\"\" width=\"640\" height=\"427\" \/><\/p>\n<p>En ese sentido, el mandatario atribuy\u00f3 estos avances a las inversiones realizadas en infraestructura, equipamiento, entrenamiento e innovaci\u00f3n en el Ej\u00e9rcito, la Armada y la Fuerza A\u00e9rea, as\u00ed como al desarrollo de la industria militar dominicana.<\/p>\n<p><img decoding=\"async\" data-recalc-dims=\"1\" loading=\"lazy\" class=\"alignnone wp-image-3263899\" src=\"https:\/\/i0.wp.com\/nuevodiario-assets.s3.us-east-2.amazonaws.com\/wp-content\/uploads\/2026\/09\/Abinader-recibe-campeones-dominicanos-de-Fuerza-Comando-Paraguay-2026-y-anuncia-seran-acendidos-8.jpeg?resize=640%2C427&quality=100&ssl=1\" alt=\"\" width=\"640\" height=\"427\" \/><\/p>\n<p>El presidente Abinader resalt\u00f3 que esta industria ha permitido al pa\u00eds avanzar de ser un comprador de equipos militares a desarrollar y exportar productos de fabricaci\u00f3n nacional, entre ellos veh\u00edculos blindados y ambulancias. \u201cSin unas Fuerzas Armadas fuertes, no hay un pa\u00eds fuerte\u201d, afirm\u00f3 el presidente, al se\u00f1alar que estos avances contribuyen a fortalecer la protecci\u00f3n del territorio, la integridad nacional y las fronteras.<\/p>\n<p><strong>Haza\u00f1a de soldados dominicanos tras conquistar primer lugar en Fuerza Comando Paraguay 2026<\/strong><\/p>\n<p>De su lado, el ministro de Defensa, teniente general Carlos Antonio Fern\u00e1ndez Onofre, destac\u00f3 el hist\u00f3rico triunfo de la delegaci\u00f3n dominicana en la competencia Fuerza Comando Paraguay 2026, donde el pa\u00eds alcanz\u00f3 el primer lugar entre 17 naciones del continente americano.<\/p>\n<p><img decoding=\"async\" data-recalc-dims=\"1\" loading=\"lazy\" class=\"alignnone wp-image-3263902\" src=\"https:\/\/i0.wp.com\/nuevodiario-assets.s3.us-east-2.amazonaws.com\/wp-content\/uploads\/2026\/09\/Abinader-recibe-campeones-dominicanos-de-Fuerza-Comando-Paraguay-2026-y-anuncia-seran-acendidos-5.jpeg?resize=640%2C427&quality=100&ssl=1\" alt=\"\" width=\"640\" height=\"427\" \/><\/p>\n<p>El ministro sostuvo que esta haza\u00f1a demuestra que la Rep\u00fablica Dominicana cuenta con soldados preparados para enfrentar los desaf\u00edos m\u00e1s exigentes, con profesionalismo, determinaci\u00f3n y profundo sentido patri\u00f3tico, al destacar que esta es la primera vez que las Fuerzas Armadas dominicanas conquistan esta competencia, tras 22 a\u00f1os de existencia, y atribuy\u00f3 el logro a la disciplina, preparaci\u00f3n, trabajo en equipo y profesionalismo de los soldados.<\/p>\n<p><img decoding=\"async\" data-recalc-dims=\"1\" loading=\"lazy\" class=\"alignnone wp-image-3263904\" src=\"https:\/\/i0.wp.com\/nuevodiario-assets.s3.us-east-2.amazonaws.com\/wp-content\/uploads\/2026\/09\/Abinader-recibe-campeones-dominicanos-de-Fuerza-Comando-Paraguay-2026-y-anuncia-seran-acendidos-3.jpeg?resize=640%2C427&quality=100&ssl=1\" alt=\"\" width=\"640\" height=\"427\" \/><\/p>\n<p>\u201cComo ministro de Defensa, expreso p\u00fablicamente que estos soldados son un ejemplo de la preparaci\u00f3n constante, calidad humana y profesional que estamos forjando en nuestras Fuerzas Armadas\u201d, manifest\u00f3 Fern\u00e1ndez Onofre.<\/p>\n<p><img decoding=\"async\" data-recalc-dims=\"1\" loading=\"lazy\" class=\"alignnone wp-image-3263907\" src=\"https:\/\/i0.wp.com\/nuevodiario-assets.s3.us-east-2.amazonaws.com\/wp-content\/uploads\/2026\/09\/Abinader-recibe-campeones-dominicanos-de-Fuerza-Comando-Paraguay-2026-y-anuncia-seran-acendidos-2.jpeg?resize=640%2C427&quality=100&ssl=1\" alt=\"\" width=\"640\" height=\"427\" \/><\/p>\n<p>El ministro de Defensa agradeci\u00f3 al presidente Luis Abinader el respaldo brindado al proceso de fortalecimiento, modernizaci\u00f3n, tecnificaci\u00f3n, desarrollo industrial, profesionalizaci\u00f3n y equipamiento de las instituciones militares, al tiempo que afirm\u00f3 que el triunfo alcanzado es tambi\u00e9n resultado de los avances logrados durante los seis a\u00f1os de gesti\u00f3n de Gobierno.<\/p>\n<p><strong>Fuente de orgullo y motivaci\u00f3n para todos los miembros de las Fuerzas Armadas<\/strong><\/p>\n<p>El primer lugar obtenido en Fuerza Comando Paraguay 2026 constituye, adem\u00e1s, una fuente de orgullo y motivaci\u00f3n para todos los miembros de las Fuerzas Armadas y un compromiso para continuar elevando los est\u00e1ndares de preparaci\u00f3n, disciplina y excelencia de las instituciones militares dominicanas.<\/p>\n<p><img decoding=\"async\" data-recalc-dims=\"1\" loading=\"lazy\" class=\"alignnone wp-image-3263894\" src=\"https:\/\/i0.wp.com\/nuevodiario-assets.s3.us-east-2.amazonaws.com\/wp-content\/uploads\/2026\/09\/Abinader-recibe-campeones-dominicanos-de-Fuerza-Comando-Paraguay-2026-y-anuncia-seran-acendidos-13.jpeg?resize=640%2C427&quality=100&ssl=1\" alt=\"\" width=\"640\" height=\"427\" \/><\/p>\n<p>La conquista del primer lugar evidencia los elevados niveles de preparaci\u00f3n f\u00edsica, t\u00e1ctica y operacional alcanzados por las unidades especializadas de las Fuerzas Armadas, como resultado de un proceso continuo de entrenamiento, profesionalizaci\u00f3n, actualizaci\u00f3n doctrinal y fortalecimiento de sus capacidades.<\/p>\n<p><img decoding=\"async\" data-recalc-dims=\"1\" loading=\"lazy\" class=\"alignnone wp-image-3263900\" src=\"https:\/\/i0.wp.com\/nuevodiario-assets.s3.us-east-2.amazonaws.com\/wp-content\/uploads\/2026\/09\/Abinader-recibe-campeones-dominicanos-de-Fuerza-Comando-Paraguay-2026-y-anuncia-seran-acendidos-7.jpeg?resize=640%2C427&quality=100&ssl=1\" alt=\"\" width=\"640\" height=\"427\" \/><\/p>\n<p>El encuentro con el presidente Abinader represent\u00f3 un reconocimiento al esfuerzo colectivo de los soldados, sus instructores, comandantes, unidades militares y familiares, cuyo respaldo fue fundamental en el proceso de preparaci\u00f3n que culmin\u00f3 con la hist\u00f3rica victoria alcanzada en Paraguay.<\/p>\n<p><img decoding=\"async\" data-recalc-dims=\"1\" loading=\"lazy\" class=\"alignnone wp-image-3263896\" src=\"https:\/\/i0.wp.com\/nuevodiario-assets.s3.us-east-2.amazonaws.com\/wp-content\/uploads\/2026\/09\/Abinader-recibe-campeones-dominicanos-de-Fuerza-Comando-Paraguay-2026-y-anuncia-seran-acendidos-11.jpeg?resize=640%2C495&quality=100&ssl=1\" alt=\"\" width=\"640\" height=\"495\" \/><\/p>\n<p>Los campeones estuvieron acompa\u00f1ados por el ministro de Defensa, teniente general Carlos Antonio Fern\u00e1ndez Onofre, ERD., junto a los comandantes generales del Ej\u00e9rcito de Rep\u00fablica Dominicana, mayor general Jimmy Arias Grull\u00f3n y de la Fuerza A\u00e9rea de Rep\u00fablica Dominicana, mayor general piloto Enmanuel Marcelino Souffront Tamayo, as\u00ed como el subcomandante general de la Armada de Rep\u00fablica Dominicana, Anthony Manuel Tadeo Jimini\u00e1n Obj\u00edo.<\/p>\n<p>NLP\/<\/p>\n<p>La entrada <a href=\"https:\/\/elnuevodiario.com.do\/abinader-recibe-campeones-dominicanos-de-fuerza-comando-paraguay-2026-y-anuncia-seran-ascendidos\/\">Abinader recibe campeones dominicanos de Fuerza Comando Paraguay 2026 y anuncia ser\u00e1n ascendidos<\/a> se public\u00f3 primero en <a href=\"https:\/\/elnuevodiario.com.do\">El Nuevo Diario (Rep\u00fablica Dominicana)<\/a>.<\/p>\n","protected":false},"excerpt":{"rendered":"EL NUEVO DIARIO, SANTO DOMINGO.- El presidente de la Rep\u00fablica, Luis Abinader,&hellip;\n","protected":false},"author":1,"featured_media":67152,"comment_status":"open","ping_status":"open","sticky":false,"template":"","format":"standard","meta":{"footnotes":""},"categories":[1],"tags":[],"class_list":["post-67151","post","type-post","status-publish","format-standard","has-post-thumbnail","category-nacionales"],"_links":{"self":[{"href":"https:\/\/acronoticias.com\/index.php\/wp-json\/wp\/v2\/posts\/67151","targetHints":{"allow":["GET"]}}],"collection":[{"href":"https:\/\/acronoticias.com\/index.php\/wp-json\/wp\/v2\/posts"}],"about":[{"href":"https:\/\/acronoticias.com\/index.php\/wp-json\/wp\/v2\/types\/post"}],"author":[{"embeddable":true,"href":"https:\/\/acronoticias.com\/index.php\/wp-json\/wp\/v2\/users\/1"}],"replies":[{"embeddable":true,"href":"https:\/\/acronoticias.com\/index.php\/wp-json\/wp\/v2\/comments?post=67151"}],"version-history":[{"count":0,"href":"https:\/\/acronoticias.com\/index.php\/wp-json\/wp\/v2\/posts\/67151\/revisions"}],"wp:featuredmedia":[{"embeddable":true,"href":"https:\/\/acronoticias.com\/index.php\/wp-json\/wp\/v2\/media\/67152"}],"wp:attachment":[{"href":"https:\/\/acronoticias.com\/index.php\/wp-json\/wp\/v2\/media?parent=67151"}],"wp:term":[{"taxonomy":"category","embeddable":true,"href":"https:\/\/acronoticias.com\/index.php\/wp-json\/wp\/v2\/categories?post=67151"},{"taxonomy":"post_tag","embeddable":true,"href":"https:\/\/acronoticias.com\/index.php\/wp-json\/wp\/v2\/tags?post=67151"}],"curies":[{"name":"wp","href":"https:\/\/api.w.org\/{rel}","templated":true}]}}