{"id":67149,"date":"2026-09-03T19:22:49","date_gmt":"2026-09-03T19:22:49","guid":{"rendered":"https:\/\/acronoticias.com\/index.php\/2026\/09\/03\/distrito-educativo-09-03-realizo-taller-de-socializacion-de-la-ordenanza-03-2025\/"},"modified":"2026-09-03T19:22:49","modified_gmt":"2026-09-03T19:22:49","slug":"distrito-educativo-09-03-realizo-taller-de-socializacion-de-la-ordenanza-03-2025","status":"publish","type":"post","link":"https:\/\/acronoticias.com\/index.php\/2026\/09\/03\/distrito-educativo-09-03-realizo-taller-de-socializacion-de-la-ordenanza-03-2025\/","title":{"rendered":"Distrito Educativo 09-03 realiz\u00f3 Taller de Socializaci\u00f3n de la Ordenanza 03-2025"},"content":{"rendered":"<p><img loading=\"lazy\" decoding=\"async\" width=\"355\" height=\"200\" src=\"https:\/\/nuevodiario-assets.s3.us-east-2.amazonaws.com\/wp-content\/uploads\/2026\/09\/Presentes-355x200.png\" class=\"webfeedsFeaturedVisual wp-post-image\" alt=\"\" style=\"display: block;margin-bottom: 5px;clear:both;max-width: 100%\" \/><\/p>\n<p>EL NUEVO DIARIO, SANTIAGO RODRIGUEZ.- El Distrito Educativo 09-03, a trav\u00e9s de su Coordinaci\u00f3n de Participaci\u00f3n Comunitaria, llev\u00f3 a cabo el \u00abTaller de Socializaci\u00f3n de la Ordenanza 03-2025\u00bb, orientada al fortalecimiento de las capacidades de los directores de centros educativos.<\/p>\n<p>Esta iniciativa es con las finalidad de promover la adecuada conformaci\u00f3n y funcionamiento de los organismos de participaci\u00f3n de las familias y las Escuelas de Padres y Madres (EPM).<\/p>\n<p>La actividad tuvo lugar en el Sal\u00f3n de Actos del Ayuntamiento Municipal y cont\u00f3 con las palabras de motivaci\u00f3n del director distrital, Domingo Cristiano Torres Fern\u00e1ndez, quien destac\u00f3 la importancia del compromiso compartido para lograr la calidad educativa.<\/p>\n<p>Durante su intervenci\u00f3n, Torres Fern\u00e1ndez enfatiz\u00f3 que los aprendizajes significativos est\u00e1n estrechamente vinculados a la buena gerencia escolar, el compromiso de todo el personal educativo y la integraci\u00f3n activa de las familias.<\/p>\n<p>Asimismo, resalt\u00f3 la necesidad de contar con Asociaciones de Padres, Madres, Tutores y Amigos de la Escuela (APMAE) funcionales que impulsen las iniciativas del Ministerio de Educaci\u00f3n (MINERD).<\/p>\n<p>El taller abarc\u00f3 diversos momentos orientados a dotar a los equipos directivos de las herramientas necesarias. La actividad, fue conducida por la Coordinadora del Nivel Primario Dilmarys Cuello, quien agot\u00f3 un turno para socializar temas de inter\u00e9s del nivel.<\/p>\n<p>El taller cont\u00f3 con el seguimiento de la directora adjunta, Maribel J\u00e1quez; Magalis Rodr\u00edguez, coordinadora curricular; y Rafael Pe\u00f1a, asesor docente. Desde el nivel nacional participaron, en calidad de apoyo y seguimiento, Yeservin Encarnaci\u00f3n, t\u00e9cnico nacional de Participaci\u00f3n Comunitaria y Yaniris Tineo, t\u00e9cnico regional del \u00e1rea.<\/p>\n<p>La entrada <a href=\"https:\/\/elnuevodiario.com.do\/distrito-educativo-09-03-realizo-taller-de-socializacion-de-la-ordenanza-03-2025\/\">Distrito Educativo 09-03 realiz\u00f3 Taller de Socializaci\u00f3n de la Ordenanza 03-2025<\/a> se public\u00f3 primero en <a href=\"https:\/\/elnuevodiario.com.do\">El Nuevo Diario (Rep\u00fablica Dominicana)<\/a>.<\/p>\n","protected":false},"excerpt":{"rendered":"EL NUEVO DIARIO, SANTIAGO RODRIGUEZ.- El Distrito Educativo 09-03, a trav\u00e9s de&hellip;\n","protected":false},"author":1,"featured_media":67150,"comment_status":"open","ping_status":"open","sticky":false,"template":"","format":"standard","meta":{"footnotes":""},"categories":[1],"tags":[],"class_list":["post-67149","post","type-post","status-publish","format-standard","has-post-thumbnail","category-nacionales"],"_links":{"self":[{"href":"https:\/\/acronoticias.com\/index.php\/wp-json\/wp\/v2\/posts\/67149","targetHints":{"allow":["GET"]}}],"collection":[{"href":"https:\/\/acronoticias.com\/index.php\/wp-json\/wp\/v2\/posts"}],"about":[{"href":"https:\/\/acronoticias.com\/index.php\/wp-json\/wp\/v2\/types\/post"}],"author":[{"embeddable":true,"href":"https:\/\/acronoticias.com\/index.php\/wp-json\/wp\/v2\/users\/1"}],"replies":[{"embeddable":true,"href":"https:\/\/acronoticias.com\/index.php\/wp-json\/wp\/v2\/comments?post=67149"}],"version-history":[{"count":0,"href":"https:\/\/acronoticias.com\/index.php\/wp-json\/wp\/v2\/posts\/67149\/revisions"}],"wp:featuredmedia":[{"embeddable":true,"href":"https:\/\/acronoticias.com\/index.php\/wp-json\/wp\/v2\/media\/67150"}],"wp:attachment":[{"href":"https:\/\/acronoticias.com\/index.php\/wp-json\/wp\/v2\/media?parent=67149"}],"wp:term":[{"taxonomy":"category","embeddable":true,"href":"https:\/\/acronoticias.com\/index.php\/wp-json\/wp\/v2\/categories?post=67149"},{"taxonomy":"post_tag","embeddable":true,"href":"https:\/\/acronoticias.com\/index.php\/wp-json\/wp\/v2\/tags?post=67149"}],"curies":[{"name":"wp","href":"https:\/\/api.w.org\/{rel}","templated":true}]}}