{"id":67143,"date":"2026-09-03T19:06:44","date_gmt":"2026-09-03T19:06:44","guid":{"rendered":"https:\/\/acronoticias.com\/index.php\/2026\/09\/03\/armada-de-rd-inicia-en-colombia-despliegue-logistico-para-entrega-de-ayuda-humanitaria\/"},"modified":"2026-09-03T19:06:44","modified_gmt":"2026-09-03T19:06:44","slug":"armada-de-rd-inicia-en-colombia-despliegue-logistico-para-entrega-de-ayuda-humanitaria","status":"publish","type":"post","link":"https:\/\/acronoticias.com\/index.php\/2026\/09\/03\/armada-de-rd-inicia-en-colombia-despliegue-logistico-para-entrega-de-ayuda-humanitaria\/","title":{"rendered":"Armada de RD inicia en Colombia despliegue log\u00edstico para entrega de ayuda humanitaria"},"content":{"rendered":"<p><img decoding=\"async\" width=\"355\" height=\"200\" src=\"https:\/\/nuevodiario-assets.s3.us-east-2.amazonaws.com\/wp-content\/uploads\/2026\/09\/Armada-355x200.webp\" class=\"webfeedsFeaturedVisual wp-post-image\" alt=\"\" style=\"display: block;margin-bottom: 5px;clear:both;max-width: 100%\" loading=\"lazy\" \/><\/p>\n<p>EL NUEVO DIARIO, COLOMBIA.- La Armada de Rep\u00fablica Dominicana (ARD) inform\u00f3 que a las 08:00 horas (hora colombiana) de este jueves 3 de septiembre comenz\u00f3 el proceso de descarga y transferencia de m\u00e1s de 50 toneladas de asistencia humanitaria destinadas a la Rep\u00fablica de Colombia recibidas desde el buque insignia Patrullero de Altura \u201cAlmirante Didiez Burgos\u201d (PA-301, ARD).<\/p>\n<p>El procedimiento se desarrolla de manera coordinada y sin novedades. La recepci\u00f3n t\u00e9cnica en territorio colombiano est\u00e1 a cargo del teniente coronel Gustavo Adolfo Henr\u00edquez Ospino, de la Infanter\u00eda de Marina Colombiana y Jefe del Departamento de Acci\u00f3n Integral de dicha unidad. Para agilizar el traslado de los insumos hacia las comunidades destinatarias, las autoridades de ambas naciones acordaron prescindir de actos ceremoniales y concentrar los esfuerzos en la log\u00edstica de desembarco, indica un comunicado.<\/p>\n<p>La ayuda transportada por la embarcaci\u00f3n dominicana asciende a 110,530 libras (49,735 kilogramos), distribuidas en 20 paletas que contienen alimentos de emergencia, herramientas, insumos m\u00e9dicos, medicamentos y productos de higiene familiar.<\/p>\n<p><a href=\"https:\/\/nuevodiario-assets.s3.us-east-2.amazonaws.com\/wp-content\/uploads\/2026\/09\/Ayuda-humanitaria-enviada-de-RD-a-Colombia-Video-Mide.mp4\">Ayuda humanitaria enviada de RD a Colombia (Video: Mide)<\/a><\/p>\n<p>Con esta acci\u00f3n, la instituci\u00f3n naval ratifica la capacidad operativa de sus unidades para proyectar auxilio eficiente y fortalece los lazos de cooperaci\u00f3n e integraci\u00f3n regional entre la Rep\u00fablica Dominicana y Colombia.<\/p>\n<p>ADDP\/<\/p>\n<p>La entrada <a href=\"https:\/\/elnuevodiario.com.do\/armada-de-rd-inicia-en-colombia-despliegue-logistico-para-entrega-de-ayuda-humanitaria\/\">Armada de RD inicia en Colombia despliegue log\u00edstico para entrega de ayuda humanitaria<\/a> se public\u00f3 primero en <a href=\"https:\/\/elnuevodiario.com.do\">El Nuevo Diario (Rep\u00fablica Dominicana)<\/a>.<\/p>\n","protected":false},"excerpt":{"rendered":"EL NUEVO DIARIO, COLOMBIA.- La Armada de Rep\u00fablica Dominicana (ARD) inform\u00f3 que&hellip;\n","protected":false},"author":1,"featured_media":67144,"comment_status":"open","ping_status":"open","sticky":false,"template":"","format":"standard","meta":{"footnotes":""},"categories":[1],"tags":[],"class_list":["post-67143","post","type-post","status-publish","format-standard","has-post-thumbnail","category-nacionales"],"_links":{"self":[{"href":"https:\/\/acronoticias.com\/index.php\/wp-json\/wp\/v2\/posts\/67143","targetHints":{"allow":["GET"]}}],"collection":[{"href":"https:\/\/acronoticias.com\/index.php\/wp-json\/wp\/v2\/posts"}],"about":[{"href":"https:\/\/acronoticias.com\/index.php\/wp-json\/wp\/v2\/types\/post"}],"author":[{"embeddable":true,"href":"https:\/\/acronoticias.com\/index.php\/wp-json\/wp\/v2\/users\/1"}],"replies":[{"embeddable":true,"href":"https:\/\/acronoticias.com\/index.php\/wp-json\/wp\/v2\/comments?post=67143"}],"version-history":[{"count":0,"href":"https:\/\/acronoticias.com\/index.php\/wp-json\/wp\/v2\/posts\/67143\/revisions"}],"wp:featuredmedia":[{"embeddable":true,"href":"https:\/\/acronoticias.com\/index.php\/wp-json\/wp\/v2\/media\/67144"}],"wp:attachment":[{"href":"https:\/\/acronoticias.com\/index.php\/wp-json\/wp\/v2\/media?parent=67143"}],"wp:term":[{"taxonomy":"category","embeddable":true,"href":"https:\/\/acronoticias.com\/index.php\/wp-json\/wp\/v2\/categories?post=67143"},{"taxonomy":"post_tag","embeddable":true,"href":"https:\/\/acronoticias.com\/index.php\/wp-json\/wp\/v2\/tags?post=67143"}],"curies":[{"name":"wp","href":"https:\/\/api.w.org\/{rel}","templated":true}]}}