{"id":67141,"date":"2026-09-03T18:51:12","date_gmt":"2026-09-03T18:51:12","guid":{"rendered":"https:\/\/acronoticias.com\/index.php\/2026\/09\/03\/legisladores-respaldan-decreto-contra-el-terrorismo-medioambiental-pero-exigen-que-no-se-quede-en-palabras\/"},"modified":"2026-09-03T18:51:12","modified_gmt":"2026-09-03T18:51:12","slug":"legisladores-respaldan-decreto-contra-el-terrorismo-medioambiental-pero-exigen-que-no-se-quede-en-palabras","status":"publish","type":"post","link":"https:\/\/acronoticias.com\/index.php\/2026\/09\/03\/legisladores-respaldan-decreto-contra-el-terrorismo-medioambiental-pero-exigen-que-no-se-quede-en-palabras\/","title":{"rendered":"Legisladores respaldan decreto contra el \u201cterrorismo medioambiental\u201d, pero exigen que no se quede en palabras"},"content":{"rendered":"<p><img loading=\"lazy\" decoding=\"async\" width=\"355\" height=\"200\" src=\"https:\/\/nuevodiario-assets.s3.us-east-2.amazonaws.com\/wp-content\/uploads\/2026\/09\/Antonio-Marte-355x200.png\" class=\"webfeedsFeaturedVisual wp-post-image\" alt=\"\" style=\"display: block;margin-bottom: 5px;clear:both;max-width: 100%\" \/><\/p>\n<p>EL NUEVO DIARIO, SANTO DOMINGO.- Legisladores de distintas bancadas saludaron este jueves el decreto emitido por el Poder Ejecutivo para enfrentar lo que han denominado \u201cterrorismo medioambiental\u201d, al considerar que constituye una se\u00f1al de firmeza frente a las acciones que atentan contra los recursos naturales del pa\u00eds.<\/p>\n<p>Sin embargo, los parlamentarios advirtieron que la medida debe traducirse en acciones concretas, persecuci\u00f3n efectiva y sanciones para quienes depreden el medioambiente, al tiempo que expresaron su preocupaci\u00f3n de que el decreto termine siendo una disposici\u00f3n m\u00e1s que genere titulares, pero que no produzca resultados.<\/p>\n<p>Los legisladores coincidieron en que el pa\u00eds necesita fortalecer los mecanismos de vigilancia y persecuci\u00f3n contra quienes provocan da\u00f1os a los r\u00edos, bosques, monta\u00f1as, costas y dem\u00e1s ecosistemas, especialmente frente a pr\u00e1cticas como la extracci\u00f3n ilegal de materiales, la deforestaci\u00f3n y otras actividades que afectan los recursos naturales.<\/p>\n<p>El senador y presidente de la Comisi\u00f3n Permanente de Medio Ambiente en la C\u00e1mara Alta, Antonio Marte, felicit\u00f3 al presidente Luis Abinader, por la disposici\u00f3n y advirti\u00f3 que espera que la medida no se quede \u00fanicamente en el papel y sea aplicada, incluso contra funcionarios y empleados p\u00fablicos involucrados en delitos ambientales.<\/p>\n<p><a href=\"https:\/\/nuevodiario-assets.s3.us-east-2.amazonaws.com\/wp-content\/uploads\/2026\/09\/Antonio-Marte.mp4\">Antonio Marte. (Video: Lidia Pinales).<\/a><\/p>\n<p>\u201cYo quiero ver aplic\u00e1ndoselo en el espinazo a muchos. Y muchos funcionarios van ah\u00ed que son los que mandan a esas diabluras para buscar cuartos\u201d, afirm\u00f3 Marte.<\/p>\n<p>Asimismo, sostuvo que la responsabilidad no se limita a funcionarios de alto nivel, sino que tambi\u00e9n puede alcanzar a empleados del Gobierno que participen o faciliten estas pr\u00e1cticas.<\/p>\n<p>El legislador consider\u00f3 que el principal desaf\u00edo ahora es que el decreto presidencial no corra la misma suerte de otras disposiciones y proyectos que, seg\u00fan dijo, terminan engavetados sin que se produzcan consecuencias para quienes violan las normas.<\/p>\n<p>De su lado, el diputado y presidente de la Comisi\u00f3n Permanente de Medio Ambiente de la C\u00e1mara Baja, Juan Medina, valor\u00f3 positivamente el decreto emitido por el Poder Ejecutivo y confi\u00f3 en que el presidente Luis Abinader, garantizar\u00e1 su cumplimiento.<\/p>\n<p><a href=\"https:\/\/nuevodiario-assets.s3.us-east-2.amazonaws.com\/wp-content\/uploads\/2026\/09\/Diputado-Juan-Medina.mp4\">Diputado Juan Medina. (Video: Lidia Pinales).<\/a><\/p>\n<p>El legislador consider\u00f3 que la disposici\u00f3n llega \u201cen el mejor momento\u201d destacando el compromiso asumido por el mandatario de supervisar personalmente su aplicaci\u00f3n.<\/p>\n<p>\u201cEl presidente no va a dejar su palabra en el suelo. \u00c9l mismo va a hacer que se cumpla ese decreto; \u00e9l mismo lo dijo: \u00e9l mismo va a salir, \u00e9l mismo va a ver y \u00e9l mismo va a supervisar que se cumpla realmente\u201d, afirm\u00f3.<\/p>\n<p>Asimismo, hizo un llamado a la ciudadan\u00eda a asumir un papel activo en la protecci\u00f3n del medioambiente, denunciando las acciones que atenten contra los recursos naturales.<\/p>\n<p>La diputada del partido Fuerza del Pueblo, Llaniris Espinal, advirti\u00f3 que las medidas anunciadas por el Poder Ejecutivo para enfrentar el denominado \u201cterrorismo medioambiental\u201d no deben quedarse \u00fanicamente en declaraciones o acciones para llamar la atenci\u00f3n y cuestion\u00f3 la falta de aplicaci\u00f3n efectiva de las leyes ambientales vigentes en el pa\u00eds.<\/p>\n<p><a href=\"https:\/\/nuevodiario-assets.s3.us-east-2.amazonaws.com\/wp-content\/uploads\/2026\/09\/Diputada-Llaniris-Espinal.mp4\">Diputada Llaniris Espinal. (Video: Lidia Pinales).<\/a><\/p>\n<p>Espinal sostuvo que Rep\u00fablica Dominicana cuenta con disposiciones legales que establecen mecanismos para proteger los recursos naturales, pero que, en la pr\u00e1ctica, muchas de estas normas no se cumplen.<\/p>\n<p>La legisladora destac\u00f3 que desde su llegada al Congreso Nacional ha presentado diferentes iniciativas dirigidas a fortalecer la protecci\u00f3n ambiental y promover un modelo de desarrollo sostenible, entre ellas proyectos relacionados con \u201cLey de Ecocidio\u201d, Ciudades Verdes, Sostenibles y Resilientes, as\u00ed como propuestas para declarar determinadas zonas del pa\u00eds libres de miner\u00eda met\u00e1lica sin lograr su aprobaci\u00f3n.<\/p>\n<p>\u201cSi se tuviera un poquito de voluntad pol\u00edtica para que estos temas se resolvieran, hace rato que los tuvi\u00e9ramos resolviendo\u201d, manifest\u00f3.<\/p>\n<p>En tanto, el diputado del Partido de la Liberaci\u00f3n Dominicana (PLD), Mayobanex Mart\u00ednez, hizo un llamado al Gobierno para que frene las autorizaciones para la explotaci\u00f3n de recursos naturales, fortalezca la protecci\u00f3n de las monta\u00f1as y ponga en marcha programas de reforestaci\u00f3n de las principales cuencas hidrogr\u00e1ficas del pa\u00eds.<\/p>\n<p><a href=\"https:\/\/nuevodiario-assets.s3.us-east-2.amazonaws.com\/wp-content\/uploads\/2026\/09\/Diputado-Mayobanex-Martinez.mp4\">Diputado Mayobanex Mart\u00ednez. (Video: Lidia Pinales).<\/a><\/p>\n<p>La solicitud pone especial atenci\u00f3n en la cordillera Septentrional, ante la necesidad de preservar sus bosques, fuentes de agua y ecosistemas, considerados fundamentales para la sostenibilidad ambiental y el abastecimiento de las comunidades.<\/p>\n<p>Asimismo, se plantea reforzar la vigilancia y aplicaci\u00f3n de las normas ambientales para evitar que las actividades extractivas contin\u00faen afectando \u00e1reas de alto valor ecol\u00f3gico.<\/p>\n<p>NLP\/<\/p>\n<p>La entrada <a href=\"https:\/\/elnuevodiario.com.do\/legisladores-respaldan-decreto-contra-el-terrorismo-medioambiental-pero-exigen-que-no-se-quede-en-palabras\/\">Legisladores respaldan decreto contra el \u201cterrorismo medioambiental\u201d, pero exigen que no se quede en palabras<\/a> se public\u00f3 primero en <a href=\"https:\/\/elnuevodiario.com.do\">El Nuevo Diario (Rep\u00fablica Dominicana)<\/a>.<\/p>\n","protected":false},"excerpt":{"rendered":"EL NUEVO DIARIO, SANTO DOMINGO.- Legisladores de distintas bancadas saludaron este jueves&hellip;\n","protected":false},"author":1,"featured_media":67142,"comment_status":"open","ping_status":"open","sticky":false,"template":"","format":"standard","meta":{"footnotes":""},"categories":[1],"tags":[],"class_list":["post-67141","post","type-post","status-publish","format-standard","has-post-thumbnail","category-nacionales"],"_links":{"self":[{"href":"https:\/\/acronoticias.com\/index.php\/wp-json\/wp\/v2\/posts\/67141","targetHints":{"allow":["GET"]}}],"collection":[{"href":"https:\/\/acronoticias.com\/index.php\/wp-json\/wp\/v2\/posts"}],"about":[{"href":"https:\/\/acronoticias.com\/index.php\/wp-json\/wp\/v2\/types\/post"}],"author":[{"embeddable":true,"href":"https:\/\/acronoticias.com\/index.php\/wp-json\/wp\/v2\/users\/1"}],"replies":[{"embeddable":true,"href":"https:\/\/acronoticias.com\/index.php\/wp-json\/wp\/v2\/comments?post=67141"}],"version-history":[{"count":0,"href":"https:\/\/acronoticias.com\/index.php\/wp-json\/wp\/v2\/posts\/67141\/revisions"}],"wp:featuredmedia":[{"embeddable":true,"href":"https:\/\/acronoticias.com\/index.php\/wp-json\/wp\/v2\/media\/67142"}],"wp:attachment":[{"href":"https:\/\/acronoticias.com\/index.php\/wp-json\/wp\/v2\/media?parent=67141"}],"wp:term":[{"taxonomy":"category","embeddable":true,"href":"https:\/\/acronoticias.com\/index.php\/wp-json\/wp\/v2\/categories?post=67141"},{"taxonomy":"post_tag","embeddable":true,"href":"https:\/\/acronoticias.com\/index.php\/wp-json\/wp\/v2\/tags?post=67141"}],"curies":[{"name":"wp","href":"https:\/\/api.w.org\/{rel}","templated":true}]}}