{"id":67137,"date":"2026-09-03T18:18:43","date_gmt":"2026-09-03T18:18:43","guid":{"rendered":"https:\/\/acronoticias.com\/index.php\/2026\/09\/03\/empresarios-y-entidades-unen-esfuerzos-en-chile-para-impulsar-educacion-superior-inclusiva-en-rd\/"},"modified":"2026-09-03T18:18:43","modified_gmt":"2026-09-03T18:18:43","slug":"empresarios-y-entidades-unen-esfuerzos-en-chile-para-impulsar-educacion-superior-inclusiva-en-rd","status":"publish","type":"post","link":"https:\/\/acronoticias.com\/index.php\/2026\/09\/03\/empresarios-y-entidades-unen-esfuerzos-en-chile-para-impulsar-educacion-superior-inclusiva-en-rd\/","title":{"rendered":"Empresarios y entidades unen esfuerzos en Chile para impulsar educaci\u00f3n superior inclusiva en RD"},"content":{"rendered":"<p><img decoding=\"async\" width=\"355\" height=\"200\" src=\"https:\/\/nuevodiario-assets.s3.us-east-2.amazonaws.com\/wp-content\/uploads\/2026\/09\/Empresarios-y-entidades-unen-esfuerzos-en-Chile-para-impulsar-educacion-superior-inclusiva-en-RD-3-355x200.jpg\" class=\"webfeedsFeaturedVisual wp-post-image\" alt=\"\" style=\"display: block;margin-bottom: 5px;clear:both;max-width: 100%\" loading=\"lazy\" \/><\/p>\n<p>EL NUEVO DIARIO, SANTIAGO DE CHILE.\u2013 La empresaria tur\u00edstica dominicana Hayd\u00e9e Rainieri, el empresario Juan Tom\u00e1s D\u00edaz y Ver\u00f3nica D\u00edaz Rainieri, junto a representantes de la Universidad Pedro Henr\u00edquez Ure\u00f1a (Unphu), Save the Children Dominicana y Fundaci\u00f3n Integra, desarrollaron una agenda de trabajo en Chile para conocer de primera mano los programas de inclusi\u00f3n y formaci\u00f3n universitaria dirigidos a personas con discapacidad que desarroll\u00f3 la Universidad Andr\u00e9s Bello (UNAB).<\/p>\n<p>De acuerdo a una nota de prensa, la agenda tuvo como prop\u00f3sito conocer las metodolog\u00edas, experiencias y resultados de estas iniciativas, mediante la observaci\u00f3n de clases y el intercambio con los equipos responsables, con el objetivo de analizar su posible adaptaci\u00f3n a la realidad dominicana y sentar las bases para la implementaci\u00f3n de un programa especializado en la Rep\u00fablica Dominicana.<\/p>\n<p>Como parte de la agenda, el \u00e1rea de Cooperaci\u00f3n de la Embajada de la Rep\u00fablica Dominicana en Chile acompa\u00f1\u00f3 el proceso, con miras a avanzar hacia un acuerdo de cooperaci\u00f3n interuniversitaria entre la Universidad Andr\u00e9s Bello y la Unphu. En ese contexto, la delegaci\u00f3n sostuvo un encuentro con el embajador dominicano en Chile, Juan Cohen.<\/p>\n<figure id=\"attachment_3263929\" aria-describedby=\"caption-attachment-3263929\" style=\"width: 2560px\" class=\"wp-caption alignnone\"><img loading=\"lazy\" decoding=\"async\" data-recalc-dims=\"1\" class=\"size-full wp-image-3263929\" src=\"https:\/\/i0.wp.com\/nuevodiario-assets.s3.us-east-2.amazonaws.com\/wp-content\/uploads\/2026\/09\/Empresarios-y-entidades-unen-esfuerzos-en-Chile-para-impulsar-educacion-superior-inclusiva-en-RD-2-scaled.jpg?resize=640%2C480&quality=100&ssl=1\" alt=\"\" width=\"640\" height=\"480\" \/><figcaption id=\"caption-attachment-3263929\" class=\"wp-caption-text\"><em><strong>(Foto: Mois\u00e9s Gonz\u00e1lez)<\/strong><\/em><\/figcaption><\/figure>\n<p>La misi\u00f3n tambi\u00e9n contempl\u00f3 la elaboraci\u00f3n de un programa de trabajo que permitiera dar continuidad al proceso una vez que la delegaci\u00f3n regresara al pa\u00eds. La iniciativa busc\u00f3 sentar las bases para desarrollar en Rep\u00fablica Dominicana un modelo universitario especializado de formaci\u00f3n y habilidades laborales para personas con discapacidad, que, de concretarse, podr\u00eda convertirse en el primer programa universitario especializado de esta naturaleza en el pa\u00eds.<\/p>\n<p>La propuesta adquiri\u00f3 especial relevancia ante la realidad de la poblaci\u00f3n dominicana. De acuerdo con los resultados del Censo Nacional de Poblaci\u00f3n y Vivienda de 2010 de la Oficina Nacional de Estad\u00edstica (ONE), m\u00e1s de un mill\u00f3n de personas en el pa\u00eds, equivalente aproximadamente al 12 % de la poblaci\u00f3n, report\u00f3 alguna discapacidad.<\/p>\n<p>En el marco de esta iniciativa, Ver\u00f3nica D\u00edaz Rainieri aport\u00f3 adem\u00e1s su experiencia como embajadora del programa Escuelas Unificadas, desde donde trabaj\u00f3 para fomentar el liderazgo juvenil y la participaci\u00f3n de personas con discapacidad en espacios educativos y recreativos.<\/p>\n<figure id=\"attachment_3263928\" aria-describedby=\"caption-attachment-3263928\" style=\"width: 2560px\" class=\"wp-caption alignnone\"><img loading=\"lazy\" decoding=\"async\" data-recalc-dims=\"1\" class=\"size-full wp-image-3263928\" src=\"https:\/\/i0.wp.com\/nuevodiario-assets.s3.us-east-2.amazonaws.com\/wp-content\/uploads\/2026\/09\/Empresarios-y-entidades-unen-esfuerzos-en-Chile-para-impulsar-educacion-superior-inclusiva-en-RD-1-scaled.jpg?resize=640%2C480&quality=100&ssl=1\" alt=\"\" width=\"640\" height=\"480\" \/><figcaption id=\"caption-attachment-3263928\" class=\"wp-caption-text\"><em><strong>(Foto: Mois\u00e9s Gonz\u00e1lez)<\/strong><\/em><\/figcaption><\/figure>\n<p>D\u00edaz Rainieri tambi\u00e9n se destac\u00f3 como atleta de Olimpiadas Especiales. Su talento deportivo se extendi\u00f3 a distintas disciplinas y, particularmente en la nataci\u00f3n, una de sus grandes pasiones, demostr\u00f3 ser una competidora excepcional al lograr una medalla de oro en la Universidad Andr\u00e9s Bello (UNAB), donde curs\u00f3 una licenciatura en Habilidades Laborales.<\/p>\n<p>La iniciativa busc\u00f3 abrir nuevas oportunidades de acceso a la educaci\u00f3n superior, fortalecer la inclusi\u00f3n y crear un modelo que permitiera que m\u00e1s personas con discapacidad desarrollaran sus capacidades, alcanzaran una formaci\u00f3n profesional y participaran plenamente en la sociedad dominicana.<\/p>\n<p>La entrada <a href=\"https:\/\/elnuevodiario.com.do\/empresarios-y-entidades-unen-esfuerzos-en-chile-para-impulsar-educacion-superior-inclusiva-en-rd\/\">Empresarios y entidades unen esfuerzos en Chile para impulsar educaci\u00f3n superior inclusiva en RD<\/a> se public\u00f3 primero en <a href=\"https:\/\/elnuevodiario.com.do\">El Nuevo Diario (Rep\u00fablica Dominicana)<\/a>.<\/p>\n","protected":false},"excerpt":{"rendered":"EL NUEVO DIARIO, SANTIAGO DE CHILE.\u2013 La empresaria tur\u00edstica dominicana Hayd\u00e9e Rainieri,&hellip;\n","protected":false},"author":1,"featured_media":67138,"comment_status":"open","ping_status":"open","sticky":false,"template":"","format":"standard","meta":{"footnotes":""},"categories":[1],"tags":[],"class_list":["post-67137","post","type-post","status-publish","format-standard","has-post-thumbnail","category-nacionales"],"_links":{"self":[{"href":"https:\/\/acronoticias.com\/index.php\/wp-json\/wp\/v2\/posts\/67137","targetHints":{"allow":["GET"]}}],"collection":[{"href":"https:\/\/acronoticias.com\/index.php\/wp-json\/wp\/v2\/posts"}],"about":[{"href":"https:\/\/acronoticias.com\/index.php\/wp-json\/wp\/v2\/types\/post"}],"author":[{"embeddable":true,"href":"https:\/\/acronoticias.com\/index.php\/wp-json\/wp\/v2\/users\/1"}],"replies":[{"embeddable":true,"href":"https:\/\/acronoticias.com\/index.php\/wp-json\/wp\/v2\/comments?post=67137"}],"version-history":[{"count":0,"href":"https:\/\/acronoticias.com\/index.php\/wp-json\/wp\/v2\/posts\/67137\/revisions"}],"wp:featuredmedia":[{"embeddable":true,"href":"https:\/\/acronoticias.com\/index.php\/wp-json\/wp\/v2\/media\/67138"}],"wp:attachment":[{"href":"https:\/\/acronoticias.com\/index.php\/wp-json\/wp\/v2\/media?parent=67137"}],"wp:term":[{"taxonomy":"category","embeddable":true,"href":"https:\/\/acronoticias.com\/index.php\/wp-json\/wp\/v2\/categories?post=67137"},{"taxonomy":"post_tag","embeddable":true,"href":"https:\/\/acronoticias.com\/index.php\/wp-json\/wp\/v2\/tags?post=67137"}],"curies":[{"name":"wp","href":"https:\/\/api.w.org\/{rel}","templated":true}]}}