{"id":67133,"date":"2026-09-03T18:10:39","date_gmt":"2026-09-03T18:10:39","guid":{"rendered":"https:\/\/acronoticias.com\/index.php\/2026\/09\/03\/que-es-el-fenomeno-meteorologico-el-nino\/"},"modified":"2026-09-03T18:10:39","modified_gmt":"2026-09-03T18:10:39","slug":"que-es-el-fenomeno-meteorologico-el-nino","status":"publish","type":"post","link":"https:\/\/acronoticias.com\/index.php\/2026\/09\/03\/que-es-el-fenomeno-meteorologico-el-nino\/","title":{"rendered":"\u00bfQu\u00e9 es el fen\u00f3meno meteorol\u00f3gico El Ni\u00f1o?"},"content":{"rendered":"<div>\n<div class=\"c-detail__author full\">\n<div>\n<div class=\"c-detail__author__thumb\">\n<figure>\n                                <picture src=\"https:\/\/imagenes.hoy.com.do\/files\/image_square_xs\/uploads\/2025\/11\/18\/691c7d5bed035.jpeg\" data-size=\"w:40,h:40\">\n                                    <img decoding=\"async\" loading=\"lazy\" alt=\"EFE EFE\" width=\"40\" height=\"40\" src=\"https:\/\/imagenes.hoy.com.do\/files\/image_square_xs\/uploads\/2025\/11\/18\/691c7d5bed035.jpeg\"\/>\n                                <\/picture>\n                                <\/figure>\n<\/div>\n<\/div>\n<\/div>\n<p>                                                                                            <!-- --><\/p>\n<p class=\"paragraph\"><b>Redacci\u00f3n Medioambiente.<\/b> En los pr\u00f3ximos meses, el fen\u00f3meno meteorol\u00f3gico conocido como <a href=\"https:\/\/x.com\/PeriodicoHoy\">El Ni\u00f1o<\/a> se intensificar\u00e1 a\u00fan m\u00e1s, hasta ser muy fuerte y persistir al menos hasta febrero pr\u00f3ximo, alterando las pautas de lluvias y temperaturas en todo el mundo: pero, \u00bfqu\u00e9 es exactamente?.<\/p>\n<p class=\"paragraph\">El Ni\u00f1o es una de las fases de un patr\u00f3n clim\u00e1tico de origen natural llamado El Ni\u00f1o-Oscilaci\u00f3n del Sur (ENOS), seg\u00fan la Organizaci\u00f3n Meteorol\u00f3gica Mundial (OMM).<\/p>\n<p class=\"paragraph\">En concreto, este fen\u00f3meno que suele aparecer entre cada dos y siete a\u00f1os, provoca un aumento de las temperaturas de las zonas central y oriental del Pac\u00edfico ecuatorial y, al mismo tiempo, conlleva cambios en la atm\u00f3sfera situada sobre sus aguas.<\/p>\n<p class=\"paragraph\">En esta ocasi\u00f3n, la fuerza que tomar\u00e1 El Ni\u00f1o se originar\u00e1 en parte por las temperaturas excepcionalmente altas en el Pac\u00edfico tropical -que del lado latinoamericano ba\u00f1a Ecuador, Colombia o Per\u00fa- y se prev\u00e9 que alcance su apogeo a finales de este a\u00f1o, aunque sus efectos se seguir\u00e1n sintiendo bien entrado 2027.<\/p>\n<h2 id=\"1-el-nino-y-la-nina\" class=\"subtitle\">1. El Ni\u00f1o y La Ni\u00f1a<br \/><\/h2>\n<figure class=\"c-detail__media \"><figcaption class=\"c-detail__media__txt\">\n<p class=\"c-detail__media__subtitle\">\n<p>        <span class=\"c-detail__media__credit \">El Ni\u00f1o y La Ni\u00f1a<\/span><span class=\"c-detail__media__author \">Fuente externa<\/span><\/p>\n<\/figcaption><\/figure>\n<p class=\"paragraph\">Existe otra fase en el patr\u00f3n clim\u00e1tico ENOS, conocida como La Ni\u00f1a, cuya diferencia es la temperatura: El Ni\u00f1o es fase c\u00e1lida, mientras que La Ni\u00f1a es fase fr\u00eda.<\/p>\n<p class=\"paragraph\">Un episodio de El Ni\u00f1o puede durar hasta a\u00f1o y medio, mientras que La Ni\u00f1a hasta tres a\u00f1os.<\/p>\n<p class=\"paragraph\">Fueron los marineros y los pescadores de la regi\u00f3n los que, al constatar que una corriente c\u00e1lida provocaba una reducci\u00f3n de las capturas por lo general en fechas cercanas a Navidad, decidieron bautizar este fen\u00f3meno como El Ni\u00f1o en alusi\u00f3n al ni\u00f1o Jes\u00fas, recoge la OMM.<\/p>\n<h2 id=\"2-calienta-todo-el-planeta\" class=\"subtitle\">2. Calienta todo el planeta<br \/><\/h2>\n<figure class=\"c-detail__media \"><figcaption class=\"c-detail__media__txt\">\n<p class=\"c-detail__media__subtitle\">\n<p>        <span class=\"c-detail__media__credit \">Calor<\/span><span class=\"c-detail__media__author \">Fuente externa<\/span><\/p>\n<\/figcaption><\/figure>\n<p class=\"paragraph\">Los episodios de El Ni\u00f1o alteran los patrones de temperatura y modifican la distribuci\u00f3n de las precipitaciones en diversas regiones y, por lo general, ejercen un efecto de calentamiento del clima mundial, cuyos efectos se producen un a\u00f1o despu\u00e9s.<\/p>\n<p class=\"paragraph\">As\u00ed, el 2024 fue el a\u00f1o m\u00e1s c\u00e1lido desde que existen registros por la combinaci\u00f3n de El Ni\u00f1o de 2023\/24 y el cambio clim\u00e1tico.<\/p>\n<p class=\"paragraph\">Este a\u00f1o, uno de los valores m\u00e1s alarmantes entre los cient\u00edficos es el aumento excesivo de las temperaturas del mar incluso debajo de la superficie, donde en algunas zonas han superado la media en m\u00e1s de 8 grados.<\/p>\n<h2 id=\"3-muchas-zonas-de-accion\" class=\"subtitle\">3. Muchas zonas de acci\u00f3n<br \/><\/h2>\n<p class=\"paragraph\">El Ni\u00f1o se asocia a un aumento de las precipitaciones y las inundaciones en algunas zonas de Am\u00e9rica del Sur, \u00c1frica oriental y el sur de los Estados Unidos.<\/p>\n<p class=\"paragraph\">Y tambi\u00e9n a la sequ\u00eda en el este y el norte de Australia, Indonesia, el sur de \u00c1frica y partes del sur de Asia; as\u00ed como a una menor actividad de huracanes en el Atl\u00e1ntico.<\/p>\n<h2 id=\"4-afecta-a-la-sociedad\" class=\"subtitle\">4. Afecta a la sociedad<br \/><\/h2>\n<figure class=\"c-detail__media \"><figcaption class=\"c-detail__media__txt\">\n<p class=\"c-detail__media__subtitle\">\n<p>        <span class=\"c-detail__media__credit \">Hay una sequ\u00eda severa. AP<\/span><\/p>\n<\/figcaption><\/figure>\n<p class=\"paragraph\">Desde una perspectiva social, el impacto m\u00e1s grave es la disminuci\u00f3n de la producci\u00f3n agr\u00edcola, con lo cual las comunidades pierden su acceso a los alimentos y en el resto del mundo los precios aumentan.<\/p>\n<p class=\"paragraph\">Este a\u00f1o, en regiones de Centroam\u00e9rica la alteraci\u00f3n de las lluvias ha provocado una fuerte sequ\u00eda y escasez de agua, lo que ha sido catastr\u00f3fico para los cultivos de ma\u00edz y ha afectado a miles de familias campesinas.<\/p>\n<p class=\"paragraph\">En la India, las lluvias del monz\u00f3n (causadas por cambio estacional en direcci\u00f3n de vientos) han estado por debajo de lo normal en agosto y se espera que estas condiciones se mantengan en septiembre, lo que tambi\u00e9n tendr\u00e1 efectivos perjudiciales en la agricultura.<\/p>\n<h2 id=\"5-no-es-sinonimo-de-desastre\" class=\"subtitle\">5. No es sin\u00f3nimo de desastre<br \/><\/h2>\n<p class=\"paragraph\">La secretaria general de la OMM, Celeste Saulo, asegur\u00f3 este jueves que pese a que este El Ni\u00f1o vaya alcanzar intensidad muy fuerte, no significa que vaya a suponer una cat\u00e1strofe.<\/p>\n<p class=\"paragraph\">\u201cNo significa que exista una probabilidad del 100 % de que se produzca una inundaci\u00f3n, una sequ\u00eda o incluso una ola de calor en un pa\u00eds determinado\u201d, declar\u00f3.<\/p>\n<p class=\"paragraph\">\u201cTenemos los conocimientos y las herramientas necesarias para evitar que los peligros relacionados con El Ni\u00f1o se conviertan en una crisis\u201d, a\u00f1adi\u00f3.\u00a0<\/p>\n<div class=\"c-detail__box \">\n<article class=\"c-detail__sumario \">\n<figure class=\"c-detail__sumario__thumb\" style=\"display: block;\">\n            <a href=\"#\" title=\"\">\n                <picture data-size=\"w:140,h:140\" loading=\"lazy\" src=\"https:\/\/imagenes.hoy.com.do\/files\/related_image\/files\/fp\/uploads\/2026\/05\/14\/6a064a20ec876.r_d.1089-319.png\" data-full-src=\"https:\/\/imagenes.hoy.com.do\/uploads\/2026\/05\/14\/6a064a20ec876.png\">\n                    <img loading=\"lazy\" decoding=\"async\" width=\"140\" height=\"140\" alt=\"La temperaturas est\u00e1n aumentando.\" src=\"https:\/\/imagenes.hoy.com.do\/uploads\/2026\/05\/14\/6a064a20ec876.png\"\/>\n                <\/picture>\n            <\/a><br \/>\n        <\/figure>\n<\/article>\n<\/div><\/div>\n","protected":false},"excerpt":{"rendered":"Redacci\u00f3n Medioambiente. En los pr\u00f3ximos meses, el fen\u00f3meno meteorol\u00f3gico conocido como El&hellip;\n","protected":false},"author":1,"featured_media":67134,"comment_status":"open","ping_status":"open","sticky":false,"template":"","format":"standard","meta":{"footnotes":""},"categories":[3],"tags":[],"class_list":["post-67133","post","type-post","status-publish","format-standard","has-post-thumbnail","category-internacionales"],"_links":{"self":[{"href":"https:\/\/acronoticias.com\/index.php\/wp-json\/wp\/v2\/posts\/67133","targetHints":{"allow":["GET"]}}],"collection":[{"href":"https:\/\/acronoticias.com\/index.php\/wp-json\/wp\/v2\/posts"}],"about":[{"href":"https:\/\/acronoticias.com\/index.php\/wp-json\/wp\/v2\/types\/post"}],"author":[{"embeddable":true,"href":"https:\/\/acronoticias.com\/index.php\/wp-json\/wp\/v2\/users\/1"}],"replies":[{"embeddable":true,"href":"https:\/\/acronoticias.com\/index.php\/wp-json\/wp\/v2\/comments?post=67133"}],"version-history":[{"count":0,"href":"https:\/\/acronoticias.com\/index.php\/wp-json\/wp\/v2\/posts\/67133\/revisions"}],"wp:featuredmedia":[{"embeddable":true,"href":"https:\/\/acronoticias.com\/index.php\/wp-json\/wp\/v2\/media\/67134"}],"wp:attachment":[{"href":"https:\/\/acronoticias.com\/index.php\/wp-json\/wp\/v2\/media?parent=67133"}],"wp:term":[{"taxonomy":"category","embeddable":true,"href":"https:\/\/acronoticias.com\/index.php\/wp-json\/wp\/v2\/categories?post=67133"},{"taxonomy":"post_tag","embeddable":true,"href":"https:\/\/acronoticias.com\/index.php\/wp-json\/wp\/v2\/tags?post=67133"}],"curies":[{"name":"wp","href":"https:\/\/api.w.org\/{rel}","templated":true}]}}